{"id":118489,"date":"2025-12-20T21:16:12","date_gmt":"2025-12-20T21:16:12","guid":{"rendered":"https:\/\/www.europesays.com\/no\/118489\/"},"modified":"2025-12-20T21:16:12","modified_gmt":"2025-12-20T21:16:12","slug":"ma-bruke-gulrot-i-stedet-for-pisk-e24","status":"publish","type":"post","link":"https:\/\/www.europesays.com\/no\/118489\/","title":{"rendered":"\u2013 M\u00e5 bruke gulrot i stedet for pisk \u2013 E24"},"content":{"rendered":"<p class=\"fullWidthDesktop hyperion-css-71ztg2\" data-test-tag=\"lead-text\">Dagens st\u00f8tteordninger er for kompliserte, mener gr\u00fcnder.<\/p>\n<p><img decoding=\"async\" class=\"image-asset hyperion-css-19i7upq\" data-test-tag=\"image-asset\" src=\"https:\/\/www.europesays.com\/no\/wp-content\/uploads\/2025\/12\/9319dd13-85f8-4fa7-83b0-901d7855fc1a\"  alt=\"\"  loading=\"eager\" fetchpriority=\"high\" style=\"aspect-ratio:960 \/ 640\"\/> Foto: SolcellespesialistenPublisert: Publisert: <\/p>\n<p>For mindre enn 30 minutter siden<\/p>\n<ul class=\"hyperion-css-pte5x0\">\n<li aria-label=\"link\" class=\"narrow-button hyperion-css-1sz7d3n\">Kopier lenke<\/li>\n<li aria-label=\"link\" class=\"wide-button hyperion-css-1sz7d3n\">Kopier lenke<\/li>\n<li aria-label=\"facebook\" class=\"narrow-button hyperion-css-1sz7d3n\">Del p\u00e5 Facebook<\/li>\n<li aria-label=\"facebook\" class=\"wide-button hyperion-css-1sz7d3n\">Del p\u00e5 Facebook<\/li>\n<li aria-label=\"email\" class=\"narrow-button hyperion-css-1sz7d3n\">Del med e-post<\/li>\n<li aria-label=\"email\" class=\"wide-button hyperion-css-1sz7d3n\">Del med e-post<\/li>\n<\/ul>\n<p class=\"hyperion-css-1lemvax\">I november m\u00e5tte Skyfri Technologies <a data-test-tag=\"internal-link\" href=\"https:\/\/e24.no\/norsk-oekonomi\/i\/k0WjQv\/konkurs-etter-norgespris-det-har-vaert-beintoeft\" class=\"hyperion-css-1rezu2g\" rel=\"nofollow noopener\" target=\"\" aria-label=\"melde oppbud\">melde oppbud<\/a> etter manglende ettersp\u00f8rsel i det norske markedet.<\/p>\n<p class=\"hyperion-css-1lemvax\">Gr\u00fcnder og tidligere styremedlem i Skyfri Technologies Murshid Ali mener regjeringen har valgt feil virkemidler i det gr\u00f8nne skiftet.<\/p>\n<p class=\"hyperion-css-1lemvax\">\u2013 Jeg tror at hvis vi skal v\u00e6re seri\u00f8se rundt det gr\u00f8nne skiftet, s\u00e5 m\u00e5 man bruke gulrot i stedet for pisk.<\/p>\n<p>\u2013 Billigere str\u00f8m<\/p>\n<p class=\"hyperion-css-1lemvax\">Ali sammenligner situasjonen med elbilsatsingen, som han mener var vellykket.<\/p>\n<p class=\"hyperion-css-1lemvax\">\u2013 Istedenfor \u00e5 bruke NorgesprisNorgesprisEn statlig str\u00f8mst\u00f8tteordning som gir privatpersoner en fastpris p\u00e5 40 \u00f8re\/kWh (f\u00f8r p\u00e5slag, avgifter og nettleie), burde man ha lagt seg p\u00e5 samme linje som elbilpolitikken. Norge har den st\u00f8rste elbiladopsjonsraten i hele verden, og det er takket v\u00e6re subsidier som har blitt gitt som gj\u00f8r det gunstig \u00e5 kj\u00f8pe elbil versus bensinbil.<\/p>\n<p><img decoding=\"async\" class=\"image-asset hyperion-css-1l5g5sp\" data-test-tag=\"image-asset\" src=\"https:\/\/www.europesays.com\/no\/wp-content\/uploads\/2025\/12\/5f1f76d7-c154-4210-9a7a-71c638721d39\"  alt=\"GR\u00dcNDER: Murshid Ali mener dagens st\u00f8tteordninger for gr\u00f8nn energi er for kompliserte. \"  loading=\"eager\" fetchpriority=\"high\" style=\"aspect-ratio:670 \/ 476\"\/>GR\u00dcNDER: Murshid Ali mener dagens st\u00f8tteordninger for gr\u00f8nn energi er for kompliserte. Foto: Julie Hrncirova<\/p>\n<p class=\"hyperion-css-1lemvax\">Han mener Norgespris har hatt motsatt effekt og at mindre gr\u00f8nne l\u00f8sninger n\u00e5 i praksis blir subsidiert.<\/p>\n<p class=\"hyperion-css-1lemvax\">\u2013 Hvis man i stedet hadde sagt: \u00abHei, hvis du bygger solceller p\u00e5 taket ditt, s\u00e5 gir vi deg subsidier for det\u00bb, da ville det v\u00e6rt en vinn-vinn-situasjon.<\/p>\n<p class=\"hyperion-css-1lemvax\">\u2013 Du f\u00e5r billigere str\u00f8m, du f\u00e5r gr\u00f8nn str\u00f8m, det er bra for AS Norge, det er bra for innovasjon og det er bra for norske bedrifter, sier Ali.<\/p>\n<p>Enova for komplisert<\/p>\n<p class=\"hyperion-css-1lemvax\">I Norge kan du f\u00e5 st\u00f8tte fra Enova p\u00e5 inntil 100.000 kroner100.000 kronerTilskuddsbel\u00f8p beregnes som 25 prosent av godkjente fakturerte kostnader, oppad begrenset til 2.500 kroner per kW installert effekt i solcelleanlegget. per bolig for \u00e5 installere solceller.<\/p>\n<p class=\"hyperion-css-1lemvax\">Gr\u00fcnderen mener st\u00f8tte fra Enova til installasjon av solceller er for komplisert til at mange nok ville ha benyttet seg av \u00f8kt st\u00f8tte.<\/p>\n<p class=\"hyperion-css-1lemvax\">\u2013 Se for deg at hver gang du skulle kj\u00f8pe en elbil, m\u00e5tte du gjennom en s\u00f8knadsprosess og s\u00f8ke om penger for \u00e5 f\u00e5 rabatten. Det ville gjort terskelen h\u00f8yere.<\/p>\n<p class=\"hyperion-css-1lemvax\">Ali mener det hadde v\u00e6rt bedre om ordningen var lagt opp slik at kunden automatisk fikk rabatten.<\/p>\n<p class=\"hyperion-css-1lemvax\">\u2013 Da kunne forbrukeren enkelt velge det som er best b\u00e5de for milj\u00f8et og for landet.<\/p>\n<p><a data-test-tag=\"teaser-small:link-internal\" href=\"https:\/\/e24.no\/energi-og-klima\/i\/nyb6oB\/smell-for-private-solceller-mye-uro\" class=\"imagePosition-top inline hyperion-css-6238vu\" rel=\"nofollow noopener\" target=\"\" aria-label=\"Smell for private solceller: \u2013 Mye uro\"><\/p>\n<p>Les ogs\u00e5<\/p>\n<p>Smell for private solceller: \u2013 Mye uro<\/p>\n<p><\/a>Norgespris for solceller<\/p>\n<p class=\"hyperion-css-1lemvax\">Skyfri Technologies er ikke det eneste solcelleselskapet som har v\u00e6rt i tr\u00f8bbel den siste tiden. Nylig gikk ogs\u00e5 Norges st\u00f8rste leverand\u00f8r av solceller, Solcellespesialisten, konkurs, etter \u00e5 ha advart mot effekten av Norgespris <a data-test-tag=\"internal-link\" href=\"https:\/\/e24.no\/energi-og-klima\/i\/bmwnn3\/solcelleutbygger-om-norgespris-spikeren-i-kista\" class=\"hyperion-css-1rezu2g\" rel=\"nofollow noopener\" target=\"\" aria-label=\"i lang tid\">i lang tid<\/a>.<\/p>\n<p class=\"hyperion-css-1lemvax\">Her ble konkursboet <a data-test-tag=\"internal-link\" href=\"https:\/\/e24.no\/naeringsliv\/i\/d4dQoo\/solcellespesialisten-fjordkraft-eier-og-grunderne-kjoeper-konkursboet\" class=\"hyperion-css-1rezu2g\" rel=\"nofollow noopener\" target=\"\" aria-label=\"kj\u00f8pt opp av Fjordkraft og gr\u00fcnderne\">kj\u00f8pt opp av Fjordkraft og gr\u00fcnderne<\/a> denne uken.<\/p>\n<p class=\"hyperion-css-1lemvax\">Da statsbudsjettet ble landet tidligere denne m\u00e5neden, fikk venstresidepartiene inn et punkt om \u00e5 utrede Norgespris p\u00e5 solkraft.<\/p>\n<p class=\"hyperion-css-1lemvax\">Det vil i s\u00e5 fall kunne garantere en minstepris for str\u00f8m solgt fra solceller p\u00e5 private hustak. Grepet skal gj\u00f8re det mer l\u00f8nnsomt \u00e5 investere i solenergi.<\/p>\n<p>\u2013 Startet lenge f\u00f8r Norgespris<\/p>\n<p class=\"hyperion-css-1lemvax\">Tor Reier Lilleholt, analytiker i Volue Insight, mener man ikke m\u00e5 overdrive betydningen av Norgespris for problemene i bransjen.<\/p>\n<p class=\"hyperion-css-1lemvax\">\u2013 Jeg mener at denne utfordringen startet lenge f\u00f8r Norgespris, sa Lilleholt til E24 nylig.<\/p>\n<p class=\"hyperion-css-1lemvax\">Han forklarer at bransjen hadde en opptur i 2022 som f\u00f8lge av krigen i Ukraina, men at situasjonen har endret seg dramatisk siden da.<\/p>\n<p class=\"hyperion-css-1lemvax\">\u2013 Da fikk vi et kraftig l\u00f8ft i investeringene i solceller. Siden den gang har b\u00e5de det kontinentale markedet \u2013 s\u00e6rlig i land som Tyskland og Nederland \u2013 hatt en betydelig utbygging av fornybar energi.<\/p>\n<p class=\"hyperion-css-1lemvax\">I fjor <a data-test-tag=\"internal-link\" href=\"https:\/\/e24.no\/energi-og-klima\/i\/nyb6oB\/smell-for-private-solceller-mye-uro\" class=\"hyperion-css-1rezu2g\" rel=\"nofollow noopener\" target=\"\" aria-label=\"falt ettersp\u00f8rselen kraftig, i takt med at str\u00f8mprisene dempet seg\">falt ettersp\u00f8rselen kraftig, i takt med at str\u00f8mprisene dempet seg<\/a>. Lilleholt peker p\u00e5 at endringer i gassmarkedet ogs\u00e5 har bidratt til lavere priser.<\/p>\n<p class=\"hyperion-css-1lemvax\">\u2013 Det er hovedgrunnen til at man i dag f\u00e5r lavere betalt for de solcellene man har.<\/p>\n<p class=\"hyperion-css-1lemvax\"><strong>Ogs\u00e5 energiminister Terje Aasland har pekt p\u00e5 at utfordringene i solcellemarkedet ikke startet med Norgespris:<\/strong><\/p>\n<p><a data-test-tag=\"teaser-small:link-internal\" href=\"https:\/\/e24.no\/energi-og-klima\/i\/bOKJwe\/konkursboelge-norgespris-er-definitivt-en-del-av-problemet\" class=\"imagePosition-top inline hyperion-css-6238vu\" rel=\"nofollow noopener\" target=\"\" aria-label=\"Konkursb\u00f8lge: \u2013 Norgespris er definitivt en del av problemet\"><\/p>\n<p>Les ogs\u00e5<\/p>\n<p>Konkursb\u00f8lge: \u2013 Norgespris er definitivt en del av problemet<\/p>\n<p><\/a><\/p>\n","protected":false},"excerpt":{"rendered":"Dagens st\u00f8tteordninger er for kompliserte, mener gr\u00fcnder. Foto: SolcellespesialistenPublisert: Publisert: For mindre enn 30 minutter siden Kopier lenke&hellip;\n","protected":false},"author":2,"featured_media":118490,"comment_status":"","ping_status":"","sticky":false,"template":"","format":"standard","meta":{"footnotes":""},"categories":[10],"tags":[20,21,24,25,15,22,23,13,30,28,29,14,16,26,27],"class_list":{"0":"post-118489","1":"post","2":"type-post","3":"status-publish","4":"format-standard","5":"has-post-thumbnail","7":"category-norge","8":"tag-breaking-news","9":"tag-breakingnews","10":"tag-featured-news","11":"tag-featurednews","12":"tag-headlines","13":"tag-latest-news","14":"tag-latestnews","15":"tag-news","16":"tag-no","17":"tag-norge","18":"tag-norway","19":"tag-nyheter","20":"tag-overskrifter","21":"tag-top-stories","22":"tag-topstories"},"share_on_mastodon":{"url":"https:\/\/pubeurope.com\/@no\/115753975019112345","error":""},"_links":{"self":[{"href":"https:\/\/www.europesays.com\/no\/wp-json\/wp\/v2\/posts\/118489","targetHints":{"allow":["GET"]}}],"collection":[{"href":"https:\/\/www.europesays.com\/no\/wp-json\/wp\/v2\/posts"}],"about":[{"href":"https:\/\/www.europesays.com\/no\/wp-json\/wp\/v2\/types\/post"}],"author":[{"embeddable":true,"href":"https:\/\/www.europesays.com\/no\/wp-json\/wp\/v2\/users\/2"}],"replies":[{"embeddable":true,"href":"https:\/\/www.europesays.com\/no\/wp-json\/wp\/v2\/comments?post=118489"}],"version-history":[{"count":0,"href":"https:\/\/www.europesays.com\/no\/wp-json\/wp\/v2\/posts\/118489\/revisions"}],"wp:featuredmedia":[{"embeddable":true,"href":"https:\/\/www.europesays.com\/no\/wp-json\/wp\/v2\/media\/118490"}],"wp:attachment":[{"href":"https:\/\/www.europesays.com\/no\/wp-json\/wp\/v2\/media?parent=118489"}],"wp:term":[{"taxonomy":"category","embeddable":true,"href":"https:\/\/www.europesays.com\/no\/wp-json\/wp\/v2\/categories?post=118489"},{"taxonomy":"post_tag","embeddable":true,"href":"https:\/\/www.europesays.com\/no\/wp-json\/wp\/v2\/tags?post=118489"}],"curies":[{"name":"wp","href":"https:\/\/api.w.org\/{rel}","templated":true}]}}