{"id":118491,"date":"2025-12-20T21:17:12","date_gmt":"2025-12-20T21:17:12","guid":{"rendered":"https:\/\/www.europesays.com\/no\/118491\/"},"modified":"2025-12-20T21:17:12","modified_gmt":"2025-12-20T21:17:12","slug":"e39-veg-bratt-vart-det-glatt-pa-e39-no-har-det-roa-seg","status":"publish","type":"post","link":"https:\/\/www.europesays.com\/no\/118491\/","title":{"rendered":"E39, Veg | Br\u00e5tt vart det glatt p\u00e5 E39 \u2013 no har det roa seg"},"content":{"rendered":"\n<p>\u2013 Det har ikkje kome nye meldingar om E39 i kveld, seier Leif Helge Fjellro, trafikkoperat\u00f8r p\u00e5 Vegtrafikksentralen.<\/p>\n<p>Rundt kl. 16 var det tre trafikkulukker p\u00e5 strekninga Langeland-Bekkjevatnet. Etter salting har det ikkje vore fleire hendingar.<\/p>\n<p>\u2013 Den einaste nye meldinga vi har f\u00e5tt i kveld er at det er har vore tidvis glatt p\u00e5 Rv. 5 i Sogndalsdalen. Den kom rundt 18.30, elles har det vore stille og roleg.<\/p>\n<p>  <a href=\"https:\/\/www.firda.no\/5-15-1993103\" class=\"related-teaser has-image default-story-teaser article--c-eRUmMG article--c-eRUmMG-jKCPdD-design-default\" rel=\"nofollow noopener\" target=\"_blank\"><\/p>\n<p>    <img decoding=\"async\" loading=\"lazy\"  src=\"https:\/\/www.europesays.com\/no\/wp-content\/uploads\/2025\/12\/kollasje+ulykke.jpg\" alt=\"\" class=\"brick-c-cFOWSL\" style=\"\"\/><\/p>\n<p>\n            Les ogs\u00e5<\/p>\n<p>              \u2013 Situasjonen har vore uoversiktleg\n        <\/p>\n<p>  <\/a><br \/>\n  Greie forhold p\u00e5 fjellovergangane<\/p>\n<p>Aurlandsfjellet og Sognefjellet er vinterstengd, elles er fjellovergangane mellom aust og vest opne og det er meldt om greie tilh\u00f8ve.<\/p>\n<p>\u2013 Einaste vegmeldinga vi har er at det er kan vere glatte parti p\u00e5 Rv. 52 Hemsedal. Entrepren\u00f8r har str\u00f8dd med sand, men dei \u00e5tvarar om at det kan vere somme stader glatt.<\/p>\n<p>Det kan bli glatt ut over kvelden<\/p>\n<p>Vegtrafikksentralen gir ut ei generell oppmoding om at ein alltid m\u00e5 tilpasse seg forholda. Det er meldt at v\u00earet skal klarne opp, og bli kaldare. Det kan gi utfordringar det neste halve d\u00f8gnet.<\/p>\n<p>\u2013 Temperaturen g\u00e5r ned, det skal bli stjerneklart og temperaturen vil ligge i eit skummelt sjikte. D\u00e5 kan det br\u00e5tt fryse til.<\/p>\n<p>Det kan bli lokale variasjonar, men Fjellro gir ei generell oppmoding til bilistane om \u00e5 ta omsyn til forholda.<\/p>\n<p>\u2013 Det kan bli glatte parti p\u00e5 vegane. Ein m\u00e5 f\u00f8lgje med p\u00e5 tilh\u00f8va der ein ferdast.<\/p>\n<p>  <a href=\"https:\/\/www.firda.no\/5-15-1993097\" class=\"related-teaser default-story-teaser article--c-eRUmMG article--c-eRUmMG-jKCPdD-design-default article--c-eRUmMG-kpKLOW-cv\" rel=\"nofollow noopener\" target=\"_blank\"><\/p>\n<p>\n            Les ogs\u00e5<\/p>\n<p>              Ny ulykke p\u00e5 E39\n        <\/p>\n<p>  <\/a><\/p>\n<p>  <a href=\"https:\/\/www.firda.no\/5-15-1993072\" class=\"related-teaser has-image default-story-teaser article--c-eRUmMG article--c-eRUmMG-jKCPdD-design-default\" rel=\"nofollow noopener\" target=\"_blank\"><\/p>\n<p>    <img decoding=\"async\" loading=\"lazy\"  src=\"https:\/\/www.europesays.com\/no\/wp-content\/uploads\/2025\/12\/1766265432_599_blurr2.jpg\" alt=\"\" class=\"brick-c-cFOWSL\" style=\"\"\/><\/p>\n<p>\n            Les ogs\u00e5<\/p>\n<p>              Sv\u00e6rt glatt p\u00e5 E39 \u2013 \u00e9in bil har k\u00f8yrt av vegen\n        <\/p>\n<p>  <\/a><\/p>\n","protected":false},"excerpt":{"rendered":"\u2013 Det har ikkje kome nye meldingar om E39 i kveld, seier Leif Helge Fjellro, trafikkoperat\u00f8r p\u00e5 Vegtrafikksentralen.&hellip;\n","protected":false},"author":2,"featured_media":231,"comment_status":"","ping_status":"","sticky":false,"template":"","format":"standard","meta":{"footnotes":""},"categories":[5],"tags":[36,20,21,2298,24,25,15,19,22,23,17,18,13,30,28,29,14,16,1510,1466,26,27,224,8402],"class_list":{"0":"post-118491","1":"post","2":"type-post","3":"status-publish","4":"format-standard","5":"has-post-thumbnail","7":"category-overskrifter","8":"tag-art","9":"tag-breaking-news","10":"tag-breakingnews","11":"tag-e39","12":"tag-featured-news","13":"tag-featurednews","14":"tag-headlines","15":"tag-hovedoppslag","16":"tag-latest-news","17":"tag-latestnews","18":"tag-main-news","19":"tag-mainnews","20":"tag-news","21":"tag-no","22":"tag-norge","23":"tag-norway","24":"tag-nyheter","25":"tag-overskrifter","26":"tag-story","27":"tag-sunnfjord","28":"tag-top-stories","29":"tag-topstories","30":"tag-trafikk","31":"tag-veg"},"share_on_mastodon":{"url":"https:\/\/pubeurope.com\/@no\/115753978717218853","error":""},"_links":{"self":[{"href":"https:\/\/www.europesays.com\/no\/wp-json\/wp\/v2\/posts\/118491","targetHints":{"allow":["GET"]}}],"collection":[{"href":"https:\/\/www.europesays.com\/no\/wp-json\/wp\/v2\/posts"}],"about":[{"href":"https:\/\/www.europesays.com\/no\/wp-json\/wp\/v2\/types\/post"}],"author":[{"embeddable":true,"href":"https:\/\/www.europesays.com\/no\/wp-json\/wp\/v2\/users\/2"}],"replies":[{"embeddable":true,"href":"https:\/\/www.europesays.com\/no\/wp-json\/wp\/v2\/comments?post=118491"}],"version-history":[{"count":0,"href":"https:\/\/www.europesays.com\/no\/wp-json\/wp\/v2\/posts\/118491\/revisions"}],"wp:featuredmedia":[{"embeddable":true,"href":"https:\/\/www.europesays.com\/no\/wp-json\/wp\/v2\/media\/231"}],"wp:attachment":[{"href":"https:\/\/www.europesays.com\/no\/wp-json\/wp\/v2\/media?parent=118491"}],"wp:term":[{"taxonomy":"category","embeddable":true,"href":"https:\/\/www.europesays.com\/no\/wp-json\/wp\/v2\/categories?post=118491"},{"taxonomy":"post_tag","embeddable":true,"href":"https:\/\/www.europesays.com\/no\/wp-json\/wp\/v2\/tags?post=118491"}],"curies":[{"name":"wp","href":"https:\/\/api.w.org\/{rel}","templated":true}]}}