{"id":118492,"date":"2025-12-20T21:23:11","date_gmt":"2025-12-20T21:23:11","guid":{"rendered":"https:\/\/www.europesays.com\/no\/118492\/"},"modified":"2025-12-20T21:23:11","modified_gmt":"2025-12-20T21:23:11","slug":"dei-delte-ut-julestjerner-pa-direkten-desse-fekk","status":"publish","type":"post","link":"https:\/\/www.europesays.com\/no\/118492\/","title":{"rendered":"Dei delte ut julestjerner p\u00e5 direkten. Desse fekk"},"content":{"rendered":"<p data-testid=\"textWithMarkup-text\" data-v-81d7dc2b=\"\" data-v-62d58f52=\"\">Desse fekk julestjerner i \u00e5r: <\/p>\n<p>Stryn<\/p>\n<p data-testid=\"textWithMarkup-text\" data-v-81d7dc2b=\"\" data-v-62d58f52=\"\">Milj\u00f8koordinatorar ved Stryn vidareg\u00e5ande skule som skapar inkluderande aktivitetar og legg til rette for samhald og positivitet i skulekvardagen til nesten 300 elevar ved skulen gjennom heile \u00e5ret.<\/p>\n<p data-testid=\"textWithMarkup-text\" data-v-81d7dc2b=\"\" data-v-62d58f52=\"\">Har i mange \u00e5r spreidd glede til folket, og gitt st\u00f8tte til lag og organisasjonar i heile kommunen v\u00e5r. Klubben st\u00e5r ansvarlege og tenner lys i julegrana ved Stryn Omsorgssenter.<\/p>\n<p data-testid=\"textWithMarkup-text\" data-v-81d7dc2b=\"\" data-v-62d58f52=\"\">Fantastisk innsats med musikalen Mamma Mia \u00abThe party\u00bb. Jentene er no i gang med ein ny musikal, ein oppf\u00f8lgar som har f\u00e5tt namnet \u00abMamma Mia -Gimme one more party\u00bb<\/p>\n<p data-testid=\"textWithMarkup-text\" data-v-81d7dc2b=\"\" data-v-62d58f52=\"\">Engasjert ungdom som har skipa r\u00f8de kors for ungdom i Stryn.<\/p>\n<p data-testid=\"textWithMarkup-text\" data-v-81d7dc2b=\"\" data-v-62d58f52=\"\">Ei varm g\u00e5ve fr\u00e5 initiativtakarane bak \u00abJulevarme 2025\u00bb. Ein fantastisk dag fylt med konsertar der ulike artistar og fleire musikalske ungdomstalent fr\u00e5 bygd v\u00e5r spreidde varme og vakre tonar og ei fin f\u00f8rjulsstemning.<\/p>\n<p>Hornindal<\/p>\n<p data-testid=\"textWithMarkup-text\" data-v-81d7dc2b=\"\" data-v-62d58f52=\"\">Andreas, busett i Kj\u00f8s, er ein s\u00e6rs aktiv pensjonist og aktiv dugnadsmann, s\u00e6rleg i Stryn R\u00f8de Kors redning, Hornindal og Markane Skyttarlag og som l\u00f8ypek\u00f8yrar i Hornindal skisenter.<\/p>\n<p data-testid=\"textWithMarkup-text\" data-v-81d7dc2b=\"\" data-v-62d58f52=\"\">Per \u00d8en er pensjonist og sauebonde inst i Kj\u00f8sapollen. Tidlegare jobba han i Hornindal Kraftlag og Tussa som formann p\u00e5 linjenettet. Aktiv volleyballspelar til langt opp i alder og aktiv i mykje dugnadsarbeid p\u00e5 ulike felt.<\/p>\n<p data-testid=\"textWithMarkup-text\" data-v-81d7dc2b=\"\" data-v-62d58f52=\"\">Saman tok desse to karane initiativ til \u00e5 sette i stand det gamle forsamlingshuset Markahall i Kj\u00f8s. Dette har vorte ein m\u00f8teplass og eit lokale som etter m\u00e5ten er mykje i bruk. <\/p>\n<p data-testid=\"textWithMarkup-text\" data-v-81d7dc2b=\"\" data-v-62d58f52=\"\">Sturla er kontaktperson og ein av initiativtakarane bak foreininga. Sturla er \u00abbrannmann\u00bb i Hornindal og aktiv i ulikt dugnadsarbeid saman med gjengen som \u00abbrenn\u00bb for beredskap og tryggleik. Dei har samla inn pengar og kj\u00f8pt inn beredskapsb\u00e5t og sparar no til \u00e5 kj\u00f8pe inn ATV: Dei har i tillegg kj\u00f8pt Bj\u00f8rnis og bidrar med formidling av branntryggleik til born og unge.<\/p>\n<p data-testid=\"textWithMarkup-text\" data-v-81d7dc2b=\"\" data-v-62d58f52=\"\">Pensjonert l\u00e6rar, s\u00e6rs aktiv dugnadsarbeidar, b\u00e5de inn fotball, friidrett og trim i alle \u00e5r. Fast speaker p\u00e5 ulike arrangement p\u00e5 Hornindal stadion. Driv no trimgruppe for vaksne damer, eit tilbod som er s\u00e6rs omtykt og viktig for denne gruppa.<\/p>\n<p data-testid=\"textWithMarkup-text\" data-v-81d7dc2b=\"\" data-v-62d58f52=\"\">Aktiv pensjonist som kom flyttande til bygda fr\u00e5 Sogn for nokre \u00e5r sidan. Tok raskt del i bygda sitt rike musikkliv og deltek med spel, song og dans p\u00e5 ulike samkome. Er aktiv i Karatreffen, og reiser rundt og underheld p\u00e5 omsorgssenter i Volda og Stryn.<\/p>\n","protected":false},"excerpt":{"rendered":"Desse fekk julestjerner i \u00e5r: Stryn Milj\u00f8koordinatorar ved Stryn vidareg\u00e5ande skule som skapar inkluderande aktivitetar og legg til&hellip;\n","protected":false},"author":2,"featured_media":118493,"comment_status":"","ping_status":"","sticky":false,"template":"","format":"standard","meta":{"footnotes":""},"categories":[10],"tags":[20,21,24,25,15,22,23,13,30,28,29,14,16,26,27],"class_list":{"0":"post-118492","1":"post","2":"type-post","3":"status-publish","4":"format-standard","5":"has-post-thumbnail","7":"category-norge","8":"tag-breaking-news","9":"tag-breakingnews","10":"tag-featured-news","11":"tag-featurednews","12":"tag-headlines","13":"tag-latest-news","14":"tag-latestnews","15":"tag-news","16":"tag-no","17":"tag-norge","18":"tag-norway","19":"tag-nyheter","20":"tag-overskrifter","21":"tag-top-stories","22":"tag-topstories"},"share_on_mastodon":{"url":"https:\/\/pubeurope.com\/@no\/115754002197412777","error":""},"_links":{"self":[{"href":"https:\/\/www.europesays.com\/no\/wp-json\/wp\/v2\/posts\/118492","targetHints":{"allow":["GET"]}}],"collection":[{"href":"https:\/\/www.europesays.com\/no\/wp-json\/wp\/v2\/posts"}],"about":[{"href":"https:\/\/www.europesays.com\/no\/wp-json\/wp\/v2\/types\/post"}],"author":[{"embeddable":true,"href":"https:\/\/www.europesays.com\/no\/wp-json\/wp\/v2\/users\/2"}],"replies":[{"embeddable":true,"href":"https:\/\/www.europesays.com\/no\/wp-json\/wp\/v2\/comments?post=118492"}],"version-history":[{"count":0,"href":"https:\/\/www.europesays.com\/no\/wp-json\/wp\/v2\/posts\/118492\/revisions"}],"wp:featuredmedia":[{"embeddable":true,"href":"https:\/\/www.europesays.com\/no\/wp-json\/wp\/v2\/media\/118493"}],"wp:attachment":[{"href":"https:\/\/www.europesays.com\/no\/wp-json\/wp\/v2\/media?parent=118492"}],"wp:term":[{"taxonomy":"category","embeddable":true,"href":"https:\/\/www.europesays.com\/no\/wp-json\/wp\/v2\/categories?post=118492"},{"taxonomy":"post_tag","embeddable":true,"href":"https:\/\/www.europesays.com\/no\/wp-json\/wp\/v2\/tags?post=118492"}],"curies":[{"name":"wp","href":"https:\/\/api.w.org\/{rel}","templated":true}]}}