{"id":118494,"date":"2025-12-20T21:25:47","date_gmt":"2025-12-20T21:25:47","guid":{"rendered":"https:\/\/www.europesays.com\/no\/118494\/"},"modified":"2025-12-20T21:25:47","modified_gmt":"2025-12-20T21:25:47","slug":"futsalfesten-er-i-gang-ht-no","status":"publish","type":"post","link":"https:\/\/www.europesays.com\/no\/118494\/","title":{"rendered":"Futsal\u00adfesten er i gang &#8211; ht.no"},"content":{"rendered":"<p>Julecupen i futsal er i gang i Sk\u00e5nlandhallen. Den tradisjonsrike turneringen i regi av av Sk\u00e5nland futsal og Marka BK ble sparket i gang fredag ettermiddag.<\/p>\n<p>P\u00e5 galleriet over banen satt publikum tett i tett for \u00e5 f\u00f8lge \u00e5pningskampen mellom Marka og Fespespe-ll. \u00c5rets f\u00f8rste m\u00e5lsk\u00e5rer ble ringreven Arild Heitmann, som gjorde fire av m\u00e5lene i 9\u20130-seieren for vertslaget.<\/p>\n<p>Hele 26 lag er p\u00e5meldt \u2013 det n\u00e6rmeste arrang\u00f8ren har v\u00e6rt rekorden p\u00e5 28 lag fra 2019. Turneringen har v\u00e6rt arrangert i Sk\u00e5nlandhallen fra og med 2012, og var tidligere i Bjerkvik.<\/p>\n<p>Denne gang er det ogs\u00e5 to fulle puljer for kvinner, til sammen \u00e5tte lag. F\u00f8rst ut blant jentene var Amalies Jul Fc og kamp mot 2 Fine 2 B First. F\u00f8rstnevnte vant 5\u20132. Ida Nylund markerte seg med tre sk\u00e5ringer.<\/p>\n<p>Turneringen spilles fredag fram til klokka n\u00e6rmer seg midnatt. L\u00f8rdag avsluttes innledende runde f\u00f8r det blir sluttspill og finaler p\u00e5 ettermiddagen.<\/p>\n","protected":false},"excerpt":{"rendered":"Julecupen i futsal er i gang i Sk\u00e5nlandhallen. Den tradisjonsrike turneringen i regi av av Sk\u00e5nland futsal og&hellip;\n","protected":false},"author":2,"featured_media":118495,"comment_status":"","ping_status":"","sticky":false,"template":"","format":"standard","meta":{"footnotes":""},"categories":[59],"tags":[8688,30,28,29,14209,83,82,4353],"class_list":{"0":"post-118494","1":"post","2":"type-post","3":"status-publish","4":"format-standard","5":"has-post-thumbnail","7":"category-sport","8":"tag-futsal","9":"tag-no","10":"tag-norge","11":"tag-norway","12":"tag-skanland","13":"tag-sport","14":"tag-sports","15":"tag-tjeldsund"},"share_on_mastodon":{"url":"https:\/\/pubeurope.com\/@no\/115754013956188635","error":""},"_links":{"self":[{"href":"https:\/\/www.europesays.com\/no\/wp-json\/wp\/v2\/posts\/118494","targetHints":{"allow":["GET"]}}],"collection":[{"href":"https:\/\/www.europesays.com\/no\/wp-json\/wp\/v2\/posts"}],"about":[{"href":"https:\/\/www.europesays.com\/no\/wp-json\/wp\/v2\/types\/post"}],"author":[{"embeddable":true,"href":"https:\/\/www.europesays.com\/no\/wp-json\/wp\/v2\/users\/2"}],"replies":[{"embeddable":true,"href":"https:\/\/www.europesays.com\/no\/wp-json\/wp\/v2\/comments?post=118494"}],"version-history":[{"count":0,"href":"https:\/\/www.europesays.com\/no\/wp-json\/wp\/v2\/posts\/118494\/revisions"}],"wp:featuredmedia":[{"embeddable":true,"href":"https:\/\/www.europesays.com\/no\/wp-json\/wp\/v2\/media\/118495"}],"wp:attachment":[{"href":"https:\/\/www.europesays.com\/no\/wp-json\/wp\/v2\/media?parent=118494"}],"wp:term":[{"taxonomy":"category","embeddable":true,"href":"https:\/\/www.europesays.com\/no\/wp-json\/wp\/v2\/categories?post=118494"},{"taxonomy":"post_tag","embeddable":true,"href":"https:\/\/www.europesays.com\/no\/wp-json\/wp\/v2\/tags?post=118494"}],"curies":[{"name":"wp","href":"https:\/\/api.w.org\/{rel}","templated":true}]}}