{"id":118496,"date":"2025-12-20T21:33:14","date_gmt":"2025-12-20T21:33:14","guid":{"rendered":"https:\/\/www.europesays.com\/no\/118496\/"},"modified":"2025-12-20T21:33:14","modified_gmt":"2025-12-20T21:33:14","slug":"carina-dahl-letter-pa-sloret-om-ryktene-med-viggo-venn","status":"publish","type":"post","link":"https:\/\/www.europesays.com\/no\/118496\/","title":{"rendered":"Carina Dahl letter p\u00e5 sl\u00f8ret om ryktene med Viggo Venn"},"content":{"rendered":"<p class=\"kicker \" style=\"\">\u00abSkal vi danse\u00bb<\/p>\n<p>  Gjennom sesongen har romanseryktene florert. N\u00e5 letter Carina Dahl\u00a0p\u00e5 sl\u00f8ret om ryktene.\u00a0<\/p>\n<p>\n    \u00abSKAL VI DANSE\u00bb: Gjennom h\u00f8sten har Carina Dahl svingt seg over parketten p\u00e5 \u00abSkal vi danse\u00bb. Foto: Andreas fadum \/ Se og H\u00f8r\n  <\/p>\n<p id=\"text\" class=\"svelte-1bgec1z\">I samarbeid med<\/p>\n<p>     <img decoding=\"async\" src=\"https:\/\/www.europesays.com\/no\/wp-content\/uploads\/2025\/12\/fishermansFriend.png\" alt=\"kommersiell logo\" class=\"svelte-1bgec1z\"\/>          <\/p>\n<p>L\u00f8rdag er det<a href=\"https:\/\/www.seher.no\/kjendis\/gasehud-pa-hele-kroppen\/84013941\" rel=\"nofollow noopener\" target=\"_blank\"> finale i \u00abSkal vi danse\u00bb<\/a> og det hele skal avgj\u00f8res.\u00a0<\/p>\n<p>Gjennom tolv uker har det tynnet seg ut i rekkene av kjendiser som konkurrerer om den gjeve pokalen.\u00a0<\/p>\n<p>    <a itemprop=\"url\" href=\"https:\/\/www.seher.no\/kjendis\/gasehud-pa-hele-kroppen\/84013941\" rel=\"nofollow noopener\" target=\"_blank\"><\/p>\n<p>        <img loading=\"lazy\" decoding=\"async\" src=\"https:\/\/www.europesays.com\/no\/wp-content\/uploads\/2025\/12\/84013885.webp\" width=\"980\" height=\"441\" title=\"- G\u00e5sehud p\u00e5 hele kroppen\" alt=\"\" class=\"lazyload\" style=\"--aspect-ratio-image: 2.22; \"\/><\/p>\n<p>        &#8211; G\u00e5sehud p\u00e5 hele kroppen<\/p>\n<p>    <\/a><\/p>\n<p> Deltakerne som fortsatt er med i kampen om seieren, og ikke minst den store pokalen, er Tale Torjussen (20), Tiril Eckhoff og Viggo Venn (36). <\/p>\n<p>        <img loading=\"lazy\" decoding=\"async\" src=\"https:\/\/www.europesays.com\/no\/wp-content\/uploads\/2025\/12\/84015308.webp\" width=\"667\" height=\"461\" title=\"ROMANSE? Det har florert rykter om at det har oppst\u00e5tt s\u00f8t musikk mellom de to dansel\u00f8vene denne h\u00f8sten. Foto: R\u00f8d L\u00f8per\" alt=\"\" class=\"\" style=\"--aspect-ratio-image: 1.45; \"\/><\/p>\n<p>\n        ROMANSE? Det har florert rykter om at det har oppst\u00e5tt s\u00f8t musikk mellom de to dansel\u00f8vene denne h\u00f8sten. Foto: R\u00f8d L\u00f8per\n    <\/p>\n<p>Men ingen sesong av \u00abSkal vi danse\u00bb g\u00e5r uten rykter om hete romanser.\u00a0<\/p>\n<p>Flere har nemlig spekulert p\u00e5 om det har oppst\u00e5tt s\u00f8t musikk mellom hele Norges klovn Viggo Venn (36) og dansekollega Carina Dahl (40).<\/p>\n<p>Danseduoen har tidligere uttalt seg om ryktene overfor Se og H\u00f8r og Dagbladets R\u00f8d L\u00f8per &#8211; se video under:\u00a0<\/p>\n<p>        \u00c5RETS ROMANSE?: De to deltakerne forteller at de har f\u00e5tt en god tone i l\u00f8pet av deltakelsen i \u00abSkal vi danse\u00bb. Video: Nora Skavhaug\/Thea Hope\/R\u00f8d L\u00f8per<\/p>\n<p class=\"font-weight-light m-font-weight-light\" data-lab-font_weight=\"font-weight-light\">N\u00e5 letter Carina Dahl ytterligere p\u00e5 sl\u00f8ret om ryktene overfor\u00a0<a href=\"https:\/\/www.vg.no\/rampelys\/i\/9pvKXr\/finalen-i-skal-vi-danse?pinnedEntry=63623\" rel=\"nofollow noopener\" target=\"_blank\">VG<\/a>.<\/p>\n<p>P\u00e5 sp\u00f8rsm\u00e5l om det blir en date etter programmets slutt, svarer hun:<\/p>\n<p class=\"font-weight-bold m-font-weight-bold\" data-lab-font_weight=\"font-weight-bold\">&#8211; Jeg og Viggo har begge sagt at vi skal opp p\u00e5 date-hesten. S\u00e5 kanskje vi m\u00e5 sl\u00e5 til med en date.\u00a0<\/p>\n<p>        <img loading=\"lazy\" decoding=\"async\" src=\"https:\/\/www.europesays.com\/no\/wp-content\/uploads\/2025\/12\/84015311.webp\" width=\"686\" height=\"460\" title=\"GLEDE: Tale Torjussen, Carina Dahl og Tiril Eckhoff under julespesialen til \u00abSkal vi danse\u00bb. Foto: Jesper Malthus-Andersen \/ TV 2\" alt=\"\" class=\"\" style=\"--aspect-ratio-image: 1.49; \"\/><\/p>\n<p>\n        GLEDE: Tale Torjussen, Carina Dahl og Tiril Eckhoff under julespesialen til \u00abSkal vi danse\u00bb. Foto: Jesper Malthus-Andersen \/ TV 2\n    <\/p>\n<p>N\u00e5r og om daten faktisk blir noe av, kan hun derimot ikke svare p\u00e5 helt enn\u00e5:\u00a0<\/p>\n<p class=\"font-weight-bold m-font-weight-bold\" data-lab-font_weight=\"font-weight-bold\">&#8211; Jeg m\u00e5 h\u00f8re med ham etterp\u00e5. Jeg tror han er litt opptatt n\u00e5.\u00a0<\/p>\n<p> Hvem som stikker av med seieren i \u00e5rets \u00abSkal vi danse\u00bb, avgj\u00f8res i finalen klokken 21.45 p\u00e5 TV 2 <\/p>\n","protected":false},"excerpt":{"rendered":"\u00abSkal vi danse\u00bb Gjennom sesongen har romanseryktene florert. N\u00e5 letter Carina Dahl\u00a0p\u00e5 sl\u00f8ret om ryktene.\u00a0 \u00abSKAL VI DANSE\u00bb:&hellip;\n","protected":false},"author":2,"featured_media":118497,"comment_status":"","ping_status":"","sticky":false,"template":"","format":"standard","meta":{"footnotes":""},"categories":[58],"tags":[2288,71,479,2543,30,28,29,2280,72,2290],"class_list":{"0":"post-118496","1":"post","2":"type-post","3":"status-publish","4":"format-standard","5":"has-post-thumbnail","7":"category-underholdning","8":"tag-carina-dahl","9":"tag-entertainment","10":"tag-kjendis","11":"tag-kjendisdesken","12":"tag-no","13":"tag-norge","14":"tag-norway","15":"tag-skal-vi-danse","16":"tag-underholdning","17":"tag-viggo-venn"},"share_on_mastodon":{"url":"https:\/\/pubeurope.com\/@no\/115754041827729134","error":""},"_links":{"self":[{"href":"https:\/\/www.europesays.com\/no\/wp-json\/wp\/v2\/posts\/118496","targetHints":{"allow":["GET"]}}],"collection":[{"href":"https:\/\/www.europesays.com\/no\/wp-json\/wp\/v2\/posts"}],"about":[{"href":"https:\/\/www.europesays.com\/no\/wp-json\/wp\/v2\/types\/post"}],"author":[{"embeddable":true,"href":"https:\/\/www.europesays.com\/no\/wp-json\/wp\/v2\/users\/2"}],"replies":[{"embeddable":true,"href":"https:\/\/www.europesays.com\/no\/wp-json\/wp\/v2\/comments?post=118496"}],"version-history":[{"count":0,"href":"https:\/\/www.europesays.com\/no\/wp-json\/wp\/v2\/posts\/118496\/revisions"}],"wp:featuredmedia":[{"embeddable":true,"href":"https:\/\/www.europesays.com\/no\/wp-json\/wp\/v2\/media\/118497"}],"wp:attachment":[{"href":"https:\/\/www.europesays.com\/no\/wp-json\/wp\/v2\/media?parent=118496"}],"wp:term":[{"taxonomy":"category","embeddable":true,"href":"https:\/\/www.europesays.com\/no\/wp-json\/wp\/v2\/categories?post=118496"},{"taxonomy":"post_tag","embeddable":true,"href":"https:\/\/www.europesays.com\/no\/wp-json\/wp\/v2\/tags?post=118496"}],"curies":[{"name":"wp","href":"https:\/\/api.w.org\/{rel}","templated":true}]}}