{"id":118498,"date":"2025-12-20T21:38:08","date_gmt":"2025-12-20T21:38:08","guid":{"rendered":"https:\/\/www.europesays.com\/no\/118498\/"},"modified":"2025-12-20T21:38:08","modified_gmt":"2025-12-20T21:38:08","slug":"rykka-ut-til-brann-inne-i-garasje","status":"publish","type":"post","link":"https:\/\/www.europesays.com\/no\/118498\/","title":{"rendered":"Rykka ut til brann inne i garasje"},"content":{"rendered":"<p data-testid=\"textWithMarkup-text\" data-v-81d7dc2b=\"\" data-v-62d58f52=\"\">L\u00f8rdag kveld rykka n\u00f8detatene i \u00c5lesund ut til brann i en garasje i Hatlane.<\/p>\n<p data-testid=\"textWithMarkup-text\" data-v-81d7dc2b=\"\" data-v-62d58f52=\"\">Naboer starta \u00e5 evakuere seg selv, opplyste politiets operasjonsleder Tove Susann Holst-Dyrnes.<\/p>\n<p data-testid=\"textWithMarkup-text\" data-v-81d7dc2b=\"\" data-v-62d58f52=\"\">\u2013 Rett over klokka 21.00 fikk vi varsling. Vi fikk melding om at det var mulig spredningsfare og mulig eksplosjonsfare p\u00e5 grunn av en propantank, forteller innsatsleder Siri L\u00f8ndal.<\/p>\n<p data-testid=\"textWithMarkup-text\" data-v-81d7dc2b=\"\" data-v-62d58f52=\"\">Det viste seg at det brant i en el-sparkesykkel. L\u00f8rdag kveld ligger el-sparkesykkelen nedsenka i vann.<\/p>\n<p data-testid=\"textWithMarkup-text\" data-v-81d7dc2b=\"\" data-v-62d58f52=\"\">L\u00f8ndal forteller at alt er slokt, og at det er ingen personskade <\/p>\n<p data-testid=\"textWithMarkup-text\" data-v-81d7dc2b=\"\" data-v-62d58f52=\"\">\u2013 Det g\u00e5r ei klar oppfordring til alle om \u00e5 holde elsparkesyklene unna hus og bebyggelse. Det er en reell fare for at det kan ta fyr selv om den ikke st\u00e5r til lading, sier L\u00f8ndal til Sunnm\u00f8rsposten.<\/p>\n<p data-testid=\"textWithMarkup-text\" data-v-81d7dc2b=\"\" data-v-62d58f52=\"\">Brannmester Tommy \u00c5sen p\u00e5 110-sentralen bekrefter at dette kan skje.<\/p>\n<p data-testid=\"textWithMarkup-text\" data-v-81d7dc2b=\"\" data-v-62d58f52=\"\">\u2013 Hvis cellene i batteriet er skadd, kan det skje ei kortslutning i batteriet, slik at det blir varmgang. Dette kan skje dersom batteriet har f\u00e5tt seg en kakk. Som regel er det da ogs\u00e5 en ytre, synlig skade p\u00e5 batteriet.<\/p>\n<p data-testid=\"textWithMarkup-text\" data-v-81d7dc2b=\"\" data-v-62d58f52=\"\">Konkret hva som har skjedd i akkurat dette tilfellet, hadde \u00c5sen ikke kjennskap til l\u00f8rdag kveld.<\/p>\n","protected":false},"excerpt":{"rendered":"L\u00f8rdag kveld rykka n\u00f8detatene i \u00c5lesund ut til brann i en garasje i Hatlane. Naboer starta \u00e5 evakuere&hellip;\n","protected":false},"author":2,"featured_media":118499,"comment_status":"","ping_status":"","sticky":false,"template":"","format":"standard","meta":{"footnotes":""},"categories":[10],"tags":[20,21,24,25,15,22,23,13,30,28,29,14,16,26,27],"class_list":{"0":"post-118498","1":"post","2":"type-post","3":"status-publish","4":"format-standard","5":"has-post-thumbnail","7":"category-norge","8":"tag-breaking-news","9":"tag-breakingnews","10":"tag-featured-news","11":"tag-featurednews","12":"tag-headlines","13":"tag-latest-news","14":"tag-latestnews","15":"tag-news","16":"tag-no","17":"tag-norge","18":"tag-norway","19":"tag-nyheter","20":"tag-overskrifter","21":"tag-top-stories","22":"tag-topstories"},"share_on_mastodon":{"url":"https:\/\/pubeurope.com\/@no\/115754061365333200","error":""},"_links":{"self":[{"href":"https:\/\/www.europesays.com\/no\/wp-json\/wp\/v2\/posts\/118498","targetHints":{"allow":["GET"]}}],"collection":[{"href":"https:\/\/www.europesays.com\/no\/wp-json\/wp\/v2\/posts"}],"about":[{"href":"https:\/\/www.europesays.com\/no\/wp-json\/wp\/v2\/types\/post"}],"author":[{"embeddable":true,"href":"https:\/\/www.europesays.com\/no\/wp-json\/wp\/v2\/users\/2"}],"replies":[{"embeddable":true,"href":"https:\/\/www.europesays.com\/no\/wp-json\/wp\/v2\/comments?post=118498"}],"version-history":[{"count":0,"href":"https:\/\/www.europesays.com\/no\/wp-json\/wp\/v2\/posts\/118498\/revisions"}],"wp:featuredmedia":[{"embeddable":true,"href":"https:\/\/www.europesays.com\/no\/wp-json\/wp\/v2\/media\/118499"}],"wp:attachment":[{"href":"https:\/\/www.europesays.com\/no\/wp-json\/wp\/v2\/media?parent=118498"}],"wp:term":[{"taxonomy":"category","embeddable":true,"href":"https:\/\/www.europesays.com\/no\/wp-json\/wp\/v2\/categories?post=118498"},{"taxonomy":"post_tag","embeddable":true,"href":"https:\/\/www.europesays.com\/no\/wp-json\/wp\/v2\/tags?post=118498"}],"curies":[{"name":"wp","href":"https:\/\/api.w.org\/{rel}","templated":true}]}}