{"id":118509,"date":"2025-12-20T22:00:48","date_gmt":"2025-12-20T22:00:48","guid":{"rendered":"https:\/\/www.europesays.com\/no\/118509\/"},"modified":"2025-12-20T22:00:48","modified_gmt":"2025-12-20T22:00:48","slug":"naturlig-nrk-sorlandet-lokale-nyheter-tv-og-radio","status":"publish","type":"post","link":"https:\/\/www.europesays.com\/no\/118509\/","title":{"rendered":"\u2013 Naturlig \u2013 NRK S\u00f8rlandet \u2013 Lokale nyheter, TV og radio"},"content":{"rendered":"<p>\u2013 Det var veldig naturlig for meg \u00e5 legge til en ekstra b\u00f8nn. Det var for hele kongehuset, og s\u00e6rlig for Mette-Marit.<\/p>\n<p>Det sier domprost i Kristiansand Domkirke, Aud Smemo til NRK. Hun befinner seg i kronprinsesse Mette-Marits hjemby, Kristiansand.<\/p>\n<p><strong>Tidligere p\u00e5 dagen ble det kjent at kronprinsessen har blitt <a href=\"https:\/\/www.nrk.no\/norge\/kronprinsessen-apen-om-dramatisk-forverring-av-sykdommen_-_-har-gatt-raskere-enn-jeg-hadde-hapet-1.17699020\" ec-id=\"pp:article:1.17699020\" ec-name=\"dramatisk sykere av lungesykdommen sin i h\u00f8st\" rel=\"nofollow noopener\" target=\"_blank\">dramatisk sykere av lungesykdommen sin i h\u00f8st<\/a><\/strong>.<\/p>\n<p>Derfor ble det naturlig for Smemo \u00e5 inkludere kronprinsessen i gudstjenesten fredag.<\/p>\n<p><strong>\u2013 Hun kommer fra v\u00e5r by. Vi har et ekstra tett og kj\u00e6rt forhold til henne, sier Smemo og legger til:<\/strong><\/p>\n<p>\u2013 Jeg har utrolig vondt av henne, og det har vi alle. Jeg ber at hun m\u00e5 f\u00e5 den hjelpa som hun trenger.<\/p>\n<p><img decoding=\"async\"   src=\"data:image\/gif;base64,R0lGODlhAQABAIAAAAAAAP\/\/\/yH5BAEAAAAALAAAAAABAAEAAAIBRAA7\" loading=\"eager\" alt=\"En person holder en lysestake med tent lys i en kirkelig setting. Omgivelsene har synlige stoler og bord, samt stearinlys. Det er en stilren innredning med trevegger og lysarmaturer. Flere personer er til stede i bakgrunnen, men er ikke i fokus. (Bildebeskrivelsen er laget av en KI-tjeneste)\" title=\"Foto: Viktor S\u00f8dal \/ NRK\"\/><\/p>\n<p class=\"\">TENTE LYS: Domprost i Kristiansand domkirke ba og tente lys for den syke kronprinsessen. <\/p>\n<p>Foto: Viktor S\u00f8dal \/ NRK<\/p>\n<p>Ungdommene bekymret<\/p>\n<p>P\u00e5 skolegudstjenesten ble kronprinsessens forverring av sykdom tema blant elevene.<\/p>\n<p>Videreg\u00e5endeelevene Mina Ugland Andersen (17) og Maria Reinertsen (17) synes beskjeden er trist.<\/p>\n<p>\u2013 Det blir mer n\u00e6rt n\u00e5r hun er herfra, sier Andersen.<\/p>\n<p>Venninnen nikker og tenker p\u00e5 hele familien f\u00f8r juleh\u00f8ytiden.<\/p>\n<p><strong>\u2013 Jeg vil sende mange varme tanker til henne og familien, sier Reinertsen.<\/strong><\/p>\n<p><img decoding=\"async\"   src=\"data:image\/gif;base64,R0lGODlhAQABAIAAAAAAAP\/\/\/yH5BAEAAAAALAAAAAABAAEAAAIBRAA7\" loading=\"eager\" alt=\"(f.v) Nina Ugland Andersen og Maria Reinertsen etter skolgudstjeneste i Kristiansand domkrike\" title=\"Foto: Siv Kristin S\u00e6llmann \/ NRK\"\/><\/p>\n<p class=\"\">BEKYMRET: Nina Ugland Andersen og Maria Reinertsen er bekympret for kronprinsessens helsetilstand. <\/p>\n<p>Foto: Siv Kristin S\u00e6llmann \/ NRK<\/p>\n<p>I t\u00e5rer<\/p>\n<p>Med t\u00e5rer i \u00f8ynene satt Anne Takle og moren Beth Klungland i kirka og h\u00f8rte p\u00e5 fredagsmessa.<\/p>\n<p><strong>\u2013 Jeg syns hun er s\u00e5 sterk og et enormt godt forbilde. Hun viser at det g\u00e5r an \u00e5 v\u00e6re \u00e5pen om sykdom, og det i den rollen hun har, sier Torkle.<\/strong><\/p>\n<p>Hun forteller videre at hun h\u00e5per kronprinsessen f\u00e5r den hjelpen hun trenger.<\/p>\n<p>\u2013 Jeg h\u00e5per hun f\u00e5r et godt liv fremover. Det er ikke noe mer jeg \u00f8nsker akkurat n\u00e5.<\/p>\n<p><img decoding=\"async\"   src=\"data:image\/gif;base64,R0lGODlhAQABAIAAAAAAAP\/\/\/yH5BAEAAAAALAAAAAABAAEAAAIBRAA7\" loading=\"eager\" alt=\"To personer st\u00e5r sammen i en kirke, en med langt lyst h\u00e5r, den andre med kort gr\u00e5tt h\u00e5r. Begge er kledd i vinterkl\u00e6r, den ene holder en r\u00f8d bok. I bakgrunnen er kirkeinteri\u00f8ret synlig med seter og en juletre dekorert med lys. (Bildebeskrivelsen er laget av en KI-tjeneste)\" title=\"Foto: Siv Kristin S\u00e6llmann \/ NRK\"\/><\/p>\n<p class=\"\">BER\u00d8RT: Anne Takle og moren Beth Klungland var sterkt ber\u00f8rt av beskjeden om forverringen av kronprinsessens sykdom. <\/p>\n<p>Foto: Siv Kristin S\u00e6llmann \/ NRK<\/p>\n<p>Klungland synes det var flott \u00e5 v\u00e6re i kirkerommet denne dagen.<\/p>\n<p><strong>\u2013 Det var godt \u00e5 kunne v\u00e6re med \u00e5 be for henne, i hennes hjemby, sier Klungland og la til:<\/strong><\/p>\n<p>\u2013 Jeg ber om at hun skal f\u00e5 hjelp fort, avslutter hun.<\/p>\n<p>Publisert<\/p>\n<p>19.12.2025, kl. 14.49<\/p>\n<p>Oppdatert<\/p>\n<p>20.12.2025, kl. 16.54<\/p>\n","protected":false},"excerpt":{"rendered":"\u2013 Det var veldig naturlig for meg \u00e5 legge til en ekstra b\u00f8nn. Det var for hele kongehuset,&hellip;\n","protected":false},"author":2,"featured_media":118510,"comment_status":"","ping_status":"","sticky":false,"template":"","format":"standard","meta":{"footnotes":""},"categories":[10],"tags":[20,21,24,25,15,22,23,13,30,28,29,14,16,26,27],"class_list":{"0":"post-118509","1":"post","2":"type-post","3":"status-publish","4":"format-standard","5":"has-post-thumbnail","7":"category-norge","8":"tag-breaking-news","9":"tag-breakingnews","10":"tag-featured-news","11":"tag-featurednews","12":"tag-headlines","13":"tag-latest-news","14":"tag-latestnews","15":"tag-news","16":"tag-no","17":"tag-norge","18":"tag-norway","19":"tag-nyheter","20":"tag-overskrifter","21":"tag-top-stories","22":"tag-topstories"},"share_on_mastodon":{"url":"https:\/\/pubeurope.com\/@no\/115754151631864080","error":""},"_links":{"self":[{"href":"https:\/\/www.europesays.com\/no\/wp-json\/wp\/v2\/posts\/118509","targetHints":{"allow":["GET"]}}],"collection":[{"href":"https:\/\/www.europesays.com\/no\/wp-json\/wp\/v2\/posts"}],"about":[{"href":"https:\/\/www.europesays.com\/no\/wp-json\/wp\/v2\/types\/post"}],"author":[{"embeddable":true,"href":"https:\/\/www.europesays.com\/no\/wp-json\/wp\/v2\/users\/2"}],"replies":[{"embeddable":true,"href":"https:\/\/www.europesays.com\/no\/wp-json\/wp\/v2\/comments?post=118509"}],"version-history":[{"count":0,"href":"https:\/\/www.europesays.com\/no\/wp-json\/wp\/v2\/posts\/118509\/revisions"}],"wp:featuredmedia":[{"embeddable":true,"href":"https:\/\/www.europesays.com\/no\/wp-json\/wp\/v2\/media\/118510"}],"wp:attachment":[{"href":"https:\/\/www.europesays.com\/no\/wp-json\/wp\/v2\/media?parent=118509"}],"wp:term":[{"taxonomy":"category","embeddable":true,"href":"https:\/\/www.europesays.com\/no\/wp-json\/wp\/v2\/categories?post=118509"},{"taxonomy":"post_tag","embeddable":true,"href":"https:\/\/www.europesays.com\/no\/wp-json\/wp\/v2\/tags?post=118509"}],"curies":[{"name":"wp","href":"https:\/\/api.w.org\/{rel}","templated":true}]}}