{"id":118511,"date":"2025-12-20T22:07:14","date_gmt":"2025-12-20T22:07:14","guid":{"rendered":"https:\/\/www.europesays.com\/no\/118511\/"},"modified":"2025-12-20T22:07:14","modified_gmt":"2025-12-20T22:07:14","slug":"mann-henrettet-i-iran-anklages-for-a-vaere-israelsk-spion","status":"publish","type":"post","link":"https:\/\/www.europesays.com\/no\/118511\/","title":{"rendered":"Mann henrettet i Iran \u2013 anklages for \u00e5 v\u00e6re israelsk spion"},"content":{"rendered":"<p>\n        TEHERAN: Slik s\u00e5 det ut i Irans hovedstad, Teheran, om morgenen l\u00f8rdag 26 oktober.<br \/>\n        Vahid Salemi\/AP\/NTB\n    <\/p>\n<p>    Iran henrettet l\u00f8rdag nok en person mistenkt for \u00e5 v\u00e6re israelsk spion.<\/p>\n<p>Det melder nyhetsbyr\u00e5et Mizan, som er tilknyttet det iranske rettsvesenet.<\/p>\n<p>Mannen ble arrestert i mai etter \u00e5 ha tatt bilder av et milit\u00e6rt anlegg, if\u00f8lge byr\u00e5et.<\/p>\n<p>Siden de israelske angrepene p\u00e5 iranske atominstallasjoner og andre strategiske anlegg i juni, har Irans rettsvesen p\u00e5grepet en rekke personer mistenkt for \u00e5 spionere for Israel.<\/p>\n","protected":false},"excerpt":{"rendered":"TEHERAN: Slik s\u00e5 det ut i Irans hovedstad, Teheran, om morgenen l\u00f8rdag 26 oktober. Vahid Salemi\/AP\/NTB Iran henrettet&hellip;\n","protected":false},"author":2,"featured_media":118512,"comment_status":"","ping_status":"","sticky":false,"template":"","format":"standard","meta":{"footnotes":""},"categories":[12],"tags":[20,21,24,25,15,22,23,13,30,28,29,14,16,26,27,42,43,44,45],"class_list":{"0":"post-118511","1":"post","2":"type-post","3":"status-publish","4":"format-standard","5":"has-post-thumbnail","7":"category-verden","8":"tag-breaking-news","9":"tag-breakingnews","10":"tag-featured-news","11":"tag-featurednews","12":"tag-headlines","13":"tag-latest-news","14":"tag-latestnews","15":"tag-news","16":"tag-no","17":"tag-norge","18":"tag-norway","19":"tag-nyheter","20":"tag-overskrifter","21":"tag-top-stories","22":"tag-topstories","23":"tag-verden","24":"tag-world","25":"tag-world-news","26":"tag-worldnews"},"share_on_mastodon":{"url":"https:\/\/pubeurope.com\/@no\/115754175194906048","error":""},"_links":{"self":[{"href":"https:\/\/www.europesays.com\/no\/wp-json\/wp\/v2\/posts\/118511","targetHints":{"allow":["GET"]}}],"collection":[{"href":"https:\/\/www.europesays.com\/no\/wp-json\/wp\/v2\/posts"}],"about":[{"href":"https:\/\/www.europesays.com\/no\/wp-json\/wp\/v2\/types\/post"}],"author":[{"embeddable":true,"href":"https:\/\/www.europesays.com\/no\/wp-json\/wp\/v2\/users\/2"}],"replies":[{"embeddable":true,"href":"https:\/\/www.europesays.com\/no\/wp-json\/wp\/v2\/comments?post=118511"}],"version-history":[{"count":0,"href":"https:\/\/www.europesays.com\/no\/wp-json\/wp\/v2\/posts\/118511\/revisions"}],"wp:featuredmedia":[{"embeddable":true,"href":"https:\/\/www.europesays.com\/no\/wp-json\/wp\/v2\/media\/118512"}],"wp:attachment":[{"href":"https:\/\/www.europesays.com\/no\/wp-json\/wp\/v2\/media?parent=118511"}],"wp:term":[{"taxonomy":"category","embeddable":true,"href":"https:\/\/www.europesays.com\/no\/wp-json\/wp\/v2\/categories?post=118511"},{"taxonomy":"post_tag","embeddable":true,"href":"https:\/\/www.europesays.com\/no\/wp-json\/wp\/v2\/tags?post=118511"}],"curies":[{"name":"wp","href":"https:\/\/api.w.org\/{rel}","templated":true}]}}