{"id":118513,"date":"2025-12-20T22:09:31","date_gmt":"2025-12-20T22:09:31","guid":{"rendered":"https:\/\/www.europesays.com\/no\/118513\/"},"modified":"2025-12-20T22:09:31","modified_gmt":"2025-12-20T22:09:31","slug":"krim-voldsoppdrag-de-kriminelle-nettverkene-har-en-kynisk-bruk-og-kast-mentalitet-overfor-ungdom-som-rekrutteres-til-a-bega-voldshandlinger","status":"publish","type":"post","link":"https:\/\/www.europesays.com\/no\/118513\/","title":{"rendered":"Krim, Voldsoppdrag | \u2013 De kriminelle nettverkene har en kynisk bruk og kast-mentalitet overfor ungdom som rekrutteres til \u00e5 beg\u00e5 voldshandlinger"},"content":{"rendered":"\n<p>Politiet har siden starten av 2025 avdekket om lag 400 konkrete voldsoppdrag i inn- og utland som har blitt annonsert og formidlet via digitale plattformer. I en ny, \u00e5pen rapport har Kripos unders\u00f8kt hva som skjer med ungdom som p\u00e5tar seg slike oppdrag for kriminelle nettverk,skriver Kripos i en pressemelding l\u00f8rdag.<\/p>\n<p>Voldsoppdrag i Sarpsborg<\/p>\n<p>I Sarpsborg ble det i h\u00f8st skutt mot en enebolig i et ellers rolig boligomr\u00e5de i Sarpsborg. I etterkant av dette skuddet innbrakte politiet tre gutter p\u00e5 12, 13 og 14 \u00e5r gamle, mens en 15-\u00e5ring ble p\u00e5grepet. Skytedramaet i Sarpsborg knyttes til det svenske Foxtrot-nettverket.<\/p>\n<p>  <a href=\"https:\/\/www.sa.no\/5-46-1891913\" class=\"related-teaser has-image default-story-teaser article--c-eRUmMG article--c-eRUmMG-jKCPdD-design-default\" rel=\"nofollow noopener\" target=\"_blank\"><\/p>\n<p>    <img decoding=\"async\" loading=\"lazy\"  src=\"https:\/\/www.europesays.com\/no\/wp-content\/uploads\/2025\/10\/1759498212_346_55402eea-d866-4fa3-80af-1c4b0abd405a.jpeg\" alt=\"\" class=\"brick-c-cFOWSL\" style=\"\"\/><\/p>\n<p>\n            Les ogs\u00e5<\/p>\n<p>              Fire gutter innbrakt etter skyteepisode i Sarpsborg \u2013 kobles til granatsaken i Oslo\n        <\/p>\n<p>  <\/a><\/p>\n<p>Bare dager f\u00f8r denne hendelsen skal politiet ha avverget et granatangrep mot en annen adresse i Sarpsborg.<\/p>\n<p>Rapporten fra Kripos viser at unge ut\u00f8vere i stor grad behandles som engangsressurser av de kriminelle nettverkene. Mange blir p\u00e5grepet i forbindelse med utf\u00f8relsen av voldsoppdrag, mens de som ikke blir p\u00e5grepet ofte benyttes gjentatte ganger uten \u00e5 motta betaling.<\/p>\n<p>  <a href=\"https:\/\/www.sa.no\/5-46-1892010\" class=\"related-teaser has-image default-story-teaser article--c-eRUmMG article--c-eRUmMG-jKCPdD-design-default\" rel=\"nofollow noopener\" target=\"_blank\"><\/p>\n<p>    <img decoding=\"async\" loading=\"lazy\"  src=\"https:\/\/www.europesays.com\/no\/wp-content\/uploads\/2025\/12\/1766268569_519_c35fb6c3-5770-45c8-94fc-5f0ea2d1aa80+%281%29.jpeg\" alt=\"\" class=\"brick-c-cFOWSL\" style=\"\"\/><\/p>\n<p>\n            Les ogs\u00e5<\/p>\n<p>              De siktede guttene er ikke fra Sarpsborg &#8211; politiet peker p\u00e5 Foxtrot\n        <\/p>\n<p>  <\/a><\/p>\n<p>\u2013 De kriminelle nettverkene har en kynisk bruk og kast-mentalitet overfor ungdom som rekrutteres til \u00e5 beg\u00e5 voldshandlinger. Ungdommene loves penger og tilh\u00f8righet, men v\u00e5re opplysninger reiser tvil om dette faktisk er tilfelle. Ungdommen fremst\u00e5r som en engangsressurs for kyniske kriminelle bakmenn, sier Ole J\u00f8rgen Arvesen, leder av avdeling for etterforskning og etterretning i Kripos.<\/p>\n<p>If\u00f8lge Kripos-rapporten er bruk av barn og unge en sentral strategi for de kriminelle akt\u00f8rene.<\/p>\n<p>Havner i gjeld til nettverket<\/p>\n<p>\u2013 Det at de kriminelle nettverkene bruker trusler og tvang mot disse ungdommene viser at de er viktige for dem. Ungdommene gir nettverkene og bakmenn et handlingsrom og en rekkevidde for \u00e5 markere tilstedev\u00e6relse over geografiske omr\u00e5der hvor de ikke selv befinner seg. Vi som samfunn m\u00e5 sl\u00e5 ring rundt disse ungdommene. Politiet har en viktig rolle, men vi er avhengig av at alle er bevisste egne roller i innsatsen og jobber mot samme m\u00e5l, sier Arvesen.<\/p>\n<p>  <a href=\"https:\/\/www.sa.no\/5-46-1919711\" class=\"related-teaser has-image default-story-teaser article--c-eRUmMG article--c-eRUmMG-jKCPdD-design-default\" rel=\"nofollow noopener\" target=\"_blank\"><\/p>\n<p>    <img decoding=\"async\" loading=\"lazy\"  src=\"https:\/\/www.europesays.com\/no\/wp-content\/uploads\/2025\/12\/FullSizeRender+3.jpeg\" alt=\"\" class=\"brick-c-cFOWSL\" style=\"\"\/><\/p>\n<p>\n            Les ogs\u00e5<\/p>\n<p>              Offeret for Foxtrot-skytingen i Sarpsborg: \u2013 Kommer aldri til \u00e5 tilgi dem som har dratt meg inn i dette\n        <\/p>\n<p>  <\/a><\/p>\n<p>Rapporten peker videre p\u00e5 at kriminelle nettverk sannsynlig vil fortsette \u00e5 rekruttere unge til voldsoppdrag. Dette skjer ofte gjennom \u00e5 bygge tilh\u00f8righet i en innledende fase. Relasjonen kan medf\u00f8re at ut\u00f8veren havner i gjeld til nettverket. Senere brukes denne gjelden, samt personopplysninger om ut\u00f8veren, som grunnlag for press og trusler.<\/p>\n<p>Bruker skremselspropaganda<\/p>\n<p>Skremselspropaganda benyttes aktivt for \u00e5 skape frykt, fremtvinge lojalitet og hindre at ungdom trekker seg, og fungerer som et effektivt alternativ til fysiske represalier.<\/p>\n<p>  <a href=\"https:\/\/www.sa.no\/5-46-1892368\" class=\"related-teaser has-image default-story-teaser article--c-eRUmMG article--c-eRUmMG-jKCPdD-design-default\" rel=\"nofollow noopener\" target=\"_blank\"><\/p>\n<p>    <img decoding=\"async\" loading=\"lazy\"  src=\"https:\/\/www.europesays.com\/no\/wp-content\/uploads\/2025\/10\/1759421532_549_983fac18-82f6-44e5-9b34-6dc8cb352129.jpeg\" alt=\"\" class=\"brick-c-cFOWSL\" style=\"\"\/><\/p>\n<p>\n            Les ogs\u00e5<\/p>\n<p>              M\u00e5let for skytingen avviser bestemt \u00e5 v\u00e6re del av en konflikt mellom kriminelle nettverk\n        <\/p>\n<p>  <\/a><\/p>\n<p>\u2013 Politiet er \u00e5pne om det vi ser. Vi deler kunnskap slik at ulike deler av det norske samfunnet kan sette i verk tiltak for \u00e5 m\u00f8te truslene vi er \u00e5pne om. De kriminelle nettverkene n\u00e5r et h\u00f8yt antall norske ungdommer n\u00e5r de legger ut voldsoppdrag p\u00e5 sosiale medier. Rapporten viser at de kriminelle nettverkene har en enorm makt over ungdommene som rekrutteres. F\u00e5r de kloa i deg, s\u00e5 slipper de deg ikke. Det er alvorlig og har langvarige konsekvenser for ungdommene. Det m\u00e5 vi alle ta inn over oss, avslutter Arvesen i pressemeldingen fra Kripos.<\/p>\n","protected":false},"excerpt":{"rendered":"Politiet har siden starten av 2025 avdekket om lag 400 konkrete voldsoppdrag i inn- og utland som har&hellip;\n","protected":false},"author":2,"featured_media":118514,"comment_status":"","ping_status":"","sticky":false,"template":"","format":"standard","meta":{"footnotes":""},"categories":[10],"tags":[36,20,21,24,25,15,983,3881,1957,22,23,13,30,28,29,14,16,254,1510,26,27,14211],"class_list":{"0":"post-118513","1":"post","2":"type-post","3":"status-publish","4":"format-standard","5":"has-post-thumbnail","7":"category-norge","8":"tag-art","9":"tag-breaking-news","10":"tag-breakingnews","11":"tag-featured-news","12":"tag-featurednews","13":"tag-headlines","14":"tag-krim","15":"tag-kriminelle-nettverk","16":"tag-kripos","17":"tag-latest-news","18":"tag-latestnews","19":"tag-news","20":"tag-no","21":"tag-norge","22":"tag-norway","23":"tag-nyheter","24":"tag-overskrifter","25":"tag-politi","26":"tag-story","27":"tag-top-stories","28":"tag-topstories","29":"tag-voldsoppdrag"},"share_on_mastodon":{"url":"https:\/\/pubeurope.com\/@no\/115754183285310545","error":""},"_links":{"self":[{"href":"https:\/\/www.europesays.com\/no\/wp-json\/wp\/v2\/posts\/118513","targetHints":{"allow":["GET"]}}],"collection":[{"href":"https:\/\/www.europesays.com\/no\/wp-json\/wp\/v2\/posts"}],"about":[{"href":"https:\/\/www.europesays.com\/no\/wp-json\/wp\/v2\/types\/post"}],"author":[{"embeddable":true,"href":"https:\/\/www.europesays.com\/no\/wp-json\/wp\/v2\/users\/2"}],"replies":[{"embeddable":true,"href":"https:\/\/www.europesays.com\/no\/wp-json\/wp\/v2\/comments?post=118513"}],"version-history":[{"count":0,"href":"https:\/\/www.europesays.com\/no\/wp-json\/wp\/v2\/posts\/118513\/revisions"}],"wp:featuredmedia":[{"embeddable":true,"href":"https:\/\/www.europesays.com\/no\/wp-json\/wp\/v2\/media\/118514"}],"wp:attachment":[{"href":"https:\/\/www.europesays.com\/no\/wp-json\/wp\/v2\/media?parent=118513"}],"wp:term":[{"taxonomy":"category","embeddable":true,"href":"https:\/\/www.europesays.com\/no\/wp-json\/wp\/v2\/categories?post=118513"},{"taxonomy":"post_tag","embeddable":true,"href":"https:\/\/www.europesays.com\/no\/wp-json\/wp\/v2\/tags?post=118513"}],"curies":[{"name":"wp","href":"https:\/\/api.w.org\/{rel}","templated":true}]}}