{"id":118515,"date":"2025-12-20T22:15:28","date_gmt":"2025-12-20T22:15:28","guid":{"rendered":"https:\/\/www.europesays.com\/no\/118515\/"},"modified":"2025-12-20T22:15:28","modified_gmt":"2025-12-20T22:15:28","slug":"denne-baten-er-over-2-000-ar-gammel-na-har-forskere-funnet-et-fingeravtrykk-pa-den","status":"publish","type":"post","link":"https:\/\/www.europesays.com\/no\/118515\/","title":{"rendered":"Denne b\u00e5ten er over 2.000 \u00e5r gammel. N\u00e5 har forskere funnet et fingeravtrykk p\u00e5 den"},"content":{"rendered":"<p>    B\u00e5ten ble funnet p\u00e5 \u00f8ya Als i Danmark. Men den ble ikke bygget der.<\/p>\n<p>\n        Forskerne ble litt overrasket over at b\u00e5ten var dekket med furutj\u00e6re.<br \/>\n        (Foto: Boel Bengtsson)\n    <\/p>\n<p>Hjortspringb\u00e5ten er eldre enn de norske vikingskipene.<\/p>\n<p>Den ble gravd ut fra en myr i Danmark p\u00e5 begynnelsen av 1920-tallet.\u00a0<\/p>\n<p>Arkeologer tror at b\u00e5ten kan v\u00e6re s\u00e5 gammel som 2.400 \u00e5r gammel. I myra kan gamle ting bli veldig godt bevart fordi det ikke kommer luft og bakterier til og skader treverket.<\/p>\n<p>N\u00e5 st\u00e5r b\u00e5ten trygt p\u00e5 et museum i K\u00f8benhavn. Og fortsatt unders\u00f8ker forskerne mysteriene rundt den.<\/p>\n<p>                <img decoding=\"async\" src=\"https:\/\/www.europesays.com\/no\/wp-content\/uploads\/2025\/12\/2590934.webp\" width=\"480\" height=\"274\" title=\"Til h\u00f8yre ser du fingeravtrykket. Forskerne lurer p\u00e5 hvor det ble laget.\" alt=\"\" loading=\"lazy\" style=\"\"\/><\/p>\n<p>\n            Til h\u00f8yre ser du fingeravtrykket. Forskerne lurer p\u00e5 hvor det ble laget.<br \/>\n            (Foto: Erik Johansson \/ 3D-modell: Sahel Ganji.\n        <\/p>\n<p>Vet ikke hvem som angrep<\/p>\n<p>B\u00e5ten ble funnet p\u00e5 \u00f8ya Als, men har ikke h\u00f8rt hjemme der. Det er en krigsb\u00e5t fra et annet sted. De som angrep, lyktes ikke. B\u00e5ten og v\u00e5pnene deres ble liggende i myra.<\/p>\n<p>\u2013 Hvor angriperne har kommet fra, og hvorfor de angrep denne \u00f8ya, har lenge v\u00e6rt et mysterium.<\/p>\n<p>Det sier Mikael Fauvelle. Han er arkeolog ved Lunds Universitet i Sverige.\u00a0<\/p>\n<p>Han og kollegene har n\u00e5 oppdaget et fingeravtrykk som trolig kommer fra en av dem som angrep.<\/p>\n<p>\u2013 Fra et sted med furutr\u00e6r<\/p>\n<p>B\u00e5ten var dekket med tretj\u00e6re. Det er en seig guffe laget av kvaen p\u00e5 furutr\u00e6r. Den gjorde at vannet ikke kunne trenge gjennom treverket og treet holdt seg bedre.<\/p>\n<p>Det var vanlig i Skandinavia, og ble brukt p\u00e5 b\u00e5de skip og stavkirker.<\/p>\n<p>Det var ogs\u00e5 tj\u00e6re mellom plankene. Det tettet sprekkene.<\/p>\n<p>Gammel tetningsmasse og gamle tau hadde blitt lagret i bokser p\u00e5 arkivet, og ikke blitt unders\u00f8kt p\u00e5 mer enn 100 \u00e5r.\u00a0<\/p>\n<p>N\u00e5 fikk forskerne endelig studert det med mikroskop. Det var slik de oppdaget fingeravtrykket.<\/p>\n<p>I dette tilfellet syns forskerne at bruken av tj\u00e6re er overraskende.<\/p>\n<p>\u2013 Det betyr at b\u00e5ten m\u00e5 ha blitt bygget p\u00e5 et sted med mye furutr\u00e6r, mener Fauvelle.<\/p>\n<p>                <img decoding=\"async\" src=\"https:\/\/www.europesays.com\/no\/wp-content\/uploads\/2025\/12\/2590932.webp\" width=\"480\" height=\"274\" title=\"Taurester fra det 2.400 \u00e5r gamle skipet.\" alt=\"\" loading=\"lazy\" style=\"\"\/><\/p>\n<p>\n            Taurester fra det 2.400 \u00e5r gamle skipet.<br \/>\n            (Foto: Mikael Fauvette)\n        <\/p>\n<p>Kanskje fra Sverige eller Polen?<\/p>\n<p>Forskere har diskutert saken i mange \u00e5r. Noen har ment at b\u00e5ten kan ha kommet seilende fra Tyskland.<\/p>\n<p>Disse forskerne tror at b\u00e5ten stammer fra omr\u00e5det rundt Det baltiske hav.\u00a0<\/p>\n<p>De mener det er sannsynlig at b\u00e5ten kan ha blitt laget i Blekinge S\u00f8r i Sverige, p\u00e5 \u00f8ya Gotland som ligger i \u00d8stersj\u00f8en, et sted nord i Polen eller Bornholm i Sverige.\u00a0<\/p>\n<p>Dette er omr\u00e5der med mye furuskog, if\u00f8lge forskerne. Samtidig er det veldig langt fra der b\u00e5ten ble funnet.\u00a0<\/p>\n<p>Men flere forskere har ment at folk i nord trolig kom seg langt til sj\u00f8s for godt over 2.000 \u00e5r siden.\u00a0<\/p>\n<p>Jobber videre med mysteriene<\/p>\n<p>\u2013 Jeg holder det for sannsynlig at nordboerne for over 3.000 \u00e5r siden dro med skip helt ned til Middelhavet, <a href=\"https:\/\/www.forskning.no\/arkeologi-skipsfart\/var-det-en-vikingtid-i-norge-2000-ar-for-vikingene\/1690787\" rel=\"nofollow noopener\" target=\"_blank\">sa arkeolog Lene Melheim til forskning.no i 2020<\/a>.<\/p>\n<p>Fingeravtrykket i seg selv kan nok ikke si noe om hvor b\u00e5ten kom fra.\u00a0<\/p>\n<p>Men forskerne jobber videre med mysteriene. De fortsetter \u00e5 unders\u00f8ke tetningsmassen og tauene.\u00a0<\/p>\n<p>Og s\u00e5 h\u00e5per de at \u00e5rringene i treverket p\u00e5 b\u00e5ten kan si noe om hvor det har vokst og dermed hvor b\u00e5ten m\u00e5 ha blitt bygget.<\/p>\n","protected":false},"excerpt":{"rendered":"B\u00e5ten ble funnet p\u00e5 \u00f8ya Als i Danmark. Men den ble ikke bygget der. Forskerne ble litt overrasket&hellip;\n","protected":false},"author":2,"featured_media":118516,"comment_status":"","ping_status":"","sticky":false,"template":"","format":"standard","meta":{"footnotes":""},"categories":[12],"tags":[20,21,24,25,15,22,23,13,30,28,29,14,16,26,27,42,43,44,45],"class_list":{"0":"post-118515","1":"post","2":"type-post","3":"status-publish","4":"format-standard","5":"has-post-thumbnail","7":"category-verden","8":"tag-breaking-news","9":"tag-breakingnews","10":"tag-featured-news","11":"tag-featurednews","12":"tag-headlines","13":"tag-latest-news","14":"tag-latestnews","15":"tag-news","16":"tag-no","17":"tag-norge","18":"tag-norway","19":"tag-nyheter","20":"tag-overskrifter","21":"tag-top-stories","22":"tag-topstories","23":"tag-verden","24":"tag-world","25":"tag-world-news","26":"tag-worldnews"},"share_on_mastodon":{"url":"https:\/\/pubeurope.com\/@no\/115754207039608717","error":""},"_links":{"self":[{"href":"https:\/\/www.europesays.com\/no\/wp-json\/wp\/v2\/posts\/118515","targetHints":{"allow":["GET"]}}],"collection":[{"href":"https:\/\/www.europesays.com\/no\/wp-json\/wp\/v2\/posts"}],"about":[{"href":"https:\/\/www.europesays.com\/no\/wp-json\/wp\/v2\/types\/post"}],"author":[{"embeddable":true,"href":"https:\/\/www.europesays.com\/no\/wp-json\/wp\/v2\/users\/2"}],"replies":[{"embeddable":true,"href":"https:\/\/www.europesays.com\/no\/wp-json\/wp\/v2\/comments?post=118515"}],"version-history":[{"count":0,"href":"https:\/\/www.europesays.com\/no\/wp-json\/wp\/v2\/posts\/118515\/revisions"}],"wp:featuredmedia":[{"embeddable":true,"href":"https:\/\/www.europesays.com\/no\/wp-json\/wp\/v2\/media\/118516"}],"wp:attachment":[{"href":"https:\/\/www.europesays.com\/no\/wp-json\/wp\/v2\/media?parent=118515"}],"wp:term":[{"taxonomy":"category","embeddable":true,"href":"https:\/\/www.europesays.com\/no\/wp-json\/wp\/v2\/categories?post=118515"},{"taxonomy":"post_tag","embeddable":true,"href":"https:\/\/www.europesays.com\/no\/wp-json\/wp\/v2\/tags?post=118515"}],"curies":[{"name":"wp","href":"https:\/\/api.w.org\/{rel}","templated":true}]}}