{"id":118519,"date":"2025-12-20T22:17:11","date_gmt":"2025-12-20T22:17:11","guid":{"rendered":"https:\/\/www.europesays.com\/no\/118519\/"},"modified":"2025-12-20T22:17:11","modified_gmt":"2025-12-20T22:17:11","slug":"trafikk-ulykker-to-biler-involvert-i-trafikkulykke-i-leirfjord","status":"publish","type":"post","link":"https:\/\/www.europesays.com\/no\/118519\/","title":{"rendered":"Trafikk, Ulykker | To biler involvert i trafikkulykke i Leirfjord"},"content":{"rendered":"\n<p>L\u00f8rdag ettermiddag har n\u00f8detatene rykket ut til melding om trafikkulykke p\u00e5 Leirfjordveien (Fv17).<\/p>\n<p>To kj\u00f8ret\u00f8y er involvert, og operasjonssentralen i Nordland politidistrikt melder at alle involverte personer er ute av kj\u00f8ret\u00f8yene.<\/p>\n<p>Politiet opplyser at det var tre personer i den ene bilen, og \u00e9n person i den andre. <\/p>\n<p>\u2013 Ulykken framst\u00e5r som en m\u00f8teulykke. Kj\u00f8ret\u00f8yene har kj\u00f8rt ut p\u00e5 hver sin side av veien, melder operasjonsleder June Strand Jensen.<\/p>\n<p>Hun kan ogs\u00e5 fortelle at de tre personene i det ene kj\u00f8ret\u00f8yet blir fraktet til sykehus for unders\u00f8kelser.<\/p>\n<p>Vegen var i en periode stengt for trafikk og det var lange k\u00f8er p\u00e5 stedet. Klokka 16.32 melder politiet at veien er \u00e5pen igjen.<\/p>\n<p>Klokken 18.38 melder politiet at patruljen er ferdig med unders\u00f8kelser p\u00e5 stedet. Det er ikke mistanke om promillekj\u00f8ring. Det blir opprettet sak. <\/p>\n","protected":false},"excerpt":{"rendered":"L\u00f8rdag ettermiddag har n\u00f8detatene rykket ut til melding om trafikkulykke p\u00e5 Leirfjordveien (Fv17). To kj\u00f8ret\u00f8y er involvert, og&hellip;\n","protected":false},"author":2,"featured_media":6042,"comment_status":"","ping_status":"","sticky":false,"template":"","format":"standard","meta":{"footnotes":""},"categories":[5],"tags":[36,20,21,24,25,15,19,22,23,2688,17,18,13,30,28,29,14,16,1510,26,27,224,1204],"class_list":{"0":"post-118519","1":"post","2":"type-post","3":"status-publish","4":"format-standard","5":"has-post-thumbnail","7":"category-overskrifter","8":"tag-art","9":"tag-breaking-news","10":"tag-breakingnews","11":"tag-featured-news","12":"tag-featurednews","13":"tag-headlines","14":"tag-hovedoppslag","15":"tag-latest-news","16":"tag-latestnews","17":"tag-leirfjord","18":"tag-main-news","19":"tag-mainnews","20":"tag-news","21":"tag-no","22":"tag-norge","23":"tag-norway","24":"tag-nyheter","25":"tag-overskrifter","26":"tag-story","27":"tag-top-stories","28":"tag-topstories","29":"tag-trafikk","30":"tag-ulykker"},"share_on_mastodon":{"url":"https:\/\/pubeurope.com\/@no\/115754214567633152","error":""},"_links":{"self":[{"href":"https:\/\/www.europesays.com\/no\/wp-json\/wp\/v2\/posts\/118519","targetHints":{"allow":["GET"]}}],"collection":[{"href":"https:\/\/www.europesays.com\/no\/wp-json\/wp\/v2\/posts"}],"about":[{"href":"https:\/\/www.europesays.com\/no\/wp-json\/wp\/v2\/types\/post"}],"author":[{"embeddable":true,"href":"https:\/\/www.europesays.com\/no\/wp-json\/wp\/v2\/users\/2"}],"replies":[{"embeddable":true,"href":"https:\/\/www.europesays.com\/no\/wp-json\/wp\/v2\/comments?post=118519"}],"version-history":[{"count":0,"href":"https:\/\/www.europesays.com\/no\/wp-json\/wp\/v2\/posts\/118519\/revisions"}],"wp:featuredmedia":[{"embeddable":true,"href":"https:\/\/www.europesays.com\/no\/wp-json\/wp\/v2\/media\/6042"}],"wp:attachment":[{"href":"https:\/\/www.europesays.com\/no\/wp-json\/wp\/v2\/media?parent=118519"}],"wp:term":[{"taxonomy":"category","embeddable":true,"href":"https:\/\/www.europesays.com\/no\/wp-json\/wp\/v2\/categories?post=118519"},{"taxonomy":"post_tag","embeddable":true,"href":"https:\/\/www.europesays.com\/no\/wp-json\/wp\/v2\/tags?post=118519"}],"curies":[{"name":"wp","href":"https:\/\/api.w.org\/{rel}","templated":true}]}}