{"id":118520,"date":"2025-12-20T22:19:11","date_gmt":"2025-12-20T22:19:11","guid":{"rendered":"https:\/\/www.europesays.com\/no\/118520\/"},"modified":"2025-12-20T22:19:11","modified_gmt":"2025-12-20T22:19:11","slug":"skal-vi-danse-finale-skal-vi-danse-ekspert-reagerer-etter-finalen","status":"publish","type":"post","link":"https:\/\/www.europesays.com\/no\/118520\/","title":{"rendered":"Skal vi danse, Finale | \u00abSkal vi danse\u00bb: Ekspert reagerer etter finalen"},"content":{"rendered":"\n<p>FORNEBU (Nettavisen): Viggo Venn (36) og Tale Torjussen (20) tok seg videre til gullduell i \u00abSkal vi danse\u00bb, etter et Tiril Eckhoff (35) r\u00f8yk ut og endte p\u00e5 en tredjeplass.<\/p>\n<p>Til slutt ble det klart at vinneren av \u00e5rets konkurranse er Tale Torjussen.<\/p>\n<p>\u2013 Finalen var aldri noe jeg turte \u00e5 dr\u00f8mme om. Jeg har tatt en uke av gangen, sier hun til Nettavisen etter sending.<\/p>\n<p>\u2013 I kveld skal jeg feste. Dette har v\u00e6rt de beste m\u00e5nedene i livet mitt, fortsetter hun.<\/p>\n<p>Nettavisens underholdningskommentator Maria Ludvigsen er str\u00e5lende forn\u00f8yd.<\/p>\n<p>    Vil du se neste video?<\/p>\n<p>    <a href=\"https:\/\/www.nettavisen.no\/nyheter\/ville-donald-trump-spekulasjoner-det-er-noe-galt\/v\/5-95-2784982\" class=\"recommend-poster\" data-adp-clicklabel=\"video-recommend\" data-adp-clickvalue=\"poster\" rel=\"nofollow noopener\" target=\"_blank\"><br \/>\n      <img decoding=\"async\" width=\"200\" height=\"200\" loading=\"lazy\" src=\"https:\/\/www.europesays.com\/no\/wp-content\/uploads\/2025\/12\/Forvirret+Trump+2.jpg\" alt=\"\" class=\"brick-c-cFOWSL\" style=\"--brick-image-ratio: 200 \/ 200;\"\/><\/p>\n<p>Ville Trump-spekulasjoner: \u2013 Det er noe galt0:57<\/p>\n<p>    <\/a><\/p>\n<p>\u2013 I \u00e5r ble det det seier til den yngste! Hurra! Tale imponerte meg ikke nevneverdig i starten, men for en utvikling hun har hatt. Og nettopp utvikling er noe av det g\u00f8yeste \u00e5 se i \u00abSkal vi danse\u00bb, sier hun.<\/p>\n<p><b>Les ogs\u00e5: <a href=\"https:\/\/www.nettavisen.no\/kjendis\/halvor-bakke-deler-ny-beskjed-kunne-ikke-ga-pa-beina\/s\/5-95-2791903\" rel=\"Follow nofollow noopener\" target=\"_blank\">Ny beskjed: \u2013 Kunne ikke g\u00e5 p\u00e5 beina<\/a><\/b><\/p>\n<p>\u2013 Klart best<\/p>\n<p>Ludvigsen fortsetter:<\/p>\n<p>\u2013 Jeg regner med at Leah Behn og de andre venninnene til Tale har stemt massivt, og at de n\u00e5 skal ta seg en skikkelig feiring.<\/p>\n<p>Underholdningskommentatoren mener ogs\u00e5 at Tale Torjussen var den klart beste danseren i finalen.<\/p>\n<p>\u2013 Tale var klart best i kveld, s\u00e5 dette fortjente hun virkelig. Jeg kommer aldri til \u00e5 glemme den siste dansen hennes, sesongen absolutt beste dans!<\/p>\n<p>Eckhoff p\u00e5 tredje: \u2013 Det svakeste leddet<\/p>\n<p>Tredjeplassen i \u00e5rets \u00abSkal vi danse\u00bb gikk til Tiril Eckhoff, som har vist stor evne til utvikling gjennom sesongen.<\/p>\n<p>\u2013 Jeg er utrolig stolt, og det er utrolig kult \u00e5 ha v\u00e6rt med helt til finalen, sier Tiril Eckhoff.<\/p>\n<p>Nettavisens underholdningskommentator Maria Ludvigsen er ikke overrasket over at det ble en tredjeplass p\u00e5 Eckhoff.<\/p>\n<p>    Vil du se neste video?<\/p>\n<p>    <a href=\"https:\/\/www.nettavisen.no\/nyheter\/ville-donald-trump-spekulasjoner-det-er-noe-galt\/v\/5-95-2784982\" class=\"recommend-poster\" data-adp-clicklabel=\"video-recommend\" data-adp-clickvalue=\"poster\" rel=\"nofollow noopener\" target=\"_blank\"><br \/>\n      <img decoding=\"async\" width=\"200\" height=\"200\" loading=\"lazy\" src=\"https:\/\/www.europesays.com\/no\/wp-content\/uploads\/2025\/12\/Forvirret+Trump+2.jpg\" alt=\"\" class=\"brick-c-cFOWSL\" style=\"--brick-image-ratio: 200 \/ 200;\"\/><\/p>\n<p>Ville Trump-spekulasjoner: \u2013 Det er noe galt0:57<\/p>\n<p>    <\/a><\/p>\n<p>        \u00abSkal vi danse\u00bb-deltakerne Trygve Bennetsen og Emma Ellingsen kom med en avsl\u00f8ring p\u00e5 parketten.<\/p>\n<p>\u2013 Dette var litt forventet. Tiril har danket ut flere vinnerkandidater underveis, men n\u00e5 ble hun det svakeste leddet.<\/p>\n<p>   <img decoding=\"async\" width=\"4500\" height=\"3000\" fetchpriority=\"low\"  loading=\"lazy\"  src=\"https:\/\/www.europesays.com\/no\/wp-content\/uploads\/2025\/12\/NTB__EnD3Bf-eYM.jpg\" alt=\"Tiril Eckhoff og Santino Mirenna opptrer under generalpr\u00f8ven til finalen av Skal vi danse 2025.&#10;Foto: Thomas Andersen \/ TV 2\" class=\"brick-c-cFOWSL\" style=\"--brick-image-ratio: 4500 \/ 3000;\"\/><\/p>\n<p>      BRONSE: Tiril Eckhoff og Santino Mirenna fikk en tredjeplass.<br \/>\n      Foto: Thomas Andersen (TV 2)\n    <\/p>\n<p>\u2013 Tiril har gitt oss flere minneverdige \u00f8yeblikk, s\u00e5 det er trist at hun ikke tok seg helt til toppen, fortsetter hun.<\/p>\n<p>De tre deltakerne har danset tre hver i finalen, og dommernes tipoengere har mildt sagt sittet l\u00f8st.<\/p>\n<p><b>F\u00f8lger du med p\u00e5 \u00abSkal vi danse\u00bb? <a href=\"https:\/\/nettavisen.campaign-list.com\/subscribe\/skal-vi-danse\/40cc0749-39c1-49d5-aeab-f2f58503ce4b\" rel=\"nofollow noopener\" target=\"_blank\">Meld deg p\u00e5 nyhetsbrevet v\u00e5rt her<\/a>, slik at du kan f\u00f8lge med p\u00e5 alt vi skriver om denne sesongen! Vi har ogs\u00e5 en egen \u00abSkal vi danse\u00bb-gruppe p\u00e5 Facebook, <a rel=\"Follow nofollow noopener\" href=\"https:\/\/www.facebook.com\/groups\/2646925665650568\" target=\"_blank\">bli gjerne medlem her<\/a>.<\/b><\/p>\n<p>    Vil du se neste video?<\/p>\n<p>    <a href=\"https:\/\/www.nettavisen.no\/nyheter\/ville-donald-trump-spekulasjoner-det-er-noe-galt\/v\/5-95-2784982\" class=\"recommend-poster\" data-adp-clicklabel=\"video-recommend\" data-adp-clickvalue=\"poster\" rel=\"nofollow noopener\" target=\"_blank\"><br \/>\n      <img decoding=\"async\" width=\"200\" height=\"200\" loading=\"lazy\" src=\"https:\/\/www.europesays.com\/no\/wp-content\/uploads\/2025\/12\/Forvirret+Trump+2.jpg\" alt=\"\" class=\"brick-c-cFOWSL\" style=\"--brick-image-ratio: 200 \/ 200;\"\/><\/p>\n<p>Ville Trump-spekulasjoner: \u2013 Det er noe galt0:57<\/p>\n<p>    <\/a><\/p>\n","protected":false},"excerpt":{"rendered":"FORNEBU (Nettavisen): Viggo Venn (36) og Tale Torjussen (20) tok seg videre til gullduell i \u00abSkal vi danse\u00bb,&hellip;\n","protected":false},"author":2,"featured_media":118521,"comment_status":"","ping_status":"","sticky":false,"template":"","format":"standard","meta":{"footnotes":""},"categories":[58],"tags":[71,30,28,29,72],"class_list":{"0":"post-118520","1":"post","2":"type-post","3":"status-publish","4":"format-standard","5":"has-post-thumbnail","7":"category-underholdning","8":"tag-entertainment","9":"tag-no","10":"tag-norge","11":"tag-norway","12":"tag-underholdning"},"share_on_mastodon":{"url":"https:\/\/pubeurope.com\/@no\/115754222660720239","error":""},"_links":{"self":[{"href":"https:\/\/www.europesays.com\/no\/wp-json\/wp\/v2\/posts\/118520","targetHints":{"allow":["GET"]}}],"collection":[{"href":"https:\/\/www.europesays.com\/no\/wp-json\/wp\/v2\/posts"}],"about":[{"href":"https:\/\/www.europesays.com\/no\/wp-json\/wp\/v2\/types\/post"}],"author":[{"embeddable":true,"href":"https:\/\/www.europesays.com\/no\/wp-json\/wp\/v2\/users\/2"}],"replies":[{"embeddable":true,"href":"https:\/\/www.europesays.com\/no\/wp-json\/wp\/v2\/comments?post=118520"}],"version-history":[{"count":0,"href":"https:\/\/www.europesays.com\/no\/wp-json\/wp\/v2\/posts\/118520\/revisions"}],"wp:featuredmedia":[{"embeddable":true,"href":"https:\/\/www.europesays.com\/no\/wp-json\/wp\/v2\/media\/118521"}],"wp:attachment":[{"href":"https:\/\/www.europesays.com\/no\/wp-json\/wp\/v2\/media?parent=118520"}],"wp:term":[{"taxonomy":"category","embeddable":true,"href":"https:\/\/www.europesays.com\/no\/wp-json\/wp\/v2\/categories?post=118520"},{"taxonomy":"post_tag","embeddable":true,"href":"https:\/\/www.europesays.com\/no\/wp-json\/wp\/v2\/tags?post=118520"}],"curies":[{"name":"wp","href":"https:\/\/api.w.org\/{rel}","templated":true}]}}