{"id":118522,"date":"2025-12-20T22:23:29","date_gmt":"2025-12-20T22:23:29","guid":{"rendered":"https:\/\/www.europesays.com\/no\/118522\/"},"modified":"2025-12-20T22:23:29","modified_gmt":"2025-12-20T22:23:29","slug":"monica-johansen-er-ingens-beste-venn","status":"publish","type":"post","link":"https:\/\/www.europesays.com\/no\/118522\/","title":{"rendered":"Monica Johansen er ingens beste venn."},"content":{"rendered":"<p>Gult og rosa h\u00e5r, store, fargerike smykker og et varmt smil.<br \/>\nDet er Monica Johansen (45) som m\u00f8ter KK p\u00e5 Kulturhuset i Oslo. <\/p>\n<p>Hun er artist, DJ, foredragsholder, pedagog og skribent.<br \/>\nNylig postet hun en tekst p\u00e5 sosiale medier om julesorg, og den gikk rett inn i<br \/>\nhjertet til tusenvis av mennesker.<\/p>\n<p> &#8211; Jeg skrev det veldig spontant, egentlig. Men det er selvf\u00f8lgelig noe jeg har tenkt p\u00e5. Lenge.<\/p>\n<p>\u00abJeg vil si noe om julesorg. Om en ensomhet som blir<br \/>\nekstra tydelig i h\u00f8ytider, n\u00e5r alle samles p\u00e5 julelunsjer, middager og fester. Det hadde v\u00e6rt lettest \u00e5 ikke si noe fordi jeg skammer meg. For det gj\u00f8r jeg.<br \/>\nMen. Jeg g\u00e5r ikke den lette veien lenger &#8211; selv om jeg har hjertet i halsen<br \/>\nmens jeg skriver n\u00e5. Sannheten er: Jeg er ingens beste venn\u00bb skriver hun innledningsvis i<br \/>\ninnlegget.<\/p>\n<p>    <a itemprop=\"url\" href=\"https:\/\/www.kk.no\/samliv\/grubler-du-pa-om-forholdet-egentlig-har-en-framtid-disse-sporsmalene-vil-gi-deg-svar\/82921153\" rel=\"nofollow noopener\" target=\"_blank\"><\/p>\n<p>        <img loading=\"lazy\" decoding=\"async\" src=\"https:\/\/www.europesays.com\/no\/wp-content\/uploads\/2025\/12\/82950281.webp\" width=\"980\" height=\"441\" title=\"Grubler du p\u00e5 om forholdet egentlig har en framtid? - Disse sp\u00f8rsm\u00e5lene vil gi deg svar\" alt=\"\" class=\"lazyload\" style=\"--aspect-ratio-image: 2.22; \"\/><\/p>\n<p>        Grubler du p\u00e5 om forholdet egentlig har en framtid? &#8211; Disse sp\u00f8rsm\u00e5lene vil gi deg svar<\/p>\n<p>    <\/a><\/p>\n<p>Tatt helt av\t<\/p>\n<p>Monica fikk et behov for \u00e5 skrive noen ord, uten \u00e5 tenke<br \/>\nover at s\u00e5 mange kom til \u00e5 se det. Ville lette litt p\u00e5 hjertet, h\u00e5pet at det<br \/>\nkanskje traff noen som f\u00f8lte p\u00e5 det samme. <\/p>\n<p>Etter hun postet innlegget p\u00e5 sine kanaler, la hun vekk<br \/>\ntelefonen. Halvannen time senere sjekket hun den, og responsen var enorm.<\/p>\n<p class=\"font-weight-bold m-font-weight-bold\" data-lab-font_weight=\"font-weight-bold\">&#8211; Det har tatt helt av. Hver gang jeg sjekker telefonen har<br \/>\njeg f\u00e5tt nye meldinger. N\u00e5 har innlegget begynt \u00e5 leve sitt eget liv langt<br \/>\nutenfor min f\u00f8lgerskare. Alle slags folk, alle mulige aldre. Folk har kontaktet<br \/>\nmeg aktivt for \u00e5 fortelle sine egne historier. Jeg f\u00f8ler meg litt overveldet.<br \/>\nOg jeg skal svare alle!<\/p>\n<p class=\"italic m-italic\" data-lab-italic=\"italic\">&#8211; Du blir opptatt resten av jula du, da?<\/p>\n<p>Monica ler.<\/p>\n<p>&#8211; Jeg har jo sittet hver dag og svart p\u00e5 meldinger. N\u00e5r folk<br \/>\nt\u00f8r \u00e5 \u00e5pne opp om det som er s\u00e5rt\u2026 da skal du ikke ignorere dem, liksom.<br \/>\nJeg vet s\u00e5 veldig godt hvordan det er \u00e5 sitte og v\u00e6re litt redd.<\/p>\n<p>        <img loading=\"lazy\" decoding=\"async\" src=\"https:\/\/www.europesays.com\/no\/wp-content\/uploads\/2025\/12\/84010788.webp\" width=\"667\" height=\"454\" title=\"Foto: Ida Bergersen\" alt=\"\" class=\"\" style=\"--aspect-ratio-image: 1.47; \"\/><\/p>\n<p>\n        Foto: Ida Bergersen\n    <\/p>\n<p class=\"italic m-italic\" data-lab-italic=\"italic\">&#8211; Hvorfor tror du det traff s\u00e5 bra?<\/p>\n<p class=\"font-weight-bold m-font-weight-bold\" data-lab-font_weight=\"font-weight-bold\">&#8211; Det er sikkert noe med m\u00e5ten jeg skriver det p\u00e5, og at jeg<br \/>\nt\u00f8r \u00e5 skrive fra mitt st\u00e5sted \u2013 ikke et faglig st\u00e5sted. Jeg tror f\u00f8lelsene jeg<br \/>\nsatt med i \u00f8yeblikket kommer tydelig frem.<\/p>\n<p>    <a itemprop=\"url\" href=\"https:\/\/www.kk.no\/livet\/vi-endte-i-de-samme-kranglene-igjen-og-igjen\/83843369\" rel=\"nofollow noopener\" target=\"_blank\"><\/p>\n<p>        <img loading=\"lazy\" decoding=\"async\" src=\"https:\/\/www.europesays.com\/no\/wp-content\/uploads\/2025\/12\/1766269397_464_83925869.webp\" width=\"980\" height=\"441\" title=\"- Vi endte i de samme kranglene igjen og igjen\" alt=\"\" class=\"lazyload\" style=\"--aspect-ratio-image: 2.22; \"\/><\/p>\n<p>        &#8211; Vi endte i de samme kranglene igjen og igjen<\/p>\n<p>    <\/a><\/p>\n<p>Kan misforst\u00e5s<\/p>\n<p>Innlegget har ogs\u00e5 blitt litt misforst\u00e5tt. Monica \u00f8nsket \u00e5<br \/>\nsette ord p\u00e5 hvordan det er \u00e5 ikke v\u00e6re noens f\u00f8rsteprioritet. Hvordan det er \u00e5<br \/>\nikke tilh\u00f8re en vennegjeng. For hun har mange venner. Men man kan ha mange<br \/>\nvenner, og likevel f\u00f8le seg ensom. <\/p>\n<p>Hvert \u00e5r dukker det opp historier om mennesker som feirer<br \/>\njul helt alene. Dette handler mer om den usynlige ensomheten. <\/p>\n<p>&#8211; Noen har antakelser om hvordan jeg har det, som ikke<br \/>\nn\u00f8dvendigvis stemmer. Noen synes veldig synd p\u00e5 meg og \u00f8nsker \u00e5 invitere meg<br \/>\nhjem p\u00e5 julaften. Det er kjempehyggelig, men det er ikke det innlegget handler<br \/>\nom. <\/p>\n<p>        <img loading=\"lazy\" decoding=\"async\" src=\"https:\/\/www.europesays.com\/no\/wp-content\/uploads\/2025\/12\/84010790.webp\" width=\"667\" height=\"1048\" title=\"Foto: Ida Bergersen\" alt=\"\" class=\"\" style=\"--aspect-ratio-image: 0.64; \"\/><\/p>\n<p>\n        Foto: Ida Bergersen\n    <\/p>\n<p>    <a itemprop=\"url\" href=\"https:\/\/www.kk.no\/livet\/anna-kuttet-ut-moren-sin-i-syv-ar\/83955253\" rel=\"nofollow noopener\" target=\"_blank\"><\/p>\n<p>        <img loading=\"lazy\" decoding=\"async\" src=\"https:\/\/www.europesays.com\/no\/wp-content\/uploads\/2025\/12\/83955346.webp\" width=\"147\" height=\"98\" title=\"Anna kuttet ut moren sin i syv \u00e5r\" alt=\"\" class=\"lazyload\" style=\"--aspect-ratio-image: 1.50; \"\/><\/p>\n<p>        Anna kuttet ut moren sin i syv \u00e5r<\/p>\n<p>    <\/a><\/p>\n<p>Jobbet med \u00e5penhet<\/p>\n<p>Monica g\u00e5r i terapi, noe hun har gjort i over fem \u00e5r. Det<br \/>\nstartet med at hun fikk f\u00f8dselsdepresjon da hun fikk s\u00f8nnen sin for fem \u00e5r<br \/>\nsiden. Hun havnet i et psykologl\u00f8p, og da begynte hun \u00e5 grave i barndommen.<\/p>\n<p>&#8211; Mange vokser opp med emosjonelt utilgjengelige foreldre, da de ikke er vant til \u00e5 vise f\u00f8lslser. Om du blir avvist som barn, vil det prege deg i voksenlivet. Da beskytter du deg<br \/>\nmye i relasjoner, fordi du er redd for avvisning, sier hun.<\/p>\n<p>Ensomhet er et tema som dukker opp med jevne mellomrom. Det<br \/>\nhar blitt mye selvrefleksjon.<\/p>\n<p>&#8211; Det er jo noe i meg ogs\u00e5. Det er ikke alltid s\u00e5nn at det<br \/>\nbare er alle andre rundt. For meg har det tatt tid \u00e5 klare \u00e5 v\u00e6re \u00e5pen. Og jeg<br \/>\nkan v\u00e6re \u00e5pen om mange ting, men det kan v\u00e6re vanskeligst \u00e5 si det til de<br \/>\nn\u00e6rmeste. <\/p>\n<p>    <a itemprop=\"url\" href=\"https:\/\/www.kk.no\/livet\/jeg-matte-ringe-til-presten-og-si-at-bryllupet-var-avlyst\/83932830\" rel=\"nofollow noopener\" target=\"_blank\"><\/p>\n<p>        <img loading=\"lazy\" decoding=\"async\" src=\"https:\/\/www.europesays.com\/no\/wp-content\/uploads\/2025\/12\/1766269402_677_83913551.webp\" width=\"980\" height=\"441\" title=\"- Jeg m\u00e5tte ringe til presten og si at bryllupet var avlyst\" alt=\"\" class=\"lazyload\" style=\"--aspect-ratio-image: 2.22; \"\/><\/p>\n<p>        &#8211; Jeg m\u00e5tte ringe til presten og si at bryllupet var avlyst<\/p>\n<p>    <\/a><\/p>\n<p>Kun f\u00e5tt kj\u00e6rlighet<\/p>\n<p>F\u00f8r innlegget ble delt, var Monica redd for \u00e5 f\u00e5 negativ<br \/>\nrespons. Men det har ikke kommet \u00e9n eneste negativ melding.<\/p>\n<p>&#8211; Jeg hadde hjertet i halsen da jeg publiserte det, ja. Men<br \/>\nmange sier takk. Takk for at du sier det jeg ikke t\u00f8r. Det er s\u00e5 mange som<br \/>\nf\u00f8ler det samme, men ikke sier det. <\/p>\n<p>Monica var spesielt redd for hva vennene hennes kom til \u00e5<br \/>\ntenke.<\/p>\n<p>&#8211; Jeg lurte p\u00e5 hvordan jeg kunne ordlegge meg p\u00e5 en m\u00e5te s\u00e5<br \/>\njeg ikke tr\u00e5kket p\u00e5 dem. For det var p\u00e5 ingen m\u00e5te et angrep p\u00e5 dem \u2013 jeg har<br \/>\ns\u00e5 nydelige venner. Jeg har veldig gode vennerelasjoner som jeg kan m\u00f8te \u00e9n til<br \/>\n\u00e9n. Men jeg faller litt mellom stolene n\u00e5r flere skal m\u00f8tes. <\/p>\n<p>Hun er ikke med i den innerste kretsen til noen av dem, og<br \/>\nblir veldig sjelden invitert n\u00e5r de samles med sine. Noen har sin gjeng fra f\u00f8r<br \/>\nde ble kjent med Monica. Hun tror at hun utstr\u00e5ler en slags \u00abher g\u00e5r alt<br \/>\ngreit\u00bb-energi, som gj\u00f8r at folk tenker at hun er opptatt med sitt.<\/p>\n<p>&#8211; Det er p\u00e5 en m\u00e5te forsvarsmekanismen min, som jeg har hatt<br \/>\nhele livet. Alltid sagt \u00abdet g\u00e5r bra\u00bb. Jeg orker ikke \u00e5 lage noe drama rundt<br \/>\ndet, istedenfor aksepterer jeg ting som de er. For jeg vet at ingen bevisst<br \/>\npr\u00f8ver \u00e5 holde meg utenfor, sier hun.<\/p>\n<p>        <img loading=\"lazy\" decoding=\"async\" src=\"https:\/\/www.europesays.com\/no\/wp-content\/uploads\/2025\/12\/84010809.webp\" width=\"667\" height=\"1014\" title=\"Foto: Ida Bergersen\" alt=\"\" class=\"\" style=\"--aspect-ratio-image: 0.66; \"\/><\/p>\n<p>\n        Foto: Ida Bergersen\n    <\/p>\n<p>    <a itemprop=\"url\" href=\"https:\/\/www.kk.no\/mamma\/da-stine-motte-per-matte-hun-utfordre-sin-aller-storste-frykt\/83868814\" rel=\"nofollow noopener\" target=\"_blank\"><\/p>\n<p>        <img loading=\"lazy\" decoding=\"async\" src=\"https:\/\/www.europesays.com\/no\/wp-content\/uploads\/2025\/12\/1766269404_774_83868953.webp\" width=\"147\" height=\"98\" title=\"Da Stine m\u00f8tte Per, m\u00e5tte hun utfordre sin aller st\u00f8rste frykt\" alt=\"\" class=\"lazyload\" style=\"--aspect-ratio-image: 1.50; \"\/><\/p>\n<p>        Da Stine m\u00f8tte Per, m\u00e5tte hun utfordre sin aller st\u00f8rste frykt<\/p>\n<p>    <\/a><\/p>\n<p>Feilaktig bilde<\/p>\n<p>Mange har kanskje et bilde av at ensomhet er mennesker som<br \/>\ner litt utenfor samfunnet, som ikke har et nettverk. Kanskje ikke er i jobb.<br \/>\nMen etter responsen p\u00e5 innlegget har hun skj\u00f8nt at ensomhet er et<br \/>\nsamfunnsproblem. <\/p>\n<p>&#8211; Ensomheten jeg f\u00f8ler p\u00e5, handler ikke om vennene mine. Den<br \/>\nensomheten har v\u00e6rt der hele livet. At jeg ikke helt har funnet min plass. Og<br \/>\nn\u00e5r julen kommer, blir det ekstra synlig. Du kan ikke l\u00f8pe fra det, for det er<br \/>\nover alt, hele tiden. <\/p>\n<p>Monica forklarer at hun ikke har et d\u00e5rlig forhold til<br \/>\nfamilien, men hun f\u00f8ler at de ikke kjenner henne heller.<\/p>\n<p>&#8211; Jeg tror mange f\u00f8ler at det som skal v\u00e6re famili\u00e6rt og<br \/>\nn\u00e6rt, kan f\u00f8les litt fremmed. Da g\u00e5r man bare inn i en rolle og gj\u00f8r det man<br \/>\nalltid har gjort. <\/p>\n<p>    <a itemprop=\"url\" href=\"https:\/\/www.kk.no\/samliv\/hvorfor-skal-ikke-en-98-aring-finne-kjaerlighet-pa-nytt\/83050097\" rel=\"nofollow noopener\" target=\"_blank\"><\/p>\n<p>        <img loading=\"lazy\" decoding=\"async\" src=\"https:\/\/www.europesays.com\/no\/wp-content\/uploads\/2025\/12\/83050113.webp\" width=\"980\" height=\"441\" title=\"- Hvorfor skal ikke en 98-\u00e5ring finne kj\u00e6rlighet p\u00e5 nytt\" alt=\"\" class=\"lazyload\" style=\"--aspect-ratio-image: 2.22; \"\/><\/p>\n<p>        &#8211; Hvorfor skal ikke en 98-\u00e5ring finne kj\u00e6rlighet p\u00e5 nytt<\/p>\n<p>    <\/a><\/p>\n<p>Sett tilbake p\u00e5 barndommen<\/p>\n<p>Monica har jobbet som l\u00e6rer i 17 \u00e5r, og n\u00e5 jobber hun som<br \/>\n\u00abindre barn-mentor\u00bb. Det har bidratt til at hun har sett mye tilbake p\u00e5 sin<br \/>\negen barndom. Hvordan relasjonen til foreldrene dine preger deg i voksenlivet.<\/p>\n<p>Det<br \/>\nhar\u00a0alltid\u00a0v\u00e6rt viktig for Monica \u00e5 fremst\u00e5 som sterk, for det l\u00e6rte<br \/>\nhun tidlig at hun m\u00e5tte. Hun bryter aldri sammen i gr\u00e5t foran noen.<br \/>\nTidligere\u00a0ba hun heller aldri om hjelp.\u00a0<\/p>\n<p class=\"font-weight-bold m-font-weight-bold\" data-lab-font_weight=\"font-weight-bold\">&#8211; Det er ikke s\u00e5 veldig lett \u00e5 si hvordan du har det, hvis<br \/>\ndu aldri har l\u00e6rt at det er trygt. Jeg blir litt irritert n\u00e5r vi f\u00e5r h\u00f8re at<br \/>\n\u00abvi m\u00e5 bare snakke sammen\u00bb, for det h\u00f8res s\u00e5 lett ut. Men det som er s\u00e5<br \/>\nvanskelig, er at det er s\u00e5 fryktelig skummelt. Det er skummelt \u00e5 v\u00e6re s\u00e5rbar,<br \/>\nfor hvem er du da?<\/p>\n<p>Det har Monica tenkt mye p\u00e5. Hun har et bilde av seg selv<br \/>\nsom hun \u00f8nsker \u00e5 vise til omverdenen. <\/p>\n<p>&#8211; Jeg vil jo at folk<br \/>\nskal tenke p\u00e5 meg som en ressurssterk, flink person som kan masse. Men ved \u00e5<br \/>\nposte det innlegget kan jeg fort bli hun dama som ikke har venner, som man<br \/>\nsynes synd p\u00e5. Og jeg f\u00f8ler ikke at det stemmer, heller. Men folk kan tenke<br \/>\nhva de vil \u2013 det er utenfor min kontroll, og det st\u00e5r jeg veldig st\u00f8tt i. Jeg<br \/>\ntror noe av det viktigste vi kan gj\u00f8re er \u00e5 vise s\u00e5rbarhet.\u00a0<\/p>\n<p>        <img loading=\"lazy\" decoding=\"async\" src=\"https:\/\/www.europesays.com\/no\/wp-content\/uploads\/2025\/12\/84010805.webp\" width=\"667\" height=\"434\" title=\"Foto: Ida Bergersen\" alt=\"\" class=\"\" style=\"--aspect-ratio-image: 1.54; \"\/><\/p>\n<p>\n        Foto: Ida Bergersen\n    <\/p>\n<p>Monica tror at de menneskene som fremst\u00e5r som sterke,<br \/>\nkanskje blir tatt for gitt.<\/p>\n<p>&#8211; Jeg f\u00f8ler at jeg havner i den kategorien. At det utad ser<br \/>\nut som at alt g\u00e5r fint. Men inni meg er jeg bare en liten jente som ikke helt<br \/>\nt\u00f8r \u00e5 stole p\u00e5 at jeg kan koble meg p\u00e5, sier hun, og legger til:<\/p>\n<p>&#8211; Budskapet m\u00e5 v\u00e6re at vi skal bli flinkere til \u00e5 se<br \/>\nhverandre og inkludere hverandre. Ikke bare i jula, men hele \u00e5ret. <\/p>\n<p>    <a itemprop=\"url\" href=\"https:\/\/www.kk.no\/mamma\/monica-veide-for-mye---fikk-ikke-assistert-befruktning\/71187782\" rel=\"nofollow noopener\" target=\"_blank\"><\/p>\n<p>        <img loading=\"lazy\" decoding=\"async\" src=\"https:\/\/www.europesays.com\/no\/wp-content\/uploads\/2025\/12\/71187789.webp\" width=\"980\" height=\"441\" title=\"Monica var for tykk for IVF i det offentlige\" alt=\"\" class=\"lazyload\" style=\"--aspect-ratio-image: 2.22; \"\/><\/p>\n<p>        Monica var for tykk for IVF i det offentlige<\/p>\n<p>    <\/a><\/p>\n<p>        <img loading=\"lazy\" decoding=\"async\" src=\"https:\/\/www.europesays.com\/no\/wp-content\/uploads\/2025\/12\/1766269409_175_81859885.webp\" width=\"196\" height=\"155\" title=\"Har du et tips?\" alt=\"\" class=\"\" style=\"--aspect-ratio-image: 1.26; \"\/><\/p>\n<p>        Har du et tips?<\/p>\n<p class=\"subtitle\">Hei, jeg heter Ida Bergersen, og er journalist i KK. Har du et tips, en historie du vil fortelle eller et felt du mener vi b\u00f8r skrive om?<\/p>\n<p>\u00a0<\/p>\n","protected":false},"excerpt":{"rendered":"Gult og rosa h\u00e5r, store, fargerike smykker og et varmt smil. Det er Monica Johansen (45) som m\u00f8ter&hellip;\n","protected":false},"author":2,"featured_media":118523,"comment_status":"","ping_status":"","sticky":false,"template":"","format":"standard","meta":{"footnotes":""},"categories":[10],"tags":[20,21,1913,24,25,15,22,23,4016,14212,13,30,28,29,14,16,26,27],"class_list":{"0":"post-118522","1":"post","2":"type-post","3":"status-publish","4":"format-standard","5":"has-post-thumbnail","7":"category-norge","8":"tag-breaking-news","9":"tag-breakingnews","10":"tag-ensomhet","11":"tag-featured-news","12":"tag-featurednews","13":"tag-headlines","14":"tag-latest-news","15":"tag-latestnews","16":"tag-livet","17":"tag-monica-johansen","18":"tag-news","19":"tag-no","20":"tag-norge","21":"tag-norway","22":"tag-nyheter","23":"tag-overskrifter","24":"tag-top-stories","25":"tag-topstories"},"share_on_mastodon":{"url":"https:\/\/pubeurope.com\/@no\/115754238782508941","error":""},"_links":{"self":[{"href":"https:\/\/www.europesays.com\/no\/wp-json\/wp\/v2\/posts\/118522","targetHints":{"allow":["GET"]}}],"collection":[{"href":"https:\/\/www.europesays.com\/no\/wp-json\/wp\/v2\/posts"}],"about":[{"href":"https:\/\/www.europesays.com\/no\/wp-json\/wp\/v2\/types\/post"}],"author":[{"embeddable":true,"href":"https:\/\/www.europesays.com\/no\/wp-json\/wp\/v2\/users\/2"}],"replies":[{"embeddable":true,"href":"https:\/\/www.europesays.com\/no\/wp-json\/wp\/v2\/comments?post=118522"}],"version-history":[{"count":0,"href":"https:\/\/www.europesays.com\/no\/wp-json\/wp\/v2\/posts\/118522\/revisions"}],"wp:featuredmedia":[{"embeddable":true,"href":"https:\/\/www.europesays.com\/no\/wp-json\/wp\/v2\/media\/118523"}],"wp:attachment":[{"href":"https:\/\/www.europesays.com\/no\/wp-json\/wp\/v2\/media?parent=118522"}],"wp:term":[{"taxonomy":"category","embeddable":true,"href":"https:\/\/www.europesays.com\/no\/wp-json\/wp\/v2\/categories?post=118522"},{"taxonomy":"post_tag","embeddable":true,"href":"https:\/\/www.europesays.com\/no\/wp-json\/wp\/v2\/tags?post=118522"}],"curies":[{"name":"wp","href":"https:\/\/api.w.org\/{rel}","templated":true}]}}