{"id":118528,"date":"2025-12-20T22:29:10","date_gmt":"2025-12-20T22:29:10","guid":{"rendered":"https:\/\/www.europesays.com\/no\/118528\/"},"modified":"2025-12-20T22:29:10","modified_gmt":"2025-12-20T22:29:10","slug":"demokratene-hevder-trump-bilde-er-fjernet-fra-epstein-dokumentene","status":"publish","type":"post","link":"https:\/\/www.europesays.com\/no\/118528\/","title":{"rendered":"Demokratene hevder Trump-bilde er fjernet fra Epstein-dokumentene"},"content":{"rendered":"<p class=\"extendedContent hyperion-css-eyn926\" data-test-tag=\"lead-text\">Et bilde som viser USAs president, skal v\u00e6re fjernet fra dokumentene om overgrepsd\u00f8mte Jeffrey Epstein, hevder demokratene.<\/p>\n<p><img decoding=\"async\" class=\"image-asset hyperion-css-u06ts1\" data-test-tag=\"image-asset\" src=\"https:\/\/www.europesays.com\/no\/wp-content\/uploads\/2025\/12\/b7368d50-0033-4cc8-96b1-0f1fd0b6b608\"  alt=\"Et bilde i skuffen fra Jeffrey Epsteins hjem skal v\u00e6re fjernet fra Epstein-dokumentene, mener demokratene.\"  loading=\"eager\" fetchpriority=\"high\" style=\"aspect-ratio:802 \/ 568\"\/>Et bilde i skuffen fra Jeffrey Epsteins hjem skal v\u00e6re fjernet fra Epstein-dokumentene, mener demokratene. Foto: U.S. Justice Department<\/p>\n<p>Publisert: 20.12.2025 22:49<\/p>\n<p>Kortversjonen<\/p>\n<ul class=\"hyperion-css-1wfq1v6\" data-test-tag=\"list\">\n<li class=\"hyperion-css-13wylk3\">Et bilde av Donald Trump skal v\u00e6re fjernet fra nylig offentliggjorte Epstein-dokumenter. Demokratene stiller sp\u00f8rsm\u00e5l ved omfanget av sladdingen.<\/li>\n<li class=\"hyperion-css-13wylk3\">B\u00e5de demokrater og republikanere krever mer \u00e5penhet. Kritikken fokuserer p\u00e5 politiske forhold og potensielt skjulte detaljer.<\/li>\n<li class=\"hyperion-css-13wylk3\">Ytterligere dokumenter skal offentliggj\u00f8res. Justisdepartementet forsvarer sladdingen for \u00e5 beskytte ofrene i saken.<\/li>\n<\/ul>\n<p data-nosnippet=\"true\" class=\"hyperion-css-1qe9pn0\">Sammendraget er laget ved hjelp av kunstig intelligens (KI) og kvalitetssikret av Aftenpostens journalister.<\/p>\n<p>Vis mer<\/p>\n<p class=\"paywall hyperion-css-1j42uic\">Bill Clinton, Mick Jagger, Richard Branson, Michael Jackson og mange flere kjente og innflytelsesrike personer viste seg \u00e5 v\u00e6re i dokumentene som det amerikanske justisdepartementet offentliggjorde fredag.<\/p>\n<p class=\"paywall hyperion-css-1j42uic\">En som var sv\u00e6rt frav\u00e6rende i materialet, var Donald Trump.<\/p>\n<p class=\"paywall hyperion-css-1j42uic\">N\u00e5 mener demokratene i Representantenes hus\u2019 tilsynskomit\u00e9 at et bilde \u00absom inkluderer Donald Trump tilsynelatende er fjernet\u00bb fra dokumentene som ble offentliggjort om etterforskningen av Epstein.<\/p>\n<p>Bildet i skuffen<\/p>\n<p class=\"paywall hyperion-css-1j42uic\">Dokumentene som ble lagt ut fredag kveld, viser en rekke bilder som synes \u00e5 v\u00e6re tatt av etterforskere inne i Epsteins hjem.<\/p>\n<p class=\"paywall hyperion-css-1j42uic\">Et av dem viser innrammede bilder p\u00e5 et skrivebord. En av bordets skuffer er ogs\u00e5 \u00e5pnet, og inni er det en rekke andre bilder. Et av disse er av Donald Trump. P\u00e5 bildet er ogs\u00e5 Melania Trump og Ghislaine Maxwell, Epsteins tidligere kj\u00e6reste som er blitt d\u00f8mt for seksualforbrytelser.<\/p>\n<p class=\"paywall hyperion-css-1j42uic\">Et n\u00e6rbilde av dette ble f\u00f8rst lagt ut sammen med resten av dokumentene fredag. Men senere er akkurat dette bildet borte fra justisdepartementets nettsider.<\/p>\n<p><img decoding=\"async\" class=\"image-asset hyperion-css-u06ts1\" data-test-tag=\"image-asset\" src=\"https:\/\/www.europesays.com\/no\/wp-content\/uploads\/2025\/12\/0d2021e3-a033-4906-98c0-133a246c1483\"  alt=\"Oversikten over filer viser at bildet med filnavn som slutter p\u00e5 468, er borte. Dette bildet etterlyser demokratene n\u00e5 svar p\u00e5.\"  loading=\"eager\" fetchpriority=\"high\" style=\"aspect-ratio:204 \/ 84\"\/>Oversikten over filer viser at bildet med filnavn som slutter p\u00e5 468, er borte. Dette bildet etterlyser demokratene n\u00e5 svar p\u00e5. Foto: Skjermdump av U.S. Justice Department<img decoding=\"async\" class=\"image-asset hyperion-css-u06ts1\" data-test-tag=\"image-asset\" src=\"https:\/\/www.europesays.com\/no\/wp-content\/uploads\/2025\/12\/0f63a7e1-7408-44ab-b8a9-740d6b624a13\"  alt=\"Det er i denne skuffen bildet av Trump l\u00e5.\"  loading=\"eager\" fetchpriority=\"high\" style=\"aspect-ratio:2048 \/ 1336\"\/>Det er i denne skuffen bildet av Trump l\u00e5. Foto: U.S. Justice Department<\/p>\n<p class=\"paywall hyperion-css-1j42uic\">I en post p\u00e5 X sp\u00f8r demokratene justisminister Pam Bondi om det stemmer at bildet er fjernet, og i s\u00e5 fall: Hva annet blir dekket over?<\/p>\n<p class=\"paywall hyperion-css-1j42uic\">\u00abVi trenger \u00e5penhet for det amerikanske folket\u00bb, skriver demokratene.<\/p>\n<p>Dette bildet viser et av rommene der unge kvinner skal ha blitt utsatt for overgrep.<\/p>\n<p>1 av 4Foto: U.S. Justice Department\u00a0<\/p>\n<p>Blandede reaksjoner<\/p>\n<p class=\"paywall hyperion-css-1j42uic\">Blant konservative stemmer i USA er det ulike meninger om dokumentene som kom fredag.<\/p>\n<p class=\"paywall hyperion-css-1j42uic\">Trumps st\u00f8ttespillere har fors\u00f8kt \u00e5 rette s\u00f8kelyset mot Bill Clinton og andre demokrater som dukker opp i dokumentene.<\/p>\n<p class=\"paywall hyperion-css-1j42uic\">Andre republikanere er bekymret over all sladdingen. De frykter at dette kan sette Trump og partiet i et d\u00e5rlig lys.<\/p>\n<p class=\"paywall hyperion-css-1j42uic\">For til tross for at Trumps navn og bilde dukker opp i noen av dokumentene, er det flere som reiser sp\u00f8rsm\u00e5l om hva som kan v\u00e6re skjult bak de svarte feltene. Republikaneren Thomas Massie sier at sladdingen er ulovlig. Han sier ogs\u00e5 at Kongressen kan stille justisminister Pam Bondi for riksrett for bruddet.<\/p>\n<p class=\"paywall hyperion-css-1j42uic\">Marjorie Taylor Greene, som nylig har kommet p\u00e5 kant med Trump, er ogs\u00e5 kritisk. Hun p\u00e5peker dessuten at ikke alle dokumentene ble lagt ut innen den lovp\u00e5lagte fristen.<\/p>\n<p class=\"paywall hyperion-css-1j42uic\">Trump-st\u00f8ttespillere, deriblant Laura Loomer, er langt mer positive til offentliggj\u00f8ringen.<\/p>\n<p class=\"paywall hyperion-css-1j42uic\">\u00abDet er ganske hyklersk hvordan demokratene falskt anklaget president Trump for \u00e5 v\u00e6re pedofil, bare for at Trumps justisdepartement skulle offentliggj\u00f8re Epstein-dokumenter som viser Bill Clintons nakenbading med en pedofil i pedofiliens basseng\u00bb, skriver hun.<\/p>\n<p><img decoding=\"async\" class=\"image-asset hyperion-css-u06ts1\" data-test-tag=\"image-asset\" src=\"https:\/\/www.europesays.com\/no\/wp-content\/uploads\/2025\/12\/09e4fab4-a05e-4d7f-9d80-0015725e7384\"  alt=\"Flere reagerer ogs\u00e5 p\u00e5 bildene av Michael Jackson i Epstein-dokumentene.\"  loading=\"eager\" fetchpriority=\"high\" style=\"aspect-ratio:1178 \/ 1465\"\/>Flere reagerer ogs\u00e5 p\u00e5 bildene av Michael Jackson i Epstein-dokumentene. Foto: U.S. Justice Department\/Reuters\/NTBKritikk for sladding<\/p>\n<p class=\"paywall hyperion-css-1j42uic\">Det er ikke bare republikanere og demokrater som reagerer p\u00e5 den voldsomme sladdingen. Blant annet har fans av avd\u00f8de Michael Jackson reagert p\u00e5 sladdingen av et bilde med Jackson, Diana Ross og Bill Clinton.<\/p>\n<p class=\"paywall hyperion-css-1j42uic\">Bildet, som fra f\u00f8r av er offentlig, viser at det er Jacksons barn og Ross\u2019 s\u00f8nn som skjuler seg bak sladdene.<\/p>\n<p class=\"paywall hyperion-css-1j42uic\">Bildet er tatt i en offisiell sammenheng, og det finnes tilsvarende bilder tatt av profesjonelle fotografer.<\/p>\n<p>Varsler flere dokumenter<\/p>\n<p class=\"paywall hyperion-css-1j42uic\">Visejustisminister Todd Blanche har sagt at det fortsatt gjenst\u00e5r \u00e5 offentliggj\u00f8re flere hundre tusen dokumenter. Det vil skje i l\u00f8pet av de n\u00e6rmeste ukene, opplyser han.<\/p>\n<p class=\"paywall hyperion-css-1j42uic\">Departementet har ogs\u00e5 svart p\u00e5 kritikken av den voldsomme sladdingen. Det har sagt at det er n\u00f8dvendig for \u00e5 beskytte de rundt 1200 ofrene i saken.<\/p>\n<p class=\"paywall hyperion-css-1j42uic\">Epstein ble allerede i 2007 d\u00f8mt i en seksualsak. Da hadde han i flere \u00e5r pleid sosiale forhold til mange mektige personer. Blant dem tidligere prins Andrew, som n\u00e5 heter Andrew Mountbatten-Windsor.<\/p>\n<p class=\"paywall hyperion-css-1j42uic\">Ogs\u00e5 i materialet som ble lagt ut fredag, dukket Andrew opp. Et bilde viser at den dav\u00e6rende prinsen tok med Epstein inn i den britiske kongefamiliens innerste krets, if\u00f8lge The Telegraph.<\/p>\n<p class=\"paywall hyperion-css-1j42uic\">Bildet viser den tidligere prinsen liggende over fem kvinner inne i Sandringham-slottet \u2013 der den britiske kongefamilien tradisjonelt feirer jul.<\/p>\n<p><img decoding=\"async\" class=\"image-asset hyperion-css-u06ts1\" data-test-tag=\"image-asset\" src=\"https:\/\/www.europesays.com\/no\/wp-content\/uploads\/2025\/12\/95e04a51-dcfc-437a-aea7-4199eb4c8788\"  alt=\"Den tidligere prins Andrew ligger henslengt over flere sittende kvinner p\u00e5 bildet som er offentliggjort i Epstein-dokumentene.\"  loading=\"eager\" fetchpriority=\"high\" style=\"aspect-ratio:953 \/ 792\"\/>Den tidligere prins Andrew ligger henslengt over flere sittende kvinner p\u00e5 bildet som er offentliggjort i Epstein-dokumentene. Foto: U.S. Justice Department<\/p>\n<p class=\"paywall hyperion-css-1j42uic\">Etter at flere tidligere ofre sto frem, ble Epstein i 2019 p\u00e5grepet p\u00e5 nytt.<\/p>\n<p class=\"paywall hyperion-css-1j42uic\">I august 2019 tok han sitt eget liv i fengselet f\u00f8r saken mot ham kom for retten.<\/p>\n","protected":false},"excerpt":{"rendered":"Et bilde som viser USAs president, skal v\u00e6re fjernet fra dokumentene om overgrepsd\u00f8mte Jeffrey Epstein, hevder demokratene. Et&hellip;\n","protected":false},"author":2,"featured_media":118529,"comment_status":"","ping_status":"","sticky":false,"template":"","format":"standard","meta":{"footnotes":""},"categories":[12],"tags":[20,21,24,25,15,22,23,13,30,28,29,14,16,26,27,42,43,44,45],"class_list":{"0":"post-118528","1":"post","2":"type-post","3":"status-publish","4":"format-standard","5":"has-post-thumbnail","7":"category-verden","8":"tag-breaking-news","9":"tag-breakingnews","10":"tag-featured-news","11":"tag-featurednews","12":"tag-headlines","13":"tag-latest-news","14":"tag-latestnews","15":"tag-news","16":"tag-no","17":"tag-norge","18":"tag-norway","19":"tag-nyheter","20":"tag-overskrifter","21":"tag-top-stories","22":"tag-topstories","23":"tag-verden","24":"tag-world","25":"tag-world-news","26":"tag-worldnews"},"share_on_mastodon":{"url":"https:\/\/pubeurope.com\/@no\/115754262112101578","error":""},"_links":{"self":[{"href":"https:\/\/www.europesays.com\/no\/wp-json\/wp\/v2\/posts\/118528","targetHints":{"allow":["GET"]}}],"collection":[{"href":"https:\/\/www.europesays.com\/no\/wp-json\/wp\/v2\/posts"}],"about":[{"href":"https:\/\/www.europesays.com\/no\/wp-json\/wp\/v2\/types\/post"}],"author":[{"embeddable":true,"href":"https:\/\/www.europesays.com\/no\/wp-json\/wp\/v2\/users\/2"}],"replies":[{"embeddable":true,"href":"https:\/\/www.europesays.com\/no\/wp-json\/wp\/v2\/comments?post=118528"}],"version-history":[{"count":0,"href":"https:\/\/www.europesays.com\/no\/wp-json\/wp\/v2\/posts\/118528\/revisions"}],"wp:featuredmedia":[{"embeddable":true,"href":"https:\/\/www.europesays.com\/no\/wp-json\/wp\/v2\/media\/118529"}],"wp:attachment":[{"href":"https:\/\/www.europesays.com\/no\/wp-json\/wp\/v2\/media?parent=118528"}],"wp:term":[{"taxonomy":"category","embeddable":true,"href":"https:\/\/www.europesays.com\/no\/wp-json\/wp\/v2\/categories?post=118528"},{"taxonomy":"post_tag","embeddable":true,"href":"https:\/\/www.europesays.com\/no\/wp-json\/wp\/v2\/tags?post=118528"}],"curies":[{"name":"wp","href":"https:\/\/api.w.org\/{rel}","templated":true}]}}