{"id":118530,"date":"2025-12-20T22:30:37","date_gmt":"2025-12-20T22:30:37","guid":{"rendered":"https:\/\/www.europesays.com\/no\/118530\/"},"modified":"2025-12-20T22:30:37","modified_gmt":"2025-12-20T22:30:37","slug":"nyheter-fugleinfluensa-flere-dode-fugler-funnet-viktig-at-folk-melder-fra-romerikes-blad","status":"publish","type":"post","link":"https:\/\/www.europesays.com\/no\/118530\/","title":{"rendered":"Nyheter, Fugleinfluensa | Flere d\u00f8de fugler funnet: \u2013 Viktig at folk melder fra &#8211; Romerikes Blad"},"content":{"rendered":"<ol>\n<li><a href=\"https:\/\/news.google.com\/rss\/articles\/CBMiiwFBVV95cUxQZWNrWEVwUEk0ZVlCYkpfUTVfYWlFdVpDcFFLSUdKcHhYeGJRWlc0aVZ5cjdhWEwwdXU2S2s4a1dsLV96Ti1nSlJOYmZkNE1YS3FnLVUxX216NFN6ek0tYnVJeG11cUJ2TE1xSHY2dV9OSzFyaS1Vc2NZVnBESUJFOU0tTVRuVjdXazRr?oc=5\" target=\"_blank\" rel=\"nofollow noopener\">Nyheter, Fugleinfluensa | Flere d\u00f8de fugler funnet: \u2013 Viktig at folk melder fra<\/a>&nbsp;&nbsp;Romerikes Blad<\/li>\n<li><a href=\"https:\/\/news.google.com\/rss\/articles\/CBMikwFBVV95cUxOZ0N5ejNyMFI0elpzakFta1h4TmNtejJjUHRYUkpneTY5Q1RycEVnTVh6c29wNVlDQzV5VzNjelZNbDJES1FpY2JvWW5CT291bHVyczZYRVZJekF4VFNaNi1KQ01tdGVkTVk2cXlBeGsxUFJ2c280T2pKdk42SUh1aHJtSkFHR1FCdlRVbDladTQ1b28?oc=5\" target=\"_blank\" rel=\"nofollow noopener\">Svaned\u00f8den: &#8211; Trenger ikke \u00e5 bli en lokal epidemi<\/a>&nbsp;&nbsp;avisa-st.no<\/li>\n<li><a href=\"https:\/\/news.google.com\/rss\/articles\/CBMirgFBVV95cUxQTlBtOGg2bi1zYXFwbkhEZVlZMGt5VEhxQWZmN0VRRXlhcEhzcHRhVllpaU1UM3BZRHNWS1VJcnlTMzBrNkNFb2o3cEs3aWhPWXliXzFqM1NFVXMzSEtSRGxaMVplMGtZaU9tQlJFeUpwUmgwS19DYktUUG02UVpWZFRLQjRUZkM1dTA5Z1VWNGlMeEdwUDVleVAzMGFFcERyNEVQT2Nwd3FWZV9hYWc?oc=5\" target=\"_blank\" rel=\"nofollow noopener\">Privatperson grep inn &#8211; n\u00e5 er den syke svanen avlivet<\/a>&nbsp;&nbsp;tronderbladet.no<\/li>\n<li><a href=\"https:\/\/news.google.com\/rss\/articles\/CBMiqAFBVV95cUxQNXpSNXBhS3NoOWhsNTdnNDBvdGlQSHg0T3l3cVZ4VEZfZjB1SC1GZU90R2ZEbmJqeU1Ua0h1TmQ1SFRIWGhkSG5GLUNSZVd3ajhxcU1QZUFMVmZwcG9TbXBkUzNndlBSZGxobTFvNFhCSGhVX3lwQ3VMRjVKY29YdGtpWklIWHZYLVJLYXNyUDJsNXUxTjZpNzA5VDluOFpjWWYyX3dQR0Q?oc=5\" target=\"_blank\" rel=\"nofollow noopener\">Her hentes syk svane p\u00e5 isen i Skaun \u2013 advarer mot fugleinfluensa<\/a>&nbsp;&nbsp;NRK<\/li>\n<li><a href=\"https:\/\/news.google.com\/rss\/articles\/CBMigAFBVV95cUxPdFVPbzg5U3ZfSWFiSkowT1c1cHk4RE4yWld2cTVEZHEyQy1UOVNYT2FrY09wbVdmSmktU2t5dEhySU12dkE2M1pvUFBOa1k0Y0lJOEoxY2U0YXlPYjB4OHpUdWlaanVobVE5NVF6N2Q1Z2Exd2dDZGg0RHo3SXh6UA?oc=5\" target=\"_blank\" rel=\"nofollow noopener\">Nyheter, \u00c5rnes | Har funnet d\u00f8de gjess ved Sagstusj\u00f8en<\/a>&nbsp;&nbsp;Raumnes<\/li>\n<\/ol>\n","protected":false},"excerpt":{"rendered":"Nyheter, Fugleinfluensa | Flere d\u00f8de fugler funnet: \u2013 Viktig at folk melder fra&nbsp;&nbsp;Romerikes Blad Svaned\u00f8den: &#8211; Trenger ikke&hellip;\n","protected":false},"author":2,"featured_media":118531,"comment_status":"","ping_status":"","sticky":false,"template":"","format":"standard","meta":{"footnotes":""},"categories":[10],"tags":[20,21,24,25,15,22,23,13,30,28,29,14,16,26,27],"class_list":{"0":"post-118530","1":"post","2":"type-post","3":"status-publish","4":"format-standard","5":"has-post-thumbnail","7":"category-norge","8":"tag-breaking-news","9":"tag-breakingnews","10":"tag-featured-news","11":"tag-featurednews","12":"tag-headlines","13":"tag-latest-news","14":"tag-latestnews","15":"tag-news","16":"tag-no","17":"tag-norge","18":"tag-norway","19":"tag-nyheter","20":"tag-overskrifter","21":"tag-top-stories","22":"tag-topstories"},"share_on_mastodon":{"url":"https:\/\/pubeurope.com\/@no\/115754265879942771","error":""},"_links":{"self":[{"href":"https:\/\/www.europesays.com\/no\/wp-json\/wp\/v2\/posts\/118530","targetHints":{"allow":["GET"]}}],"collection":[{"href":"https:\/\/www.europesays.com\/no\/wp-json\/wp\/v2\/posts"}],"about":[{"href":"https:\/\/www.europesays.com\/no\/wp-json\/wp\/v2\/types\/post"}],"author":[{"embeddable":true,"href":"https:\/\/www.europesays.com\/no\/wp-json\/wp\/v2\/users\/2"}],"replies":[{"embeddable":true,"href":"https:\/\/www.europesays.com\/no\/wp-json\/wp\/v2\/comments?post=118530"}],"version-history":[{"count":0,"href":"https:\/\/www.europesays.com\/no\/wp-json\/wp\/v2\/posts\/118530\/revisions"}],"wp:featuredmedia":[{"embeddable":true,"href":"https:\/\/www.europesays.com\/no\/wp-json\/wp\/v2\/media\/118531"}],"wp:attachment":[{"href":"https:\/\/www.europesays.com\/no\/wp-json\/wp\/v2\/media?parent=118530"}],"wp:term":[{"taxonomy":"category","embeddable":true,"href":"https:\/\/www.europesays.com\/no\/wp-json\/wp\/v2\/categories?post=118530"},{"taxonomy":"post_tag","embeddable":true,"href":"https:\/\/www.europesays.com\/no\/wp-json\/wp\/v2\/tags?post=118530"}],"curies":[{"name":"wp","href":"https:\/\/api.w.org\/{rel}","templated":true}]}}