{"id":118532,"date":"2025-12-20T22:31:23","date_gmt":"2025-12-20T22:31:23","guid":{"rendered":"https:\/\/www.europesays.com\/no\/118532\/"},"modified":"2025-12-20T22:31:23","modified_gmt":"2025-12-20T22:31:23","slug":"kronprinsesse-mette-marit-forberedes-pa-lungetransplantasjon","status":"publish","type":"post","link":"https:\/\/www.europesays.com\/no\/118532\/","title":{"rendered":"Kronprinsesse Mette-Marit forberedes p\u00e5 lunge\u00adtransplantasjon"},"content":{"rendered":"\n<p class=\"_paragraph_o9xde_4 _paragraph_xtcu6_10 layout-component text-serif-m layout-normal text-serif-m layout-padded\"><a href=\"https:\/\/www.vg.no\/tag\/kronprinsesse-mette-marit?utm_source=vg-article&amp;utm_medium=auto-tagger&amp;utm_campaign=L4A07Q\" class=\"_link_o9xde_39\" rel=\"nofollow noopener\" target=\"_blank\">Kronprinsesse Mette-Marits<\/a> lungesykdom har utviklet seg dramatisk i l\u00f8pet av h\u00f8sten. N\u00e5 er situasjonen s\u00e5 alvorlig at legene har begynt \u00e5 forberede henne p\u00e5 mulig lungetransplantasjon.<\/p>\n<p class=\"_paragraph_o9xde_4 _paragraph_xtcu6_10 layout-component text-serif-m layout-normal text-serif-m layout-padded\">\u2013 Jeg har brukt mye av dette halv\u00e5ret p\u00e5 Jessheim eller p\u00e5 Rikshospitalet med \u00e5 ta nye tester, og s\u00e5 har vi hatt en del samtaler i h\u00f8st om lungetransplantasjon. Det er det som er nytt, at vi begynner \u00e5 n\u00e6rme oss det steget, sier kronprinsessen til\u00a0<a href=\"https:\/\/www.nrk.no\/norge\/kronprinsessen-apen-om-dramatisk-forverring-av-sykdommen_-_-har-gatt-raskere-enn-jeg-hadde-hapet-1.17699020\" class=\"_link_o9xde_39\" rel=\"nofollow noopener\" target=\"_blank\">NRKs \u00ab\u00c5ret med kongefamilien\u00bb<\/a>.<\/p>\n<p class=\"_paragraph_o9xde_4 _paragraph_xtcu6_10 layout-component text-serif-m layout-normal text-serif-m layout-padded\">\u2013 Utviklingen har g\u00e5tt raskere enn b\u00e5de jeg og legene hadde h\u00e5pet p\u00e5, fortsetter hun.<\/p>\n<p class=\"_paragraph_o9xde_4 _paragraph_xtcu6_10 layout-component text-serif-m layout-normal text-serif-m layout-padded\">\u2013 Den st\u00f8rste forskjellen for meg er egentlig at jeg ikke greier \u00e5 gjennomf\u00f8re de tingene som jeg greide f\u00f8r. Det er rett og slett veldig mange ting jeg ikke f\u00e5r til, sier hun.<\/p>\n<p class=\"_paragraph_o9xde_4 _paragraph_xtcu6_10 layout-component text-serif-m layout-normal text-serif-m layout-padded\"><strong class=\"_strong_o9xde_25\">Kongen og dronningen skal if\u00f8lge kongehusets kalender arrangere regjeringslunsj i dag kl. 12.30 p\u00e5 Slottet. Kronprinsen, kronprinsessen og prinsesse Ingrid Alexandra vil ogs\u00e5 v\u00e6re til stede.<\/strong><\/p>\n<p> Enn\u00e5 ikke satt p\u00e5 liste<\/p>\n<p class=\"_paragraph_o9xde_4 _paragraph_xtcu6_10 layout-component text-serif-m layout-normal text-serif-m layout-padded\">Det er g\u00e5tt syv \u00e5r siden kronprinsessen fikk p\u00e5vist den kroniske sykdommen lungefibrose. Sykdommen f\u00f8rer til at det dannes arrvev p\u00e5 lungene, som gj\u00f8r det vanskeligere \u00e5 puste.<\/p>\n<p class=\"_paragraph_o9xde_4 _paragraph_xtcu6_10 layout-component text-serif-m layout-normal text-serif-m layout-padded\">\u2013 Men det g\u00e5r alts\u00e5 mot lungetransplantasjon, det er det som er veien videre for kronprinsessen?<\/p>\n<p class=\"_paragraph_o9xde_4 _paragraph_xtcu6_10 layout-component text-serif-m layout-normal text-serif-m layout-padded\">\u2013 Ja, vi har jo visst hele tiden med denne sykdommen at det er den veien det g\u00e5r. Men jeg tror nok at det kom litt raskere enn i hvert fall jeg hadde sett for meg og hadde h\u00e5pet, sier kronprinsesse Mette-Marit.<\/p>\n<p><img alt=\"Kronprinsessen p\u00e5 sykehjemsbes\u00f8k onsdag denne uken.  Foto: Bastian Lunde Hvitmyhr \/ VG\" class=\"_image_qp4xg_65 layout-component layout-normal\" data-fullscreen- data-track-element-type=\"Article image fullscreen\" data-track-name=\"ImageFullscreen\" decoding=\"async\" loading=\"lazy\" height=\"1735\" itemprop=\"image\"  src=\"https:\/\/www.europesays.com\/no\/wp-content\/uploads\/2025\/12\/701ba49f-03b9-4b70-8e3f-c7867b927058\"  style=\"object-position:0% 0%\" width=\"1968\"\/>Kronprinsessen p\u00e5 sykehjemsbes\u00f8k onsdag denne uken.  Foto: Bastian Lunde Hvitmyhr \/ VG<\/p>\n<p class=\"_paragraph_o9xde_4 _paragraph_xtcu6_10 layout-component text-serif-m layout-normal text-serif-m layout-padded\">\u2013 Vi er ikke der enda at du skal bli satt p\u00e5 liste, men testene viser at sykdommen har g\u00e5tt et stykke til, det er mer aktualisert n\u00e5. Vi begynner \u00e5 n\u00e6rme oss de verdiene. Det er noe vi snakker om, sier kronprinsen.<\/p>\n<p>Hva er lungefibrose?<\/p>\n<ul class=\"_list_o9xde_3 _list_xtcu6_9 _list_16v91_9 _unordered_o9xde_106 layout-component text-serif-m layout-normal text-sans-m layout-padded\">\n<li class=\"_item_o9xde_30\">Lungefibrose er en tilstand med arrdannelse i lungevevet.<\/li>\n<li class=\"_item_o9xde_30\">Arrvevet gj\u00f8r at lungene blir stivere og mindre elastiske. <\/li>\n<li class=\"_item_o9xde_30\">Sykdommen gir \u00f8kt mengde bindevev i lungene. <\/li>\n<li class=\"_item_o9xde_30\">Tilstanden reduserer gassutvekslingen mellom lunge og blod, noe som gj\u00f8r det vanskeligere \u00e5 puste.<\/li>\n<li class=\"_item_o9xde_30\">Har man lett grad av lungefibrose, er det ikke sikkert man merker det p\u00e5 pusten, men jo mer fibrose som dannes, jo tyngre blir det \u00e5 puste.<\/li>\n<li class=\"_item_o9xde_30\">Symptomene kommer som oftest snikende, med tungpustethet og hoste. <\/li>\n<\/ul>\n<p class=\"_paragraph_o9xde_4 _paragraph_xtcu6_10 _paragraph_16v91_10 layout-component text-serif-m layout-normal text-sans-m layout-padded\">Kilde: NHI<\/p>\n<p>Vis mer<img alt=\"Foto: MARIUS SIMENSEN \/ Bildbyr\u00e5n\" class=\"_image_qp4xg_65 layout-component layout-normal\" data-fullscreen- data-track-element-type=\"Article image fullscreen\" data-track-name=\"ImageFullscreen\" decoding=\"async\" loading=\"lazy\" height=\"5245\" itemprop=\"image\"  src=\"https:\/\/www.europesays.com\/no\/wp-content\/uploads\/2025\/12\/65e951f6-1b0b-466c-a904-db89cbdaef68\"  style=\"object-position:0% 0%\" width=\"7868\"\/>Foto: MARIUS SIMENSEN \/ Bildbyr\u00e5n<\/p>\n<p class=\"_paragraph_o9xde_4 _paragraph_xtcu6_10 layout-component text-serif-m layout-normal text-serif-m layout-padded\">\u2013 Men n\u00e5 har jeg hatt en del s\u00e5nne opplevelser &#8230; Jeg tror at med alle s\u00e5nne prosesser, tar det tid. Det er en prosess for meg som pasient, og det er en prosess for familien min, sier hun, mens kronprinsen nikker.<\/p>\n<p class=\"_paragraph_o9xde_4 _paragraph_xtcu6_10 layout-component text-serif-m layout-normal text-serif-m layout-padded\">\u2013 Det \u00e5 bare tenke tanken i det hele tatt at det er det som er neste steg, er ganske krevende, for det er jo en operasjon med masse risiko knyttet til seg, sier hun.<\/p>\n<p class=\"_paragraph_o9xde_4 _paragraph_xtcu6_10 layout-component text-serif-m layout-normal text-serif-m layout-padded\"><strong class=\"_strong_o9xde_25\">Kronprinsen deler ogs\u00e5 sine tanker.<\/strong><\/p>\n<p class=\"_paragraph_o9xde_4 _paragraph_xtcu6_10 layout-component text-serif-m layout-normal text-serif-m layout-padded\">\u2013 Det er klart ogs\u00e5 for oss som er veldig glad i Mette, og \u00f8nsker at hun skal ha det bra, s\u00e5 er det jo vondt at det blir vanskeligere. <\/p>\n<p class=\"_paragraph_o9xde_4 _paragraph_xtcu6_10 layout-component text-serif-m layout-normal text-serif-m layout-padded\">\u2013 Det er litt vanskelig \u00e5 skj\u00f8nne hvor syk hun er. Hun ser jo veldig bra ut. N\u00e5r vi sitter stille, s\u00e5 kan det virke som hun er helt fin. Men vi ser jo at hun sliter mer med pusten, orker mindre, har mindre overskudd og energi, blir oftere d\u00e5rlig, kan komme litt s\u00e5nn br\u00e5tt p\u00e5. S\u00e5 alle de tingene er jo lett \u00e5 legge merke til for oss som er rett ved siden, sier han.<\/p>\n<p class=\"_paragraph_o9xde_4 _paragraph_xtcu6_10 layout-component text-serif-m layout-normal text-serif-m layout-padded\">Overlege Are Martin Holm ved Rikshospitalet, som er kronprinsessens lege, bekrefter den alvorlige situasjonen.<\/p>\n<p class=\"_paragraph_o9xde_4 _paragraph_xtcu6_10 layout-component text-serif-m layout-normal text-serif-m layout-padded\">\u2013 Sykdommen er per i dag s\u00e5 alvorlig at vi begynner \u00e5 forberede hvordan vi skal takle ytterligere forverringer. Og da er det eneste man kan hjelpe med, en transplantasjon, sier Holm til NRK.<\/p>\n<p class=\"_paragraph_o9xde_4 _paragraph_xtcu6_10 layout-component text-serif-m layout-normal text-serif-m layout-padded\">Onsdag denne uken var hele kronprinsfamilien p\u00e5 sykehjemsbes\u00f8k:<\/p>\n<p class=\"_paragraph_o9xde_4 _paragraph_xtcu6_10 layout-component text-serif-m layout-normal text-serif-m layout-padded\">Kronprinsesse Mette-Marits program vil tilpasses slik at hennes helsetilstand og offisielle rolle i best mulig grad kan la seg kombinere:<\/p>\n<p class=\"_paragraph_o9xde_4 _paragraph_xtcu6_10 layout-component text-serif-m layout-normal text-serif-m layout-padded\">\u00abKronprinsessen har \u00f8kende behov for tilrettelagt trening, hvile og restitusjon, men har samtidig et sterkt \u00f8nske om \u00e5 fortsette \u00e5 arbeide. Kronprinsessens program vil tilpasses slik at hennes helsetilstand og offisielle rolle i best mulig grad kan la seg kombinere.\u00bb, st\u00e5r det p\u00e5 <a href=\"https:\/\/www.kongehuset.no\/press\/press-release\/oppdatering-om-kronprinsessens-helsesituasjon\" class=\"_link_o9xde_39\" rel=\"nofollow noopener\" target=\"_blank\">Kongehusets nettsider.<\/a><\/p>\n<p>30 transplantasjoner i \u00e5ret<\/p>\n<p class=\"_paragraph_o9xde_4 _paragraph_xtcu6_10 layout-component text-serif-m layout-normal text-serif-m layout-padded\">If\u00f8lge <a href=\"https:\/\/www.oslo-universitetssykehus.no\/behandlinger\/lungetransplantasjon\/\" class=\"_link_o9xde_39\" rel=\"nofollow noopener\" target=\"_blank\">Oslo universitetssykehus<\/a> foretas alle lungetransplantasjoner i Norge p\u00e5 Rikshospitalet og det \u00e5rlige antallet er n\u00e5 ca. 30. Antallet er absolutt begrenset av tilgangen p\u00e5 brukbare lunger fra organgiverne. <\/p>\n<p class=\"_paragraph_o9xde_4 _paragraph_xtcu6_10 layout-component text-serif-m layout-normal text-serif-m layout-padded\">Etter en vellykket transplantasjon f\u00e5r man normal lungefunksjon og kan leve et normalt dagligliv. Det kan imidlertid oppst\u00e5 alvorlige komplikasjoner i forbindelse med operasjonen og i tiden etterp\u00e5. Dette gir en overlevelse etter ett \u00e5r p\u00e5 85\u201390\u00a0prosent og etter fem \u00e5r p\u00e5 70\u201375 prosent.<\/p>\n<p class=\"_paragraph_o9xde_4 _paragraph_xtcu6_10 layout-component text-serif-m layout-normal text-serif-m layout-padded\">De vanligste sykdommene som egner seg for transplantasjon er kronisk obstruktiv lungesykdom (KOLS), lungefibrose av ulike \u00e5rsaker, cystisk fibrose (CF) og sarkoidose.<\/p>\n","protected":false},"excerpt":{"rendered":"Kronprinsesse Mette-Marits lungesykdom har utviklet seg dramatisk i l\u00f8pet av h\u00f8sten. N\u00e5 er situasjonen s\u00e5 alvorlig at legene&hellip;\n","protected":false},"author":2,"featured_media":118533,"comment_status":"","ping_status":"","sticky":false,"template":"","format":"standard","meta":{"footnotes":""},"categories":[5],"tags":[20,21,24,25,15,19,2293,22,23,6257,17,18,13,30,28,29,14,16,26,27],"class_list":{"0":"post-118532","1":"post","2":"type-post","3":"status-publish","4":"format-standard","5":"has-post-thumbnail","7":"category-overskrifter","8":"tag-breaking-news","9":"tag-breakingnews","10":"tag-featured-news","11":"tag-featurednews","12":"tag-headlines","13":"tag-hovedoppslag","14":"tag-kronprinsesse-mette-marit","15":"tag-latest-news","16":"tag-latestnews","17":"tag-lungefibrose","18":"tag-main-news","19":"tag-mainnews","20":"tag-news","21":"tag-no","22":"tag-norge","23":"tag-norway","24":"tag-nyheter","25":"tag-overskrifter","26":"tag-top-stories","27":"tag-topstories"},"share_on_mastodon":{"url":"https:\/\/pubeurope.com\/@no\/115754269960171940","error":""},"_links":{"self":[{"href":"https:\/\/www.europesays.com\/no\/wp-json\/wp\/v2\/posts\/118532","targetHints":{"allow":["GET"]}}],"collection":[{"href":"https:\/\/www.europesays.com\/no\/wp-json\/wp\/v2\/posts"}],"about":[{"href":"https:\/\/www.europesays.com\/no\/wp-json\/wp\/v2\/types\/post"}],"author":[{"embeddable":true,"href":"https:\/\/www.europesays.com\/no\/wp-json\/wp\/v2\/users\/2"}],"replies":[{"embeddable":true,"href":"https:\/\/www.europesays.com\/no\/wp-json\/wp\/v2\/comments?post=118532"}],"version-history":[{"count":0,"href":"https:\/\/www.europesays.com\/no\/wp-json\/wp\/v2\/posts\/118532\/revisions"}],"wp:featuredmedia":[{"embeddable":true,"href":"https:\/\/www.europesays.com\/no\/wp-json\/wp\/v2\/media\/118533"}],"wp:attachment":[{"href":"https:\/\/www.europesays.com\/no\/wp-json\/wp\/v2\/media?parent=118532"}],"wp:term":[{"taxonomy":"category","embeddable":true,"href":"https:\/\/www.europesays.com\/no\/wp-json\/wp\/v2\/categories?post=118532"},{"taxonomy":"post_tag","embeddable":true,"href":"https:\/\/www.europesays.com\/no\/wp-json\/wp\/v2\/tags?post=118532"}],"curies":[{"name":"wp","href":"https:\/\/api.w.org\/{rel}","templated":true}]}}