{"id":118534,"date":"2025-12-20T22:32:10","date_gmt":"2025-12-20T22:32:10","guid":{"rendered":"https:\/\/www.europesays.com\/no\/118534\/"},"modified":"2025-12-20T22:32:10","modified_gmt":"2025-12-20T22:32:10","slug":"handball-naerbo-handball-forjulsdrama-med-ulykkelig-slutt-jaerbladet","status":"publish","type":"post","link":"https:\/\/www.europesays.com\/no\/118534\/","title":{"rendered":"H\u00e5ndball, N\u00e6rb\u00f8 H\u00e5ndball | F\u00f8rjulsdrama med ulykkelig slutt &#8211; J\u00e6rbladet"},"content":{"rendered":"<ol>\n<li><a href=\"https:\/\/news.google.com\/rss\/articles\/CBMiZEFVX3lxTE1IMmNJUTg3b3NtZUp2VkdKelhteGJBLVd2MXpXSVlFZS1EWjFYWFdlTE9peHhlRld1X1psY1dwRmM2TGVCUHlOQVFTdUV2ZzhmY3ZPeFB0X2xGa2RnRm5aNGJsSEQ?oc=5\" target=\"_blank\" rel=\"nofollow noopener\">H\u00e5ndball, N\u00e6rb\u00f8 H\u00e5ndball | F\u00f8rjulsdrama med ulykkelig slutt<\/a>&nbsp;&nbsp;J\u00e6rbladet<\/li>\n<li><a href=\"https:\/\/news.google.com\/rss\/articles\/CBMijAFBVV95cUxOZHNIbEVhUGdsd3BjLXVRZEQ1cENrZzYwaXRsY3RaOE9hVHBSR1dQcXJoRGgzckdzRUVlc1YxN3g5NFpWeGNvc2FJUnhCbTk5Q0xicTRvV2Z6ZXR6SzlrUmhwLTk3UkJnRGV6UDZwZVpCOXJfX3hMRHNwNEh2VDloaU52VmpNR0VCVzlBOA?oc=5\" target=\"_blank\" rel=\"nofollow noopener\">Blytung avslutning p\u00e5 \u00e5ret: Eittm\u00e5lstap og tabelljumbo<\/a>&nbsp;&nbsp;Stavanger Aftenblad<\/li>\n<li><a href=\"https:\/\/news.google.com\/rss\/articles\/CBMieEFVX3lxTE5taFJmU3BoWUdjbnhvLWpFb3dESHY2cEQzdXJKY2ZpUndHYmhnbFlFbXB0emZHcmlfZHZOUDI3NmVRcktHOS1OaWI5OWJnTlZzVlB3TTdOUmtnamhkQXQtVm1lRTJZRGRTaG9WWWxJV211Y2xWNlpHMg?oc=5\" target=\"_blank\" rel=\"nofollow noopener\">Sandefjord tar juleferie p\u00e5 7.plass<\/a>&nbsp;&nbsp;Norsk Topph\u00e5ndball<\/li>\n<li><a href=\"https:\/\/news.google.com\/rss\/articles\/CBMigwFBVV95cUxQVlVqRTIwSjkzaVRmb05VSklPVVRxTXFkaTBRTDdObXE0c2c2aGlOM2lrVFE3WVp3SHU0Mkdpb3lsWU5ZTXJRSW1laWpZbWVyR3Y3aVk4bldVWFJEM3VKY1NucktYdl9Ecy1CUjJoWnNSeGF3R2g2SGxQZC1VR2dSQklFTQ?oc=5\" target=\"_blank\" rel=\"nofollow noopener\">H\u00e5ndball, Eliteserien H\u00e5ndball | Inviterer store og sm\u00e5 til gratis julefest<\/a>&nbsp;&nbsp;J\u00e6rbladet<\/li>\n<li><a href=\"https:\/\/news.google.com\/rss\/articles\/CBMic0FVX3lxTE1PWHFkTk9xZ1U2TWFFUkRuMms2enFqYjVFb0ZuN2U3RGdsZzZxWG5xVmM2am5ZTEV2UnNONHBoM2Y1eDVCdHVLbFFuZ24tcHZYZmNZY0laOEswWG1NTElYUEZ2ODBhajQ2QkdiOGJOVkgzTUU?oc=5\" target=\"_blank\" rel=\"nofollow noopener\">N\u00e6rb\u00f8 higer etter revansje<\/a>&nbsp;&nbsp;Norsk Topph\u00e5ndball<\/li>\n<\/ol>\n","protected":false},"excerpt":{"rendered":"H\u00e5ndball, N\u00e6rb\u00f8 H\u00e5ndball | F\u00f8rjulsdrama med ulykkelig slutt&nbsp;&nbsp;J\u00e6rbladet Blytung avslutning p\u00e5 \u00e5ret: Eittm\u00e5lstap og tabelljumbo&nbsp;&nbsp;Stavanger Aftenblad Sandefjord tar&hellip;\n","protected":false},"author":2,"featured_media":118535,"comment_status":"","ping_status":"","sticky":false,"template":"","format":"standard","meta":{"footnotes":""},"categories":[59],"tags":[30,28,29,83,82],"class_list":{"0":"post-118534","1":"post","2":"type-post","3":"status-publish","4":"format-standard","5":"has-post-thumbnail","7":"category-sport","8":"tag-no","9":"tag-norge","10":"tag-norway","11":"tag-sport","12":"tag-sports"},"share_on_mastodon":{"url":"https:\/\/pubeurope.com\/@no\/115754273532837443","error":""},"_links":{"self":[{"href":"https:\/\/www.europesays.com\/no\/wp-json\/wp\/v2\/posts\/118534","targetHints":{"allow":["GET"]}}],"collection":[{"href":"https:\/\/www.europesays.com\/no\/wp-json\/wp\/v2\/posts"}],"about":[{"href":"https:\/\/www.europesays.com\/no\/wp-json\/wp\/v2\/types\/post"}],"author":[{"embeddable":true,"href":"https:\/\/www.europesays.com\/no\/wp-json\/wp\/v2\/users\/2"}],"replies":[{"embeddable":true,"href":"https:\/\/www.europesays.com\/no\/wp-json\/wp\/v2\/comments?post=118534"}],"version-history":[{"count":0,"href":"https:\/\/www.europesays.com\/no\/wp-json\/wp\/v2\/posts\/118534\/revisions"}],"wp:featuredmedia":[{"embeddable":true,"href":"https:\/\/www.europesays.com\/no\/wp-json\/wp\/v2\/media\/118535"}],"wp:attachment":[{"href":"https:\/\/www.europesays.com\/no\/wp-json\/wp\/v2\/media?parent=118534"}],"wp:term":[{"taxonomy":"category","embeddable":true,"href":"https:\/\/www.europesays.com\/no\/wp-json\/wp\/v2\/categories?post=118534"},{"taxonomy":"post_tag","embeddable":true,"href":"https:\/\/www.europesays.com\/no\/wp-json\/wp\/v2\/tags?post=118534"}],"curies":[{"name":"wp","href":"https:\/\/api.w.org\/{rel}","templated":true}]}}