{"id":118536,"date":"2025-12-20T22:37:11","date_gmt":"2025-12-20T22:37:11","guid":{"rendered":"https:\/\/www.europesays.com\/no\/118536\/"},"modified":"2025-12-20T22:37:11","modified_gmt":"2025-12-20T22:37:11","slug":"mulig-knivstikking-i-oslo-person-kritisk-skadet","status":"publish","type":"post","link":"https:\/\/www.europesays.com\/no\/118536\/","title":{"rendered":"Mulig knivstikking i Oslo &#8211; person kritisk skadet"},"content":{"rendered":"<p>Store politi ressurser har rykket ut til Brugata i Oslo sentrum\u00a0l\u00f8rdag kveld etter meldinger om en mulig knivstikking.\u00a0<\/p>\n<p>\u2013 Politiet fikk melding om at en person er skadet utenfor Kiwi i Brugata. Det fremst\u00e5r som han er skadet med en skarp gjenstand, sier innsatsleder i politiet, Kristoffer Bang til TV 2.\u00a0<\/p>\n<p>Etter det politiet forst\u00e5r er personen kritisk skadet, og er fraktet til Ullev\u00e5l sykehus.\u00a0<\/p>\n<p>        <img class=\"image__img lazyload\" itemprop=\"image\" title=\"Foto: Sona Emilie Kibsg\u00e5rd Sillah \/ TV 2\" alt=\"BLOD: Tydelig blodspor kan observeres p\u00e5 stedet. Foto: Sona Emilie Kibsg\u00e5rd Sillah \/ TV 2\" width=\"675\" height=\"379\" bad-src=\"https:\/\/www.europesays.com\/no\/wp-content\/uploads\/2025\/12\/18404476.webp\" fetchpriority=\"auto\" \/><\/p>\n<p>      BLOD: Tydelig blodspor kan observeres p\u00e5 stedet.<br \/>\n         Foto: Sona Emilie Kibsg\u00e5rd Sillah \/ TV 2<\/p>\n<p>If\u00f8lge politiet har vitner sett flere l\u00f8pe fra stedet.<\/p>\n<p>\u2013 Vi jobber p\u00e5 stedet og har ingen p\u00e5grepet per n\u00e5, sier Bang.\u00a0<\/p>\n<p> I etterkant av hendelsen ble det observert en mann l\u00f8pende fra stedet, med f\u00f8lgene beskrivelse: Mann, formentlig lys i huden, sort \u00e5pen vinterparkas, lysegr\u00e5 hettegenser, sorte bukser, h\u00f8ye brune vintersko. <\/p>\n<p> Dersom noen har gjort observasjon av noen med denne beskrivelsen, er det \u00f8nskelig at politiet varsles p\u00e5 02800. <\/p>\n","protected":false},"excerpt":{"rendered":"Store politi ressurser har rykket ut til Brugata i Oslo sentrum\u00a0l\u00f8rdag kveld etter meldinger om en mulig knivstikking.\u00a0&hellip;\n","protected":false},"author":2,"featured_media":118537,"comment_status":"","ping_status":"","sticky":false,"template":"","format":"standard","meta":{"footnotes":""},"categories":[10],"tags":[20,21,24,25,15,22,23,13,30,28,29,14,16,26,27],"class_list":{"0":"post-118536","1":"post","2":"type-post","3":"status-publish","4":"format-standard","5":"has-post-thumbnail","7":"category-norge","8":"tag-breaking-news","9":"tag-breakingnews","10":"tag-featured-news","11":"tag-featurednews","12":"tag-headlines","13":"tag-latest-news","14":"tag-latestnews","15":"tag-news","16":"tag-no","17":"tag-norge","18":"tag-norway","19":"tag-nyheter","20":"tag-overskrifter","21":"tag-top-stories","22":"tag-topstories"},"share_on_mastodon":{"url":"https:\/\/pubeurope.com\/@no\/115754293402688118","error":""},"_links":{"self":[{"href":"https:\/\/www.europesays.com\/no\/wp-json\/wp\/v2\/posts\/118536","targetHints":{"allow":["GET"]}}],"collection":[{"href":"https:\/\/www.europesays.com\/no\/wp-json\/wp\/v2\/posts"}],"about":[{"href":"https:\/\/www.europesays.com\/no\/wp-json\/wp\/v2\/types\/post"}],"author":[{"embeddable":true,"href":"https:\/\/www.europesays.com\/no\/wp-json\/wp\/v2\/users\/2"}],"replies":[{"embeddable":true,"href":"https:\/\/www.europesays.com\/no\/wp-json\/wp\/v2\/comments?post=118536"}],"version-history":[{"count":0,"href":"https:\/\/www.europesays.com\/no\/wp-json\/wp\/v2\/posts\/118536\/revisions"}],"wp:featuredmedia":[{"embeddable":true,"href":"https:\/\/www.europesays.com\/no\/wp-json\/wp\/v2\/media\/118537"}],"wp:attachment":[{"href":"https:\/\/www.europesays.com\/no\/wp-json\/wp\/v2\/media?parent=118536"}],"wp:term":[{"taxonomy":"category","embeddable":true,"href":"https:\/\/www.europesays.com\/no\/wp-json\/wp\/v2\/categories?post=118536"},{"taxonomy":"post_tag","embeddable":true,"href":"https:\/\/www.europesays.com\/no\/wp-json\/wp\/v2\/tags?post=118536"}],"curies":[{"name":"wp","href":"https:\/\/api.w.org\/{rel}","templated":true}]}}