{"id":118538,"date":"2025-12-20T22:38:21","date_gmt":"2025-12-20T22:38:21","guid":{"rendered":"https:\/\/www.europesays.com\/no\/118538\/"},"modified":"2025-12-20T22:38:21","modified_gmt":"2025-12-20T22:38:21","slug":"vladimir-putin-russland-putin-vi-startet-ikke-krigen","status":"publish","type":"post","link":"https:\/\/www.europesays.com\/no\/118538\/","title":{"rendered":"Vladimir Putin, Russland | Putin: \u2013 Vi startet ikke krigen"},"content":{"rendered":"\n<p>\u2013 Vi anser oss ikke som ansvarlige for d\u00f8dsfallene. Vi startet ikke krigen.<\/p>\n<p>Det var en av uttalelsene Russlands president Vladimir Putin kom med om Ukraina-krigen under sin TV-sendte pressekonferanse 19. desember, melder den franske <a rel=\"Follow nofollow\" href=\"https:\/\/x.com\/BFMTV\/status\/2002040303885140374?s=20\">TV-kanalen BMF.<\/a><\/p>\n<p>Putins \u00e5rsaksforklaring l\u00f8d slik:<\/p>\n<p>\u2013 Denne krigen begynte etter det grunnlovsstridige kuppet i Ukraina i 2014. Fiendtlighetene ble initiert av lederne av Kyiv-regimet mot deres egne borgere i \u00d8st-Ukraina.<\/p>\n<p>Russland gikk som kjent til et fullskala angrep p\u00e5 Ukraina 24. februar 2022, noe som var en kraftig opptrapping av krigen de innledet i 2014 da Krym ble okkupert.<\/p>\n<p>D\u00f8delig angrep i Odesa<\/p>\n<p>L\u00f8rdag morgen melder Ukrainas statlige n\u00f8detater om nok et russisk angrep med d\u00f8delig utfall. \u00c5tte personer er drept og 27 skadd som et resultat av et russisk missilangrep mot havneanlegg i Odesa-regionen. Noen av ofrene befant seg i en buss som havnet i skuddlinjen, heter det i en melding p\u00e5 Telegram.<\/p>\n<p><b>Les ogs\u00e5: <a class=\"simple-relation related-teaser article--c-eRUmMG article--c-eRUmMG-fZoQSp-design-nettavisen article--c-eRUmMG-gwthdJ-cv\" href=\"https:\/\/www.nettavisen.no\/truet-med-avtale-sabotasje-vi-vil-fa-dem-til-a-betale-for-det\/s\/5-95-2788995\" rel=\"nofollow noopener\" target=\"_blank\">Truet med avtale-sabotasje: \u2013 Vi vil f\u00e5 dem til \u00e5 betale for det<\/a><\/b><\/p>\n<p>   <img decoding=\"async\" width=\"960\" height=\"1280\" fetchpriority=\"low\"  loading=\"lazy\"  src=\"https:\/\/www.europesays.com\/no\/wp-content\/uploads\/2025\/12\/IMG_5548.JPG\" alt=\"RAMMET BUSS: Ukrainas statlige n\u00f8detater forteller l\u00f8rdag om et russisk missilangrep mot Odesa-regionen med flere d\u00f8de og skadde. En buss havnet i skuddlinjen under angrepet.\" class=\"brick-c-cFOWSL\" style=\"--brick-image-ratio: 960 \/ 1280;\"\/><\/p>\n<p>      RAMMET BUSS: Ukrainas statlige n\u00f8detater forteller l\u00f8rdag om et russisk missilangrep mot Odesa-regionen med flere d\u00f8de og skadde. En buss havnet i skuddlinjen under angrepet.<br \/>\n      Foto: Ukrainas statlige n\u00f8detater\n    <\/p>\n<p>  Samme betingelser som f\u00f8r<\/p>\n<p>P\u00e5 pressekonferansen fredag sa Putin at Russland er beredt til \u00e5 avslutte krigen, men p\u00e5 de vilk\u00e5r som han skisserte i en tale i juni i fjor. Den gang sa han at betingelsen for \u00e5 godta en v\u00e5penhvile er Ukrainas fullstendige tilbaketrekning fra regionene Luhansk, Donetsk, Zaporizjzja og Kherson og at Ukraina m\u00e5 oppgi sine ambisjoner om Nato-medlemskap.<\/p>\n<p>Putins uttalelser viser at han ikke vil v\u00e6re tilfreds med en fredsavtale i tr\u00e5d med den skissen som diskuteres i fredssamtalene n\u00e5 og at han holder fast ved sine opprinnelige, maksimalistiske krigsm\u00e5l, heter det i vurderingen fra den amerikanske tankesmien <a rel=\"Follow nofollow noopener\" href=\"https:\/\/understandingwar.org\/research\/russia-ukraine\/russian-offensive-campaign-assessment-december-19-2025\/\" target=\"_blank\">Institute for the study of War (ISW) 19. desember.<\/a><\/p>\n<p>\u2013 Hva slags nonsens er det?<\/p>\n<p>Den russiske presidenten benektet videre at Russland har planer om \u00e5 angripe andre europeiske land.<\/p>\n<p>\u2013 Blir det nye milit\u00e6re spesialoperasjoner? Det blir ikke det hvis dere behandler oss med respekt og respekterer interessene v\u00e5re, slik vi alltid har fors\u00f8kt \u00e5 respektere deres, sa Putin blant annet if\u00f8lge NTB\/AFP.<\/p>\n<p>\u2013 Planlegger vi virkelig \u00e5 angripe Europa? Hva slags nonsens er det? Det er ikke vi som kjemper mot dere. Det er dere som kjemper mot oss via ukrainske nasjonalister, sa han videre.<\/p>\n<p>EUs planer om \u00e5 bruke frosne russiske aktiva i europeiske banker til \u00e5 finansiere Ukraina-st\u00f8tten kommenterte han ogs\u00e5.<\/p>\n<p>\u2013 Det er ran p\u00e5 h\u00f8ylys dag. Hvorfor kan ikke dette ranet gjennomf\u00f8res? Fordi konsekvensene ville v\u00e6rt alvorlige for ranerne, sa Putin if\u00f8lge NTB.<\/p>\n<p>EU tar opp l\u00e5n p\u00e5 90 milliarder euro<\/p>\n<p>Et EU-toppm\u00f8te endte natt til fredag med en l\u00f8sning der EU i stedet for \u00e5 bruke de fryste russiske midlene tar opp et l\u00e5n p\u00e5 90 milliarder euro for \u00e5 st\u00f8tte Ukraina videre de neste to \u00e5rene. EU-medlemmene Ungarn, Slovakia og Tsjekkia motsatte seg bruk av frosne russiske aktiva og slipper \u00e5 v\u00e6re garantister for l\u00e5net.<\/p>\n<p>De Wever: \u2013 En seier for Europa<\/p>\n<p>\u2013 En seier for Ukraina, for Europa, for finansiell stabilitet og for internasjonal lov, uttalte Belgias statsminister Bart De Wever p\u00e5 en pressekonferanse etter at avtalen var i havn.<\/p>\n<p>De Wever motsatte seg bruk av frosne russiske midler som er plassert i finansinstitusjonen Euroclear i Belgia, men var tydelig p\u00e5 at Ukraina-st\u00f8tten m\u00e5tte p\u00e5 plass.<\/p>\n<p>\u2013 Det hadde v\u00e6rt en strategisk katastrofe om vi ikke hadde klart, sa Bart De Wever.<\/p>\n<p>\u2013 N\u00e5 har vi funnet en l\u00f8sning som alle kan stille seg bak. Det tok litt tid, men dette er tross alt Europa, kommenterte han.<\/p>\n<p><b>Les ogs\u00e5: <a class=\"simple-relation related-teaser article--c-eRUmMG article--c-eRUmMG-fZoQSp-design-nettavisen article--c-eRUmMG-gwthdJ-cv\" href=\"https:\/\/www.nettavisen.no\/skyggeflate-skip-angrepet-i-middelhavet-historisk\/s\/5-95-2790085\" rel=\"nofollow noopener\" target=\"_blank\">Skyggefl\u00e5te-skip angrepet i Middelhavet: \u2013 Historisk<\/a><\/b><\/p>\n<p>    Vil du se neste video?<\/p>\n<p>    <a href=\"https:\/\/www.nettavisen.no\/nyheter\/ville-donald-trump-spekulasjoner-det-er-noe-galt\/v\/5-95-2784982\" class=\"recommend-poster\" data-adp-clicklabel=\"video-recommend\" data-adp-clickvalue=\"poster\" rel=\"nofollow noopener\" target=\"_blank\"><br \/>\n      <img decoding=\"async\" width=\"200\" height=\"200\" loading=\"lazy\" src=\"https:\/\/www.europesays.com\/no\/wp-content\/uploads\/2025\/12\/Forvirret+Trump+2.jpg\" alt=\"\" class=\"brick-c-cFOWSL\" style=\"--brick-image-ratio: 200 \/ 200;\"\/><\/p>\n<p>Ville Trump-spekulasjoner: \u2013 Det er noe galt0:57<\/p>\n<p>    <\/a><\/p>\n<p>        KYIV, UKRAINA (Nettavisen): Russland har kontinuerlig angrep mot Ukrainas energisektor, det kan gi problemer for mange ukrainere denne vinteren.<\/p>\n","protected":false},"excerpt":{"rendered":"\u2013 Vi anser oss ikke som ansvarlige for d\u00f8dsfallene. Vi startet ikke krigen. Det var en av uttalelsene&hellip;\n","protected":false},"author":2,"featured_media":118539,"comment_status":"","ping_status":"","sticky":false,"template":"","format":"standard","meta":{"footnotes":""},"categories":[5],"tags":[20,21,24,25,15,19,22,23,17,18,13,30,28,29,14,16,26,27],"class_list":{"0":"post-118538","1":"post","2":"type-post","3":"status-publish","4":"format-standard","5":"has-post-thumbnail","7":"category-overskrifter","8":"tag-breaking-news","9":"tag-breakingnews","10":"tag-featured-news","11":"tag-featurednews","12":"tag-headlines","13":"tag-hovedoppslag","14":"tag-latest-news","15":"tag-latestnews","16":"tag-main-news","17":"tag-mainnews","18":"tag-news","19":"tag-no","20":"tag-norge","21":"tag-norway","22":"tag-nyheter","23":"tag-overskrifter","24":"tag-top-stories","25":"tag-topstories"},"share_on_mastodon":{"url":"https:\/\/pubeurope.com\/@no\/115754297343806172","error":""},"_links":{"self":[{"href":"https:\/\/www.europesays.com\/no\/wp-json\/wp\/v2\/posts\/118538","targetHints":{"allow":["GET"]}}],"collection":[{"href":"https:\/\/www.europesays.com\/no\/wp-json\/wp\/v2\/posts"}],"about":[{"href":"https:\/\/www.europesays.com\/no\/wp-json\/wp\/v2\/types\/post"}],"author":[{"embeddable":true,"href":"https:\/\/www.europesays.com\/no\/wp-json\/wp\/v2\/users\/2"}],"replies":[{"embeddable":true,"href":"https:\/\/www.europesays.com\/no\/wp-json\/wp\/v2\/comments?post=118538"}],"version-history":[{"count":0,"href":"https:\/\/www.europesays.com\/no\/wp-json\/wp\/v2\/posts\/118538\/revisions"}],"wp:featuredmedia":[{"embeddable":true,"href":"https:\/\/www.europesays.com\/no\/wp-json\/wp\/v2\/media\/118539"}],"wp:attachment":[{"href":"https:\/\/www.europesays.com\/no\/wp-json\/wp\/v2\/media?parent=118538"}],"wp:term":[{"taxonomy":"category","embeddable":true,"href":"https:\/\/www.europesays.com\/no\/wp-json\/wp\/v2\/categories?post=118538"},{"taxonomy":"post_tag","embeddable":true,"href":"https:\/\/www.europesays.com\/no\/wp-json\/wp\/v2\/tags?post=118538"}],"curies":[{"name":"wp","href":"https:\/\/api.w.org\/{rel}","templated":true}]}}