{"id":118550,"date":"2025-12-20T22:53:07","date_gmt":"2025-12-20T22:53:07","guid":{"rendered":"https:\/\/www.europesays.com\/no\/118550\/"},"modified":"2025-12-20T22:53:07","modified_gmt":"2025-12-20T22:53:07","slug":"denne-saken-taper-trump-nrk-urix-utenriksnyheter-og-dokumentarer","status":"publish","type":"post","link":"https:\/\/www.europesays.com\/no\/118550\/","title":{"rendered":"\u2013 Denne saken taper Trump \u2013 NRK Urix \u2013 Utenriksnyheter og -dokumentarer"},"content":{"rendered":"<p>Saken oppsummert <\/p>\n<ul>\n<li>Det amerikanske justisdepartementet offentliggjorde kun deler av Epstein-dokumentene, noe som har skapt misn\u00f8ye og kritikk.<\/li>\n<li>Republikaneren Thomas Massie mener offentliggj\u00f8ringen bryter b\u00e5de \u00e5nden og bokstaven i loven.<\/li>\n<li>Et bilde av Trump og Epstein ble funnet i dokumentene, men ble senere fjernet av justisdepartementet, noe som har f\u00f8rt til spekulasjoner om at departementet beskytter Trump.<\/li>\n<li>Flere bilder av profilerte personer som Bill Clinton og Michael Jackson ble inkludert i dokumentene, men f\u00e5 nye opplysninger kom frem.<\/li>\n<li>Eksperter mener offentliggj\u00f8ringen har svekket tilliten til Trump-administrasjonen og skapt ytterligere problemer for justisdepartementet.<\/li>\n<li>USA-kommentatorer peker p\u00e5 at offentliggj\u00f8ringen kan v\u00e6re et fors\u00f8k p\u00e5 \u00e5 rette oppmerksomheten mot demokratiske motstandere som Bill Clinton.<\/li>\n<\/ul>\n<p>Oppsummeringen er laget av en KI-tjeneste fra OpenAI. Innholdet er kvalitetssikret av NRKs journalister f\u00f8r publisering. <\/p>\n<p>\u2013 Denne saken bare fortsetter og fortsetter, sier USA-ekspert Sofie H\u00f8gest\u00f8l om fredagens dokument-frigivelse.<\/p>\n<p>Etter at det amerikanske justisdepartementet br\u00f8t fristen Donald Trump hadde satt for \u00e5 offentliggj\u00f8re alle Epstein-dokumentene, mener H\u00f8gest\u00f8l at dette kan skape store problemer for administrasjonen.<\/p>\n<p>Hun peker p\u00e5 at loven var tydelig, og at alle dokumenter skulle ut innen 30 dager, med minst mulig sladding.<\/p>\n<p><strong>Likevel ble bare deler av dokumentene offentliggjort fredag kveld. <\/strong><\/p>\n<p>\u2013 \u00c9n ting er at de ikke har kommet i m\u00e5l med sladdingen, men s\u00e5 er det ogs\u00e5 mange som mener at det som kom frem i dokumentene i g\u00e5r, allerede var kjent fra f\u00f8r, sier H\u00f8gest\u00f8l.<\/p>\n<ul class=\"dhpg__gallery__list\">\n<li class=\"dhpg__gallery__listItem\"><img alt=\"Sofie H\u00f8gest\u00f8l\"  width=\"2400\" height=\"2400\" loading=\"lazy\"\/>Sofie H\u00f8gest\u00f8l <\/li>\n<\/ul>\n<p>Hun sier at fredagens dokumentoffentliggj\u00f8ring har skapt stor misn\u00f8ye i USA, og trekker s\u00e6rlig frem republikaneren Thomas Massie, som har g\u00e5tt hardt ut mot justisdepartementet.<\/p>\n<p>Republikaneren, som har v\u00e6rt en av p\u00e5driverne for \u00e5 f\u00e5 Epstein-dokumentene frigitt, uttrykte fredag kveld sterk kritikk p\u00e5 <a href=\"https:\/\/x.com\/RepThomasMassie\/status\/2002155838467965273\" target=\"_blank\" ec-id=\"https:\/\/x.com\/RepThomasMassie\/status\/2002155838467965273\" ec-name=\"X\" rel=\"nofollow\">X<\/a>.<\/p>\n<p>Der skrev han at offentliggj\u00f8ringen \u00abverken oppfyller \u00e5nden eller bokstaven i loven\u00bb.<\/p>\n<p>USAs visejustisminister, Todd Blanche, sa til <a href=\"https:\/\/www.foxnews.com\/video\/6386705034112\" target=\"_blank\" ec-id=\"https:\/\/www.foxnews.com\/video\/6386705034112\" ec-name=\"Fox News\" rel=\"nofollow noopener\">Fox News<\/a> fredag kveld at de forventer \u00e5 offentliggj\u00f8re flere dokumenter i l\u00f8pet av de neste par ukene.<\/p>\n<p>\u2013 Et tegn p\u00e5 at de beskytter Trump<\/p>\n<p>Blant dokumentene som ble publisert fredag, finnes flere bilder av profilerte personer med tilknytning til Epstein.<\/p>\n<p>Blant annet tidligere president Bill Clinton, den avd\u00f8de poplegenden Michael Jackson og tidligere prins Andrew Mountbatten Windsor.<\/p>\n<p>    \u2190<\/p>\n<ul data-scroll-container=\"\" role=\"list\" aria-label=\"Bildegalleri\">\n<li><img alt=\"Andrew Mountbatten-Windsor ligger p\u00e5 fanget til anonymiserte kvinner fra Epstein-dokumentene\"  width=\"3840\" height=\"3160\" loading=\"lazy\"\/>\n<p>Andrew Mountbatten-Windsor, tidligere prins Andrew, ligger p\u00e5 fanget til anonymiserte kvinner. I bakgrunnen st\u00e5r straffed\u00f8mte Ghislaine Maxwell.<\/p>\n<p> Foto: USAs Justisdepartement <\/li>\n<li><img alt=\"Bill Clinton i et boblebad epsteins\"  width=\"3840\" height=\"2805\" loading=\"lazy\"\/>\n<p> Et bilde av tidligere USAs president Bill Clinton i et boblebad er blitt frigitt fredag. Bildet har et filnavn som indikerer at det er fotografert i Brunei.<\/p>\n<p> Foto: Epsteins files \/ Department of Justice <\/li>\n<li><img alt=\"Michael Jackson og Epstein \"  width=\"3840\" height=\"3673\" loading=\"lazy\"\/>\n<p>De nye dokumentene som er blitt publisert viser blant annet Michael Jackson sammen med Epstein.<\/p>\n<p> Foto: Epsteins files \/ Department of Justice <\/li>\n<li><img alt=\"Bill Clinton Epsteins files\"  width=\"3840\" height=\"2863\" loading=\"lazy\"\/>\n<p>Clinton figurerer p\u00e5 flere bilder, her med en kvinne som er sladdet. <\/p>\n<p> Foto: Epsteins files \/ Department of Justice <\/li>\n<li><img alt=\"Leslie Wexner epsteins files\"  width=\"3840\" height=\"2612\" loading=\"lazy\"\/>\n<p>De nye dokumentene viser ogs\u00e5 et bilde av den amerikanske milliard\u00e6ren og forretningsmannen Les Wexner. <\/p>\n<p> Foto: Epsteins files \/ Department of Justice <\/li>\n<li><img alt=\"Den britiske musikeren Mick Jagger og Bill Clinton. \"  width=\"3840\" height=\"2875\" loading=\"lazy\"\/>\n<p>Rolling Stones-vokalist Mick Jagger og Bill Clinton st\u00e5r rundt en kvinne med sladdet ansikt.<\/p>\n<p> Foto: Epsteins files \/ Department of Justice <\/li>\n<li><img alt=\"Sarah Ferguson epsteins\"  width=\"3840\" height=\"2880\" loading=\"lazy\"\/>\n<p>Ekskona til prins Andrew, Sarah Ferguson, sammen med en kvinne som er sladdet. <\/p>\n<p> Foto: Epsteins files \/ Department of Justice <\/li>\n<li><img alt=\"Peter Mandelson Epsteins\"  width=\"3840\" height=\"2880\" loading=\"lazy\"\/>\n<p>Tidligere Storbritannias ambassad\u00f8r til USA, Peter Mandelson, sammen med Epstein. <\/p>\n<p> Foto: Epsteins files \/ Department of Justice <\/li>\n<li><img alt=\"Jean-Luc Brune epstein\"  width=\"3840\" height=\"2880\" loading=\"lazy\"\/>\n<p>I filene finnes det flere bilder av den franske modellagenten Jean-Luc Brunel, som angivelig skal ha gitt Epstein tilgang til mange unge jenter. Han ble funnet d\u00f8d i fengsel 2022.<\/p>\n<p> Foto: Epsteins files \/ Department of Justice <\/li>\n<\/ul>\n<p>\u2192<\/p>\n<p>Donald Trump hadde tidligere et vennskap med Jeffrey Epstein, men har konsekvent avvist kjennskap til menneskehandelen og de seksuelle overgrepene Epstein ble anklaget for.<\/p>\n<p><strong>I tidligere offentliggjorte dokumenter har det v\u00e6rt flere bilder der Trump er til stede.<\/strong><\/p>\n<p>I fredagens dokument-slipp fantes det ett bilde av Trump. Bildet viste et fotografi av Trump og Epstein i en skrivebordsskuff.<\/p>\n<p><img decoding=\"async\"   src=\"data:image\/gif;base64,R0lGODlhAQABAIAAAAAAAP\/\/\/yH5BAEAAAAALAAAAAABAAEAAAIBRAA7\" loading=\"eager\" alt=\"EFTA00000468 Trump hos Epstein \" title=\"Foto: Epsteins files \/ Department of Justice\"\/><\/p>\n<p class=\"\">I dokumentene som ble frisleppet fredag kveld dukket dette bildet opp. Bildet viser et fotografi av Trump og Epstein i en skrivebordsskuff hjemme hos Epstein. <\/p>\n<p>Foto: Epsteins files \/ Department of Justice<\/p>\n<p>L\u00f8rdag var dette bildet fjernet fra dokumentene p\u00e5<a href=\"https:\/\/www.justice.gov\/epstein\/doj-disclosures\" target=\"_blank\" ec-id=\"https:\/\/www.justice.gov\/epstein\/doj-disclosures\" ec-name=\"det amerikanske justisdepartementets nettsider.\" rel=\"nofollow noopener\"> det amerikanske justisdepartementets nettsider.<\/a><\/p>\n<p>\u2013 Dette sender i beste fall ut et rotete signal, men i verste fall er det et tegn p\u00e5 at departementet beskytter Trump, sier TV 2s USA-kommentator Eirik Bergesen.<\/p>\n<ul class=\"dhpg__gallery__list\">\n<li class=\"dhpg__gallery__listItem\"><img alt=\"Eirik Bergesen\"  width=\"2400\" height=\"2400\" loading=\"lazy\"\/>Eirik Bergesen<\/li>\n<\/ul>\n<p>NRK har ogs\u00e5 identifisert 15 andre dokumenter som var tilgjengelige fredag, men som ble fjernet l\u00f8rdag.<\/p>\n<p>Flere har reagert<\/p>\n<p>Utenom det ene bildet, har ikke NRK funnet flere bilder av Trump i dokumentene fra fredag.<\/p>\n<p><strong>Det har f\u00e5tt mange til \u00e5 stusse <\/strong>\u2013 <strong>Bergesen inkludert. <\/strong><\/p>\n<p>Han beskriver g\u00e5rsdagens dokument-slipp som \u00aben stor skuffelse for de som h\u00e5pet at man skulle f\u00e5 sannhet\u00bb.<\/p>\n<p>\u2013 Trump har jo jobbet veldig hardt for \u00e5 unng\u00e5 at dokumentene skulle offentliggj\u00f8res, ogs\u00e5 snudde han i siste liten siden republikanerne snudde. Det skapte en del forventninger som det var en liten grunn til \u00e5 faktisk tro skulle bli oppfylt.<\/p>\n<p>Bergesen mener at offentliggj\u00f8ringen ikke bare handler om \u00e5 beskytte Trump, men ogs\u00e5 om \u00e5 rette s\u00f8kelyset mot politiske motstandere hos demokratene.<\/p>\n<p>\u2013 Spesielt Bill Clinton, sier USA-kommentatoren, og viser til de mange bildene av USAs tidligere president som ble frigitt fredag kveld.<\/p>\n<p><img decoding=\"async\"   src=\"data:image\/gif;base64,R0lGODlhAQABAIAAAAAAAP\/\/\/yH5BAEAAAAALAAAAAABAAEAAAIBRAA7\" loading=\"eager\" alt=\"Bildet viser to personer som sitter sammen i en luksuri\u00f8s innredning, antakelig om bord i et fly. Den ene personen har p\u00e5 seg en bl\u00e5 skjorte og en m\u00f8rk blazer, mens den andre har p\u00e5 seg en hvit topp og svarte bukser. Omr\u00e5det er preget av r\u00f8de og gyldne detaljer, og det er f\u00e5 andre personer i bakgrunnen som kan skimtes. Milj\u00f8et gir en indikasjon p\u00e5 en luksuri\u00f8s setting. (Bildebeskrivelsen er laget av en KI-tjeneste)\" title=\"Foto: U.S. Justice Department \/ Reuters \/ NTB\"\/><\/p>\n<p class=\"\">Flere bilder av tidligere USAs president Bill Clinton ble sluppet av det amerikanske justisdepartementet fredag kveld. <\/p>\n<p>Foto: U.S. Justice Department \/ Reuters \/ NTB<\/p>\n<p>Mener Trump har tapt<\/p>\n<p>USA-ekspert H\u00f8gest\u00f8l mener at tilliten til Trump-administrasjonen har blitt ytterligere svekket etter fredagens frigj\u00f8ring.<\/p>\n<p>\u2013 Denne saken taper Trump. Og n\u00e5 ser det jo ut som om justisdepartementet ikke er veldig samarbeidsvillig i m\u00e5ten de offentliggj\u00f8r dokumentene, sier eksperten og legger til:<\/p>\n<p>\u2013 Da skaper de bare nye problemer for seg selv.<\/p>\n<p>Publisert<\/p>\n<p>20.12.2025, kl. 23.28<\/p>\n","protected":false},"excerpt":{"rendered":"Saken oppsummert Det amerikanske justisdepartementet offentliggjorde kun deler av Epstein-dokumentene, noe som har skapt misn\u00f8ye og kritikk. Republikaneren&hellip;\n","protected":false},"author":2,"featured_media":118551,"comment_status":"","ping_status":"","sticky":false,"template":"","format":"standard","meta":{"footnotes":""},"categories":[5],"tags":[20,21,24,25,15,19,22,23,17,18,13,30,28,29,14,16,26,27],"class_list":{"0":"post-118550","1":"post","2":"type-post","3":"status-publish","4":"format-standard","5":"has-post-thumbnail","7":"category-overskrifter","8":"tag-breaking-news","9":"tag-breakingnews","10":"tag-featured-news","11":"tag-featurednews","12":"tag-headlines","13":"tag-hovedoppslag","14":"tag-latest-news","15":"tag-latestnews","16":"tag-main-news","17":"tag-mainnews","18":"tag-news","19":"tag-no","20":"tag-norge","21":"tag-norway","22":"tag-nyheter","23":"tag-overskrifter","24":"tag-top-stories","25":"tag-topstories"},"share_on_mastodon":{"url":"https:\/\/pubeurope.com\/@no\/115754356242353541","error":""},"_links":{"self":[{"href":"https:\/\/www.europesays.com\/no\/wp-json\/wp\/v2\/posts\/118550","targetHints":{"allow":["GET"]}}],"collection":[{"href":"https:\/\/www.europesays.com\/no\/wp-json\/wp\/v2\/posts"}],"about":[{"href":"https:\/\/www.europesays.com\/no\/wp-json\/wp\/v2\/types\/post"}],"author":[{"embeddable":true,"href":"https:\/\/www.europesays.com\/no\/wp-json\/wp\/v2\/users\/2"}],"replies":[{"embeddable":true,"href":"https:\/\/www.europesays.com\/no\/wp-json\/wp\/v2\/comments?post=118550"}],"version-history":[{"count":0,"href":"https:\/\/www.europesays.com\/no\/wp-json\/wp\/v2\/posts\/118550\/revisions"}],"wp:featuredmedia":[{"embeddable":true,"href":"https:\/\/www.europesays.com\/no\/wp-json\/wp\/v2\/media\/118551"}],"wp:attachment":[{"href":"https:\/\/www.europesays.com\/no\/wp-json\/wp\/v2\/media?parent=118550"}],"wp:term":[{"taxonomy":"category","embeddable":true,"href":"https:\/\/www.europesays.com\/no\/wp-json\/wp\/v2\/categories?post=118550"},{"taxonomy":"post_tag","embeddable":true,"href":"https:\/\/www.europesays.com\/no\/wp-json\/wp\/v2\/tags?post=118550"}],"curies":[{"name":"wp","href":"https:\/\/api.w.org\/{rel}","templated":true}]}}