{"id":11856,"date":"2025-08-19T05:25:11","date_gmt":"2025-08-19T05:25:11","guid":{"rendered":"https:\/\/www.europesays.com\/no\/11856\/"},"modified":"2025-08-19T05:25:11","modified_gmt":"2025-08-19T05:25:11","slug":"solfrid-koanda-om-verdensrekord-i-vm-i-forde-en-drom","status":"publish","type":"post","link":"https:\/\/www.europesays.com\/no\/11856\/","title":{"rendered":"Solfrid Koanda om verdensrekord i VM i F\u00f8rde: \u2013 En dr\u00f8m"},"content":{"rendered":"\n<ul class=\"_list_1bvmi_3 _list_1flq1_85 _unordered_1bvmi_99 text-sans-m\">\n<li class=\"_item_1bvmi_30\">Solfrid Koanda utelukker ikke en mulig verdensrekord i VM i oktober.<\/li>\n<li class=\"_item_1bvmi_30\">Koanda er \u00e9n av favorittene til VM-gull etter tidligere OL-gull og EM-seire.<\/li>\n<li class=\"_item_1bvmi_30\">Endringer i vektklasser gir henne n\u00e5 flere konkurrenter i VM.<\/li>\n<li class=\"_item_1bvmi_30\">Skagerak Energi og Lerum st\u00f8tter Koandas satsing frem mot OL i 2028.<\/li>\n<\/ul>\n<p>Vis mer <\/p>\n<p class=\"_paragraph_1bvmi_4 _paragraph_xtcu6_10 layout-component text-serif-m layout-normal text-serif-m layout-padded\">\u2013 Jeg kan ikke love noe, men det er jo et m\u00e5l. \u00c5 f\u00e5 gj\u00f8re det p\u00e5 norsk jord, hadde v\u00e6rt utrolig g\u00f8y sier vektl\u00f8fter <a href=\"https:\/\/www.vg.no\/tag\/solfrid-koanda?utm_source=vg-article&amp;utm_medium=auto-tagger&amp;utm_campaign=632PKo\" class=\"_link_1bvmi_39\" rel=\"nofollow noopener\" target=\"_blank\">Solfrid Koanda<\/a> til VG om et mulig verdensrekordfors\u00f8k.<\/p>\n<p class=\"_paragraph_1bvmi_4 _paragraph_xtcu6_10 layout-component text-serif-m layout-normal text-serif-m layout-padded\">\u00abAlle\u00bb forventer VM-gull i F\u00f8rde i oktober \u2013 og det med god grunn:<\/p>\n<ul class=\"_list_1bvmi_3 _list_xtcu6_9 _unordered_1bvmi_99 layout-component text-serif-m layout-normal text-serif-m layout-padded\">\n<li class=\"_item_1bvmi_30\">For ganske n\u00f8yaktig ett \u00e5r siden stakk Koanda av med <a href=\"https:\/\/www.vg.no\/sport\/i\/MnA1dB\/solfrid-koanda-innfridde-favorittstempelet-og-tok-ol-gull-i-vektloefting\" data-track-element-type=\"Link\" data-track-id=\"link:MnA1dB\" class=\"_link_1bvmi_39\" rel=\"nofollow noopener\" target=\"_blank\">gullmedaljen under OL i Paris<\/a>. <\/li>\n<li class=\"_item_1bvmi_30\"><a href=\"https:\/\/www.vg.no\/sport\/i\/JbAEm7\/koanda-med-trippelt-em-gull\" data-track-element-type=\"Link\" data-track-id=\"link:JbAEm7\" class=\"_link_1bvmi_39\" rel=\"nofollow noopener\" target=\"_blank\">I april i \u00e5r tok s\u00f8rlendingen sitt fjerde strake EM-gull<\/a> da hun knuste konkurrentene i Chi\u0219in\u0103u, Moldova. Med imponerende 122 kg i rykk, 145 kg i st\u00f8t og 267 kg sammenlagt, sikret hun seieren i begge \u00f8velser i -87 kg-klassen.<\/li>\n<\/ul>\n<p class=\"_paragraph_1bvmi_4 _paragraph_xtcu6_10 layout-component text-serif-m layout-normal text-serif-m layout-padded\"><strong class=\"_strong_1bvmi_25\">\u2013 Jeg vet at forventningen i VM er gull. N\u00e5 har jeg ikke studert startlistene s\u00e5 n\u00f8ye, men jeg st\u00e5r ikke som nummer \u00e9n, fastsl\u00e5r 26-\u00e5ringen til VG.<\/strong><\/p>\n<p class=\"_paragraph_1bvmi_4 _paragraph_xtcu6_10 layout-component text-serif-m layout-normal text-serif-m layout-padded\">Under OL i Paris konkurrerte Koanda i 81-kiloklassen. Denne er n\u00e5 visket ut \u2013 noe som betyr at hun i VM skal ut i 86-kilosklassen86-kilosklassen81- og 87-kilosklassen ble 1. juni faset ut, og sl\u00e5tt sammen til en ny 86-kilosklasse. N\u00e5 er den eneste andre vektklassen 77-kilosklassen. Det betyr at de som er over 77 kg, m\u00e5 konkurrere i den nye 86-kilosklassen.:<\/p>\n<p class=\"_paragraph_1bvmi_4 _paragraph_xtcu6_10 layout-component text-serif-m layout-normal text-serif-m layout-padded\">Enkelt forklart betyr det flere konkurrenter under mesterskapet i oktober.<\/p>\n<p class=\"_paragraph_1bvmi_4 _paragraph_xtcu6_10 layout-component text-serif-m layout-normal text-serif-m layout-padded\"><strong class=\"_strong_1bvmi_25\">\u2013 Vi kommer til \u00e5 pushe hverandre til nye h\u00f8yder, tror 26-\u00e5ringen.<\/strong><\/p>\n<p class=\"_paragraph_1bvmi_4 _paragraph_xtcu6_10 layout-component text-serif-m layout-normal text-serif-m layout-padded\">Tross b\u00e5de forventningspress og favorittstempel, har Koanda selv kun ett fokus.<\/p>\n<p class=\"_paragraph_1bvmi_4 _paragraph_xtcu6_10 layout-component text-serif-m layout-normal text-serif-m layout-padded\">\u2013 Det er treningen i dag og i morgen. De sm\u00e5 stegene p\u00e5 vei mot VM er de viktigste. Det er det eneste jeg har full kontroll over, og derfor alt jeg trenger \u00e5 fokusere p\u00e5.<\/p>\n<p class=\"_paragraph_1bvmi_4 _paragraph_xtcu6_10 layout-component text-serif-m layout-normal text-serif-m layout-padded\">P\u00e5 Idrettsgallaen i januar vant Koanda prisen \u00ab\u00c5rets kvinnelige ut\u00f8ver\u00bb:<\/p>\n<p class=\"_paragraph_1bvmi_4 _paragraph_xtcu6_10 layout-component text-serif-m layout-normal text-serif-m layout-padded\">I EM i april fortsatte 26-\u00e5ringen \u00e5 skrive norsk idrettshistorie\u00e5 skrive norsk idrettshistorieNorges fjerde strake EM-gull i vektl\u00f8fting &#8211; som eneste norske noen sinne!. Dette var Koandas f\u00f8rste store mesterskap etter OL-triumfen i Paris i fjor sommer.<\/p>\n<p class=\"_paragraph_1bvmi_4 _paragraph_xtcu6_10 layout-component text-serif-m layout-normal text-serif-m layout-padded\">\u2013 Jeg var nok bedre forberedt til EM enn jeg var til OL. Kapasiteten jeg hadde p\u00e5 trening i forkant av det mesterskapet var mye st\u00f8rre. Da var det synd at ambisjonene ogs\u00e5 var st\u00f8rre, sier hun.<\/p>\n<p class=\"_paragraph_1bvmi_4 _paragraph_xtcu6_10 layout-component text-serif-m layout-normal text-serif-m layout-padded\">For etter det f\u00f8rste rykketrykketVektl\u00f8ftingmesterskap fokuserer p\u00e5 to olympiske l\u00f8ft: nevnte rykk, og st\u00f8t i EM p\u00e5dro Koanda seg en skade som gjorde at hun ikke klarte \u00e5 trykke til mer i st\u00f8tst\u00f8tden andre av to l\u00f8ftkategorier enn n\u00f8dvendig. Totalen p\u00e5 267 kg var likevel nok til \u00e5 ta med gullet hjem.<\/p>\n<p class=\"_paragraph_1bvmi_4 _paragraph_xtcu6_10 layout-component text-serif-m layout-normal text-serif-m layout-padded\">\u2013 Etter EM har jeg hatt en opptreningsperiode. Responsen p\u00e5 treningen har v\u00e6rt veldig bra, noe som gir selvtillit. N\u00e5 f\u00f8ler jeg meg veldig sterk, forteller vektl\u00f8fteren.<\/p>\n<p class=\"_paragraph_1bvmi_4 _paragraph_xtcu6_10 layout-component text-serif-m layout-normal text-serif-m layout-padded\">I l\u00f8pet av \u00e9n treningsuke l\u00f8fter Koanda omtrent 50 tonn (!) i effektive l\u00f8fteffektive l\u00f8ftikke medberegnet oppvarming. N\u00e6rmere VM flyttes denne totalen enda h\u00f8yere.<\/p>\n<p class=\"_paragraph_1bvmi_4 _paragraph_xtcu6_10 layout-component text-serif-m layout-normal text-serif-m layout-padded\">\u2013 Da ligger jeg veldig n\u00e6r maksvekt og har \u00abpr\u00f8vekonkurranser\u00bb i forkant. Det blir trolig f\u00e6rre \u00f8kter rett f\u00f8r VM i oktober, men h\u00f8yere intensitet, sier hun.<\/p>\n<p><img alt=\"GLEDEST\u00c5RER: Koanda var over seg av glede da hun kunne henge OL-gullet rundt halsen i fjor sommer.  Foto: Amanda Perobelli \/ Reuters \/ NTB\" class=\"_image_qp4xg_65 layout-component layout-normal\" data-fullscreen- data-track-element-type=\"Article image fullscreen\" data-track-name=\"ImageFullscreen\" decoding=\"async\" loading=\"lazy\" height=\"2080\" itemprop=\"image\"  src=\"https:\/\/www.europesays.com\/no\/wp-content\/uploads\/2025\/08\/71bba563-71a8-4623-8122-7952ba26e3ad\"  style=\"object-position:0% 0%\" width=\"3146\"\/>GLEDEST\u00c5RER: Koanda var over seg av glede da hun kunne henge OL-gullet rundt halsen i fjor sommer.  Foto: Amanda Perobelli \/ Reuters \/ NTB<\/p>\n<p class=\"_paragraph_1bvmi_4 _paragraph_xtcu6_10 layout-component text-serif-m layout-normal text-serif-m layout-padded\"><a href=\"https:\/\/www.vg.no\/sport\/i\/lwaaJG\/ny-sponsor-redder-solfrid-koanda-droem-om-ol-gull-i-2028\" data-track-element-type=\"Link\" data-track-id=\"link:lwaaJG\" class=\"_link_1bvmi_39\" rel=\"nofollow noopener\" target=\"_blank\">I februar inngikk 26-\u00e5ringen en sponsoravtale med saft- og syltet\u00f8ysprodusenten Lerum<\/a>. N\u00e5 g\u00e5r ogs\u00e5 Skagerak EnergiSkagerak Energinorsk energikonsern g\u00e5tt inn som sponsor for Koanda. <\/p>\n<p class=\"_paragraph_1bvmi_4 _paragraph_xtcu6_10 layout-component text-serif-m layout-normal text-serif-m layout-padded\"><a href=\"https:\/\/www.nrk.no\/sorlandet\/ny-hovedsponsor-sikrer-koandas-satsing-mot-ol-i-usa-1.17523739\" class=\"_link_1bvmi_39\" rel=\"nofollow noopener\" target=\"_blank\">NRK<\/a> omtalte saken f\u00f8rst. VG erfarer at avtalen er verdt et millionbel\u00f8p fra 2025 til etter OL i Los Angeles i 2028. NRK sitter p\u00e5 de samme opplysningene.<\/p>\n<p class=\"_paragraph_1bvmi_4 _paragraph_xtcu6_10 layout-component text-serif-m layout-normal text-serif-m layout-padded\">\u2013 Det er en enorm forskjell for meg \u00e5 drive idrett n\u00e5 enn det var for bare ett \u00e5r siden. Vi har fortsatt et lite team frem mot OL i 2028, men det \u00e5 ha flere \u00e5 spille p\u00e5, er veldig viktig for min satsing. Det er et privilegium \u00e5 kjenne p\u00e5 at det kommer folk inn som tror p\u00e5 deg, forteller Koanda.<\/p>\n<p class=\"_paragraph_1bvmi_4 _paragraph_xtcu6_10 layout-component text-serif-m layout-normal text-serif-m layout-padded\">Vektl\u00f8fteren hadde frem til \u00e5rsskiftet null kroner i sponsorst\u00f8tte. Den nye avtalen med Skagerak Energi er hennes st\u00f8rste til n\u00e5, erfarer VG.<\/p>\n<p><img alt=\"Solfrid Koanda p\u00e5 bes\u00f8k hos sin samarbeidspartner Lerum i februar.  Foto: Bj\u00f8rn S. Delebekk \/ VG\" class=\"_image_qp4xg_65 layout-component layout-normal\" data-fullscreen- data-track-element-type=\"Article image fullscreen\" data-track-name=\"ImageFullscreen\" decoding=\"async\" loading=\"lazy\" height=\"5029\" itemprop=\"image\"  src=\"https:\/\/www.europesays.com\/no\/wp-content\/uploads\/2025\/08\/4bcd5658-63cf-44e6-8eec-4246047c754c\"  style=\"object-position:0% 0%\" width=\"7954\"\/>Solfrid Koanda p\u00e5 bes\u00f8k hos sin samarbeidspartner Lerum i februar.  Foto: Bj\u00f8rn S. Delebekk \/ VG<\/p>\n<p class=\"_paragraph_1bvmi_4 _paragraph_xtcu6_10 layout-component text-serif-m layout-normal text-serif-m layout-padded\"><a href=\"https:\/\/vektlofting.no\/nyheter\/2025\/slik-blir-koandas-nye-satsning--gir-meg-muligheten-til-a-realisere-drommene-mine\/\" class=\"_link_1bvmi_39\" rel=\"nofollow noopener\" target=\"_blank\">Tidligere i \u00e5r<\/a> inngikk Norges Vektl\u00f8fterforbund, Olympiatoppen og det tyske vektl\u00f8fterforbundet hadde et sportslig samarbeid som innebar at Almir Velagic gikk inn som fulltidstrener for 26-\u00e5ringen. <\/p>\n<p class=\"_paragraph_1bvmi_4 _paragraph_xtcu6_10 layout-component text-serif-m layout-normal text-serif-m layout-padded\">Velagic er ogs\u00e5 landslagstrener for de tyske vektl\u00f8fterkvinnene.<\/p>\n<p class=\"_paragraph_1bvmi_4 _paragraph_xtcu6_10 layout-component text-serif-m layout-normal text-serif-m layout-padded\">\u2013 Det \u00e5 f\u00f8le p\u00e5 tryggheten fra han har gjort at jeg har kunnet ta nye steg og pushe meg selv. Almir er utrolig st\u00f8ttende. Jeg er veldig glad for at han har tatt meg under vingen, sier Koanda.<\/p>\n<p class=\"_paragraph_1bvmi_4 _paragraph_xtcu6_10 layout-component text-serif-m layout-normal text-serif-m layout-padded\">Samarbeidet har betydd mye reising til Tyskland for den norske 26-\u00e5ringen.<\/p>\n<p class=\"_paragraph_1bvmi_4 _paragraph_xtcu6_10 layout-component text-serif-m layout-normal text-serif-m layout-padded\">\u2013 Vektl\u00f8fting er en individuell idrett, men du st\u00e5r egentlig bare alene p\u00e5 plattformen i selve konkurransen. Treningsgruppen i Tyskland har blitt veldig viktig for meg. Jeg trenger alle de st\u00f8ttespillerne som jeg kan f\u00e5, forteller hun.<\/p>\n<p><img alt=\"Solfrid Koanda forteller til VG at hun l\u00f8fter rundt 22 tonn i uken i effektive l\u00f8ft.  Foto: ARUN SANKAR \/ AFP \/ NTB\" class=\"_image_qp4xg_65 layout-component layout-normal\" data-fullscreen- data-track-element-type=\"Article image fullscreen\" data-track-name=\"ImageFullscreen\" decoding=\"async\" loading=\"lazy\" height=\"2152\" itemprop=\"image\"  src=\"https:\/\/www.europesays.com\/no\/wp-content\/uploads\/2025\/08\/04c1360f-a667-4249-828c-13d33cb26f60\"  style=\"object-position:0% 0%\" width=\"3248\"\/>Solfrid Koanda forteller til VG at hun l\u00f8fter rundt 22 tonn i uken i effektive l\u00f8ft.  Foto: ARUN SANKAR \/ AFP \/ NTB<\/p>\n<p class=\"_paragraph_1bvmi_4 _paragraph_xtcu6_10 layout-component text-serif-m layout-normal text-serif-m layout-padded\">Med nye konkurrenter p\u00e5 startstreken i VM p\u00e5 hjemmebane forteller vektl\u00f8fteren at hun n\u00e5 har f\u00e5 \u00e5 sammenligne seg med. Nye utfordrere fra Belarus, Russland og Kina gj\u00f8r at hun p\u00e5 ingen m\u00e5te tar lett p\u00e5 oppgaven.<\/p>\n<p class=\"_paragraph_1bvmi_4 _paragraph_xtcu6_10 layout-component text-serif-m layout-normal text-serif-m layout-padded\">\u2013 Jeg m\u00e5 v\u00e6re forberedt p\u00e5 \u00e5 kanskje ta noen l\u00f8sninger som jeg ikke har pr\u00f8vd f\u00f8r. Vi f\u00e5r se hvordan VM utvikler seg, forteller Koanda, og legger til:<\/p>\n<p class=\"_paragraph_1bvmi_4 _paragraph_xtcu6_10 layout-component text-serif-m layout-normal text-serif-m layout-padded\"><strong class=\"_strong_1bvmi_25\">\u2013 N\u00e5r det blir s\u00e5nne usikkerheter, f\u00e5r man en enda st\u00f8rre motivasjon til \u00e5 v\u00e6re p\u00e5 topp.<\/strong><\/p>\n<p><img alt=\"Solfrid Koanda var norsk flaggb\u00e6rer under avslutningsseremonien i OL i Paris.  Foto: MAXIM THORE \/ BILDBYR\u00c5N\" class=\"_image_qp4xg_65 layout-component layout-normal\" data-fullscreen- data-track-element-type=\"Article image fullscreen\" data-track-name=\"ImageFullscreen\" decoding=\"async\" loading=\"lazy\" height=\"4027\" itemprop=\"image\"  src=\"https:\/\/www.europesays.com\/no\/wp-content\/uploads\/2025\/08\/87b4ce22-506e-438b-8fc1-a2e631fb0067\"  style=\"object-position:0% 0%\" width=\"6040\"\/>Solfrid Koanda var norsk flaggb\u00e6rer under avslutningsseremonien i OL i Paris.  Foto: MAXIM THORE \/ BILDBYR\u00c5N<\/p>\n<p class=\"_paragraph_1bvmi_4 _paragraph_xtcu6_10 layout-component text-serif-m layout-normal text-serif-m layout-padded\">VM p\u00e5 hjemmebane blir en folkefest \u2013 med n\u00e6rmere 130 nasjoner som deltar. <\/p>\n<p class=\"_paragraph_1bvmi_4 _paragraph_xtcu6_10 layout-component text-serif-m layout-normal text-serif-m layout-padded\">Ambisjonen er, og har alltid v\u00e6rt, \u00e5 sette ny verdensrekord\u00e5 sette ny verdensrekordIf\u00f8lge Guinness World Records er verdensrekorden for kvinner i 87-kilosklassen 335 kg &#8211; satt av Li Wenwen fra Kina. Den kom april 2021 i det asiatiske mesterskapet i Tashkent, Uzbekistan.<\/p>\n<p class=\"_paragraph_1bvmi_4 _paragraph_xtcu6_10 layout-component text-serif-m layout-normal text-serif-m layout-padded\"><strong class=\"_strong_1bvmi_25\">\u2013 Jeg tror at det er en mulighet i oktober. Den er innen rekkevidde, fastsl\u00e5r 26-\u00e5ringen.<\/strong><\/p>\n","protected":false},"excerpt":{"rendered":"Solfrid Koanda utelukker ikke en mulig verdensrekord i VM i oktober. Koanda er \u00e9n av favorittene til VM-gull&hellip;\n","protected":false},"author":2,"featured_media":11857,"comment_status":"","ping_status":"","sticky":false,"template":"","format":"standard","meta":{"footnotes":""},"categories":[59],"tags":[30,28,29,750,1800,83,82,1802,1871],"class_list":{"0":"post-11856","1":"post","2":"type-post","3":"status-publish","4":"format-standard","5":"has-post-thumbnail","7":"category-sport","8":"tag-no","9":"tag-norge","10":"tag-norway","11":"tag-ol-i-paris","12":"tag-solfrid-koanda","13":"tag-sport","14":"tag-sports","15":"tag-vektlofting","16":"tag-vm"},"share_on_mastodon":{"url":"","error":""},"_links":{"self":[{"href":"https:\/\/www.europesays.com\/no\/wp-json\/wp\/v2\/posts\/11856","targetHints":{"allow":["GET"]}}],"collection":[{"href":"https:\/\/www.europesays.com\/no\/wp-json\/wp\/v2\/posts"}],"about":[{"href":"https:\/\/www.europesays.com\/no\/wp-json\/wp\/v2\/types\/post"}],"author":[{"embeddable":true,"href":"https:\/\/www.europesays.com\/no\/wp-json\/wp\/v2\/users\/2"}],"replies":[{"embeddable":true,"href":"https:\/\/www.europesays.com\/no\/wp-json\/wp\/v2\/comments?post=11856"}],"version-history":[{"count":0,"href":"https:\/\/www.europesays.com\/no\/wp-json\/wp\/v2\/posts\/11856\/revisions"}],"wp:featuredmedia":[{"embeddable":true,"href":"https:\/\/www.europesays.com\/no\/wp-json\/wp\/v2\/media\/11857"}],"wp:attachment":[{"href":"https:\/\/www.europesays.com\/no\/wp-json\/wp\/v2\/media?parent=11856"}],"wp:term":[{"taxonomy":"category","embeddable":true,"href":"https:\/\/www.europesays.com\/no\/wp-json\/wp\/v2\/categories?post=11856"},{"taxonomy":"post_tag","embeddable":true,"href":"https:\/\/www.europesays.com\/no\/wp-json\/wp\/v2\/tags?post=11856"}],"curies":[{"name":"wp","href":"https:\/\/api.w.org\/{rel}","templated":true}]}}