{"id":118563,"date":"2025-12-20T23:47:08","date_gmt":"2025-12-20T23:47:08","guid":{"rendered":"https:\/\/www.europesays.com\/no\/118563\/"},"modified":"2025-12-20T23:47:08","modified_gmt":"2025-12-20T23:47:08","slug":"hver-tredje-danske-vil-forby-islam","status":"publish","type":"post","link":"https:\/\/www.europesays.com\/no\/118563\/","title":{"rendered":"Hver tredje danske vil forby islam"},"content":{"rendered":"<p><strong>Nesten \u00e9n av tre dansker er \u00e5pne for \u00e5 forby islam i Danmark, if\u00f8lge en ny unders\u00f8kelse utf\u00f8rt for <a href=\"https:\/\/www.weekendavisen.dk\/samfund\/over-graensen\" rel=\"nofollow noopener\" target=\"_blank\">Weekendavisen<\/a>.<\/strong><\/p>\n<p>Kartleggingen bygger p\u00e5 svar fra 1.390 personer og viser at et betydelig mindretall av befolkningen st\u00f8tter et totalforbud mot islam i landet.<\/p>\n<p>Unders\u00f8kelsen viser ogs\u00e5 at holdningene g\u00e5r lenger enn et religionsforbud. Rundt \u00e9n av fire respondenter svarer at muslimske innvandrere b\u00f8r sendes ut av Danmark.<\/p>\n<p>Professor i statsvitenskap ved K\u00f8benhavns Universitet, Kasper M\u00f8ller Hansen, understreker at et slikt forbud ikke lar seg gjennomf\u00f8re innenfor dagens rettsorden.<\/p>\n<p>\u2013 Grunnloven sikrer religionsfrihet, og det lar seg selvsagt ikke gj\u00f8re \u00e5 forby en religion, sier han.<\/p>\n<p>Samtidig mener Hansen at svarene i unders\u00f8kelsen sier noe mer generelt om stemningsleiet i befolkningen.<\/p>\n<p>\u2013 En del av dette er en generell utilfredshet med innvandringen. Men tallene flytter noen gjerdestolper i forhold til debatten som vil prege det kommende folketingsvalget, sier han til avisen.<\/p>\n<p>Unders\u00f8kelsen viser samtidig at et flertall av danskene ikke st\u00f8tter et forbud. Sju av ti svarer at muslimer fritt skal kunne ut\u00f8ve sin religion i Danmark, s\u00e5 lenge de overholder loven.<\/p>\n","protected":false},"excerpt":{"rendered":"Nesten \u00e9n av tre dansker er \u00e5pne for \u00e5 forby islam i Danmark, if\u00f8lge en ny unders\u00f8kelse utf\u00f8rt&hellip;\n","protected":false},"author":2,"featured_media":118564,"comment_status":"","ping_status":"","sticky":false,"template":"","format":"standard","meta":{"footnotes":""},"categories":[12],"tags":[20,21,1524,24,25,15,2198,22,23,13,30,28,29,14,16,26,27,42,43,44,45],"class_list":{"0":"post-118563","1":"post","2":"type-post","3":"status-publish","4":"format-standard","5":"has-post-thumbnail","7":"category-verden","8":"tag-breaking-news","9":"tag-breakingnews","10":"tag-danmark","11":"tag-featured-news","12":"tag-featurednews","13":"tag-headlines","14":"tag-islam","15":"tag-latest-news","16":"tag-latestnews","17":"tag-news","18":"tag-no","19":"tag-norge","20":"tag-norway","21":"tag-nyheter","22":"tag-overskrifter","23":"tag-top-stories","24":"tag-topstories","25":"tag-verden","26":"tag-world","27":"tag-world-news","28":"tag-worldnews"},"share_on_mastodon":{"url":"https:\/\/pubeurope.com\/@no\/115754568598824481","error":""},"_links":{"self":[{"href":"https:\/\/www.europesays.com\/no\/wp-json\/wp\/v2\/posts\/118563","targetHints":{"allow":["GET"]}}],"collection":[{"href":"https:\/\/www.europesays.com\/no\/wp-json\/wp\/v2\/posts"}],"about":[{"href":"https:\/\/www.europesays.com\/no\/wp-json\/wp\/v2\/types\/post"}],"author":[{"embeddable":true,"href":"https:\/\/www.europesays.com\/no\/wp-json\/wp\/v2\/users\/2"}],"replies":[{"embeddable":true,"href":"https:\/\/www.europesays.com\/no\/wp-json\/wp\/v2\/comments?post=118563"}],"version-history":[{"count":0,"href":"https:\/\/www.europesays.com\/no\/wp-json\/wp\/v2\/posts\/118563\/revisions"}],"wp:featuredmedia":[{"embeddable":true,"href":"https:\/\/www.europesays.com\/no\/wp-json\/wp\/v2\/media\/118564"}],"wp:attachment":[{"href":"https:\/\/www.europesays.com\/no\/wp-json\/wp\/v2\/media?parent=118563"}],"wp:term":[{"taxonomy":"category","embeddable":true,"href":"https:\/\/www.europesays.com\/no\/wp-json\/wp\/v2\/categories?post=118563"},{"taxonomy":"post_tag","embeddable":true,"href":"https:\/\/www.europesays.com\/no\/wp-json\/wp\/v2\/tags?post=118563"}],"curies":[{"name":"wp","href":"https:\/\/api.w.org\/{rel}","templated":true}]}}