{"id":118567,"date":"2025-12-20T23:50:24","date_gmt":"2025-12-20T23:50:24","guid":{"rendered":"https:\/\/www.europesays.com\/no\/118567\/"},"modified":"2025-12-20T23:50:24","modified_gmt":"2025-12-20T23:50:24","slug":"annbjorg-fekk-den-gjeve-prisen-ho-loftar-andre","status":"publish","type":"post","link":"https:\/\/www.europesays.com\/no\/118567\/","title":{"rendered":"Annbj\u00f8rg fekk den gjeve prisen: &#8211; Ho l\u00f8ftar andre"},"content":{"rendered":"<p data-testid=\"textWithMarkup-text\" data-v-81d7dc2b=\"\" data-v-62d58f52=\"\">Sidan 1986 har Annbj\u00f8rg vore ein uunnverleg del av friidrettsmilj\u00f8et i Flor\u00f8. Ho har tatt trenarkurs, dommarkurs og utdanning som idrettsmass\u00f8r. Gjennom snart 40 \u00e5r har ho vore trenar, st\u00f8ttespelar og eit samlingspunkt for barn og unge i klubben, skriv fylket i ei pressemelding.<\/p>\n<p>50.000 kr til klubben<\/p>\n<p data-testid=\"textWithMarkup-text\" data-v-81d7dc2b=\"\" data-v-62d58f52=\"\">\u2013 Annbj\u00f8rg\u00a0 har brukt store delar av livet sitt p\u00e5 \u00e5 l\u00f8fte andre \u2013 utan \u00e5 krevje noko igjen. Ho er eit f\u00f8rebilete p\u00e5 ekte idrettsglede og frivillig engasjement, og ein s\u00e6rs verdig kandidat til \u00e5rets eldsjelpris, seier Jacob N\u00f8dseth, leiar for hovudutval for kultur, idrett og inkludering.<\/p>\n<p data-testid=\"textWithMarkup-text\" data-v-81d7dc2b=\"\" data-v-62d58f52=\"\">Prisen for \u00e5rets eldsjel blei delt ut p\u00e5 Vestlandshuset i Bergen 19. desember. Annbj\u00f8rg har bestemt at prispengane p\u00e5 50. 000 kroner skal g\u00e5 til Flor\u00f8 Turn og Idrettsforening.<\/p>\n<p data-testid=\"textWithMarkup-text\" data-v-81d7dc2b=\"\" data-v-62d58f52=\"\">\u00c5rets eldsjel i kvart fylke er automatisk nominert til den nasjonale k\u00e5ringa p\u00e5 idrettsgallaen kvart \u00e5r. Idrettsgallaen 2026 er p\u00e5 Hamar laurdag 10. januar.<\/p>\n<p>Framleis aktiv<\/p>\n<p data-testid=\"textWithMarkup-text\" data-v-81d7dc2b=\"\" data-v-62d58f52=\"\">Annbj\u00f8rn Sunnarvik har hatt styreverv i friidrettskrinsen og sit framleis i styret i friidrettsgruppa i Flor\u00f8. Ho har i alle \u00e5r bidrege som arrang\u00f8r og dommar lokalt, og som leiar for ut\u00f8varane p\u00e5 Donald Duck-leikane, Ler\u00f8y-leikane og Trond Mohn Games. Ho er framleis aktiv, og stiller p\u00e5 stemner som organisator, trenar, eller p\u00e5 kj\u00f8kkenet om det er behov.<\/p>\n<p data-testid=\"textWithMarkup-text\" data-v-81d7dc2b=\"\" data-v-62d58f52=\"\">Annbj\u00f8rg har ogs\u00e5 vore tett p\u00e5 barnebarnet sitt, Erlend Grytten\u00a0Sunnarvik, som hoppar tresteg og lengde. Han blei nyleg tatt ut p\u00e5 det norske juniorlandslaget U20 og deltok under European Youth Olympic Festival 2025 (EYOF) i Skopje.<\/p>\n","protected":false},"excerpt":{"rendered":"Sidan 1986 har Annbj\u00f8rg vore ein uunnverleg del av friidrettsmilj\u00f8et i Flor\u00f8. Ho har tatt trenarkurs, dommarkurs og&hellip;\n","protected":false},"author":2,"featured_media":118568,"comment_status":"","ping_status":"","sticky":false,"template":"","format":"standard","meta":{"footnotes":""},"categories":[59],"tags":[30,28,29,83,82],"class_list":{"0":"post-118567","1":"post","2":"type-post","3":"status-publish","4":"format-standard","5":"has-post-thumbnail","7":"category-sport","8":"tag-no","9":"tag-norge","10":"tag-norway","11":"tag-sport","12":"tag-sports"},"share_on_mastodon":{"url":"https:\/\/pubeurope.com\/@no\/115754580206099900","error":""},"_links":{"self":[{"href":"https:\/\/www.europesays.com\/no\/wp-json\/wp\/v2\/posts\/118567","targetHints":{"allow":["GET"]}}],"collection":[{"href":"https:\/\/www.europesays.com\/no\/wp-json\/wp\/v2\/posts"}],"about":[{"href":"https:\/\/www.europesays.com\/no\/wp-json\/wp\/v2\/types\/post"}],"author":[{"embeddable":true,"href":"https:\/\/www.europesays.com\/no\/wp-json\/wp\/v2\/users\/2"}],"replies":[{"embeddable":true,"href":"https:\/\/www.europesays.com\/no\/wp-json\/wp\/v2\/comments?post=118567"}],"version-history":[{"count":0,"href":"https:\/\/www.europesays.com\/no\/wp-json\/wp\/v2\/posts\/118567\/revisions"}],"wp:featuredmedia":[{"embeddable":true,"href":"https:\/\/www.europesays.com\/no\/wp-json\/wp\/v2\/media\/118568"}],"wp:attachment":[{"href":"https:\/\/www.europesays.com\/no\/wp-json\/wp\/v2\/media?parent=118567"}],"wp:term":[{"taxonomy":"category","embeddable":true,"href":"https:\/\/www.europesays.com\/no\/wp-json\/wp\/v2\/categories?post=118567"},{"taxonomy":"post_tag","embeddable":true,"href":"https:\/\/www.europesays.com\/no\/wp-json\/wp\/v2\/tags?post=118567"}],"curies":[{"name":"wp","href":"https:\/\/api.w.org\/{rel}","templated":true}]}}