{"id":118571,"date":"2025-12-20T23:55:32","date_gmt":"2025-12-20T23:55:32","guid":{"rendered":"https:\/\/www.europesays.com\/no\/118571\/"},"modified":"2025-12-20T23:55:32","modified_gmt":"2025-12-20T23:55:32","slug":"rapport-beskriver-en-fryktkultur-blant-de-ansatte-agderposten-no","status":"publish","type":"post","link":"https:\/\/www.europesays.com\/no\/118571\/","title":{"rendered":"Rapport: Beskriver en fryktkultur blant de ansatte &#8211; agderposten.no"},"content":{"rendered":"<ol>\n<li><a href=\"https:\/\/news.google.com\/rss\/articles\/CBMivwFBVV95cUxPXzRxT2RmaElwVG9IVlpTSGZvdlNxc0s4bERGNGZhaXJhNnVlbVFaNG1JaEpzcHk2T0o0aTBfLWxRbTdxRDljY1Rpd2ZzSmhzTW11dXJ1bURjWE1BdFhnbGZRQkRSSWFTbnFNZnVwWG1adnd5Nzk3NFNkTE1ma09ta2g5d0xJV0Z2NEN3NldyLTV3d2g3YVQ2WS1DV2RIZEVUN0dnRVRFZ2FkdFBrZWxxZlpvb0RoZkNkTVQ2aTlkWQ?oc=5\" target=\"_blank\" rel=\"nofollow noopener\">Rapport: Beskriver en fryktkultur blant de ansatte<\/a>&nbsp;&nbsp;agderposten.no<\/li>\n<li><a href=\"https:\/\/news.google.com\/rss\/articles\/CBMi1wFBVV95cUxQbkFkNVBjRFlGTnRyeGhtQk1tX3Ywb2lpUjV1a0tySkdFNUwxUFI0bEV6cG5pTTVyRG9LYTczR2Q5ckNyRkZTTFpTN1k2ZzJyRFZFNl9CS3VQdHZha09fNGtXa3E1WlZvUkEwNHMtSFNQLTVDM0I0ZFh6U2lnMERhZldLY2ZWMlBKcEhUdHRNbFp0NHNDWjNZYU5WUVBxcHRVVWtRbDFvVTJUYy1HaTQ2a2o1clQxZWdMQkJOSEs3R3ZjLUI0LTVjRnM0S0dDd0s1RW40Z0hPaw?oc=5\" target=\"_blank\" rel=\"nofollow noopener\">Helsetilsynet i tilsynsrapport etter d\u00f8dsfall: S\u00f8rlandet sykehus har ikke l\u00e6rt av Flekkefjord-saken<\/a>&nbsp;&nbsp;NRK<\/li>\n<li><a href=\"https:\/\/news.google.com\/rss\/articles\/CBMiqwFBVV95cUxQZ0wwSnlHZEtRSnZkM0lVZzNMTlBTZXIxbUxBMlBXRmgwY0k0blR3d2V1c1VzZmtSNk5RVnF2VjlLSktvT0FQYnlhN2pYZlZCY0E4VDJjUlR3YWRGbjJ1cldyZFRHVUhkU25rNEFObTRLSXlFUWp5aVVJMGtMY3FEYndKZGhjaUdaU2ozdTlzSFVkb3V3ZXQzUzE5Vm5HaEduQ3Uzd2VERGxMaUE?oc=5\" target=\"_blank\" rel=\"nofollow noopener\">(+) Avdekket alvorlige utfordringer med bemanning<\/a>&nbsp;&nbsp;fvn.no<\/li>\n<li><a href=\"https:\/\/news.google.com\/rss\/articles\/CBMivwFBVV95cUxQeVBEd09CdTlwQXhUV19QSlIwZ1Jwc0p3OV9MLXlwRUpFak0yekZTNFdxY0VmWXJLd0J2M0xrQ2FCQ2FneXVxNF9kSzR0SEJMWkhZbGpsUGJ6UnBRcnlyOW5MQmZDdndlV3pUT0M5NVN2ZlZxQXJLb0RlZG5jdmZYbzhPSklMYl9MaUtXcmhKWFhvMlVQbW5tem9yZUdhSXJrVUNQbmtycUM5NWp0VlRia19LMmdjOEV4MWZEbC1BWQ?oc=5\" target=\"_blank\" rel=\"nofollow noopener\">Flere alvorlige hendelser ved samme avdeling: \u2013 Rapporten er hemmelig<\/a>&nbsp;&nbsp;agderposten.no<\/li>\n<li><a href=\"https:\/\/news.google.com\/rss\/articles\/CBMiqgFBVV95cUxPRzM4UV9Ca0VHRmtLUlhXNDU5d0dlMGRiN2tHZDNMZzZqMjlLS3VKbW13c0hJNkQ0ZGdtcm52Q280dUpEVGlaeVJZRUJZOGF4ODh3eU5fUnFsRU00c1F4cFRPczFJRHJPcDVIb1E1TGd1dlVtTW5LR19sbkxJcm45UmNYSGFHdGFJUll3b1FydEQ4T2Mya29QZkl0ZGotSVY4SjB4ZWd5YTludw?oc=5\" target=\"_blank\" rel=\"nofollow noopener\">Helsetilsynet slakter S\u00f8rlandet sykehus etter Flekkefjord-saken<\/a>&nbsp;&nbsp;Aftenposten<\/li>\n<\/ol>\n","protected":false},"excerpt":{"rendered":"Rapport: Beskriver en fryktkultur blant de ansatte&nbsp;&nbsp;agderposten.no Helsetilsynet i tilsynsrapport etter d\u00f8dsfall: S\u00f8rlandet sykehus har ikke l\u00e6rt av&hellip;\n","protected":false},"author":2,"featured_media":118572,"comment_status":"","ping_status":"","sticky":false,"template":"","format":"standard","meta":{"footnotes":""},"categories":[10],"tags":[20,21,24,25,15,22,23,13,30,28,29,14,16,26,27],"class_list":{"0":"post-118571","1":"post","2":"type-post","3":"status-publish","4":"format-standard","5":"has-post-thumbnail","7":"category-norge","8":"tag-breaking-news","9":"tag-breakingnews","10":"tag-featured-news","11":"tag-featurednews","12":"tag-headlines","13":"tag-latest-news","14":"tag-latestnews","15":"tag-news","16":"tag-no","17":"tag-norge","18":"tag-norway","19":"tag-nyheter","20":"tag-overskrifter","21":"tag-top-stories","22":"tag-topstories"},"share_on_mastodon":{"url":"https:\/\/pubeurope.com\/@no\/115754599915152643","error":""},"_links":{"self":[{"href":"https:\/\/www.europesays.com\/no\/wp-json\/wp\/v2\/posts\/118571","targetHints":{"allow":["GET"]}}],"collection":[{"href":"https:\/\/www.europesays.com\/no\/wp-json\/wp\/v2\/posts"}],"about":[{"href":"https:\/\/www.europesays.com\/no\/wp-json\/wp\/v2\/types\/post"}],"author":[{"embeddable":true,"href":"https:\/\/www.europesays.com\/no\/wp-json\/wp\/v2\/users\/2"}],"replies":[{"embeddable":true,"href":"https:\/\/www.europesays.com\/no\/wp-json\/wp\/v2\/comments?post=118571"}],"version-history":[{"count":0,"href":"https:\/\/www.europesays.com\/no\/wp-json\/wp\/v2\/posts\/118571\/revisions"}],"wp:featuredmedia":[{"embeddable":true,"href":"https:\/\/www.europesays.com\/no\/wp-json\/wp\/v2\/media\/118572"}],"wp:attachment":[{"href":"https:\/\/www.europesays.com\/no\/wp-json\/wp\/v2\/media?parent=118571"}],"wp:term":[{"taxonomy":"category","embeddable":true,"href":"https:\/\/www.europesays.com\/no\/wp-json\/wp\/v2\/categories?post=118571"},{"taxonomy":"post_tag","embeddable":true,"href":"https:\/\/www.europesays.com\/no\/wp-json\/wp\/v2\/tags?post=118571"}],"curies":[{"name":"wp","href":"https:\/\/api.w.org\/{rel}","templated":true}]}}