{"id":118573,"date":"2025-12-20T23:57:47","date_gmt":"2025-12-20T23:57:47","guid":{"rendered":"https:\/\/www.europesays.com\/no\/118573\/"},"modified":"2025-12-20T23:57:47","modified_gmt":"2025-12-20T23:57:47","slug":"verken-starter-eller-benkes-pa-grunn-av-den","status":"publish","type":"post","link":"https:\/\/www.europesays.com\/no\/118573\/","title":{"rendered":"&#8211; Verken starter eller benkes p\u00e5 grunn av den"},"content":{"rendered":"<p>        Marc Atkins\n    <\/p>\n<p class=\"kicker font-weight-bold m-font-weight-bold tertiary color_mobile_tertiary\" style=\"\">FIKK T-SKJORTE-SP\u00d8RSM\u00c5L:<\/p>\n<p>Den siste uken har mye handlet om Kobbie Mainoo.\u00a0<\/p>\n<ul>\n<li class=\"lab-bodytext-line\">Det ble nok et innhopp mandag kveld &#8211; sesongens ellevte i Premier League<\/li>\n<li class=\"lab-bodytext-line\">Storebroren m\u00f8tte opp med en\u00a0\u00abFREE KOBBIE MAINOO\u00bb-t-skjorte<\/li>\n<li class=\"lab-bodytext-line\">Tidligere fredag kom det rapporter om at han er \u00e5pen for \u00e5 forlate United permanent og at forholdet til R\u00faben Amorim er p\u00e5 bristepunktet<\/li>\n<\/ul>\n<p class=\"font-weight-bold m-font-weight-bold\" data-lab-font_weight=\"font-weight-bold\">Engelskmannen var ogs\u00e5 det fremste samtaleemnet p\u00e5 Amorims pressekonferanse fredag ettermiddag.\u00a0<\/p>\n<p>Portugiseren var klar p\u00e5 at Mainoo ikke skal straffes for noe han ikke gjorde.\u00a0<\/p>\n<p>&#8211; Nei, svarer han kontant p\u00e5 sp\u00f8rsm\u00e5l om storebrorens opptreden vil p\u00e5virke s\u00f8ndagens laguttak.\u00a0<\/p>\n<p>Amorim ler idet reporteren stiller sp\u00f8rsm\u00e5let om Mainoo.\u00a0<\/p>\n<p class=\"font-weight-bold m-font-weight-bold\" data-lab-font_weight=\"font-weight-bold\">&#8211; Det var ikke Kobbie som hadde den p\u00e5 seg. Han kommer til \u00e5 spille hvis vi f\u00f8ler det er\u00a0 riktig \u00e5 bruke ham. Det er ikke noe problem. Jeg kommer ikke til \u00e5 straffe Kobbie p\u00e5 grunn av noen i familien hans, legger han til.<\/p>\n<p>                <img decoding=\"async\" src=\"https:\/\/www.europesays.com\/no\/wp-content\/uploads\/2025\/12\/1393545.webp\" width=\"480\" height=\"274\" title=\"- Verken starter eller benkes p\u00e5 grunn av den\" alt=\"Ruben Amorim p\u00e5 pressekonferanse f\u00f8r kampen mot Manchester City.\" loading=\"lazy\" style=\"\"\/><\/p>\n<p>            Ash Donelon\n        <\/p>\n<p>Mainoo har fortsatt til gode \u00e5 starte en Premier League-kamp denne sesongen. Til s\u00f8ndagens kamp st\u00e5r det trolig mellom ham og Manuel Ugarte ettersom Casemiro er suspendert.<\/p>\n<p>&#8211; Kobbie gjorde det veldig bra mot Bournemouth. Det er det viktige. Han spiller om vi mener det er riktig, sier Amorim.\u00a0<\/p>\n<p>Det har egentlig v\u00e6rt den konstante beskjeden fra portugiseren denne sesongen n\u00e5r det gjelder Mainoo:\u00a0\u00abHan spiller hvis vi mener det er riktig\u00bb.\u00a0<\/p>\n<p>P\u00e5 sp\u00f8rsm\u00e5lene om forholdet hans til Mainoo, som if\u00f8lge Daily Mail ikke er bra, tar Amorim &#8211; naturligvis &#8211; en avv\u00e6pnende tone.\u00a0<\/p>\n<p class=\"font-weight-bold m-font-weight-bold\" data-lab-font_weight=\"font-weight-bold\">&#8211; D\u00f8ren til kontoret mitt st\u00e5r alltid \u00e5pen og det har ikke v\u00e6rt noen der denne uken, s\u00e5 alt er som normalt, sier han.\u00a0<\/p>\n<p>        <a itemprop=\"url\" class=\"\" href=\"https:\/\/www.united.no\/nyheter\/mainoo-apen-for-permanent-overgang-forholdet-til-amorim-pa-bristepunktet\/1409774\" data-k5a-url=\"https:\/\/www.united.no\/a\/1409774\" rel=\"nofollow noopener\" target=\"_blank\"><\/p>\n<p>\nUNITED-JOURNALIST:\n<\/p>\n<p>            &#8211; Mainoo \u00e5pen for permanent overgang: Forholdet til Amorim p\u00e5 bristepunktet<\/p>\n<p>        <\/a><\/p>\n","protected":false},"excerpt":{"rendered":"Marc Atkins FIKK T-SKJORTE-SP\u00d8RSM\u00c5L: Den siste uken har mye handlet om Kobbie Mainoo.\u00a0 Det ble nok et innhopp&hellip;\n","protected":false},"author":2,"featured_media":118574,"comment_status":"","ping_status":"","sticky":false,"template":"","format":"standard","meta":{"footnotes":""},"categories":[59],"tags":[30,28,29,83,82],"class_list":{"0":"post-118573","1":"post","2":"type-post","3":"status-publish","4":"format-standard","5":"has-post-thumbnail","7":"category-sport","8":"tag-no","9":"tag-norge","10":"tag-norway","11":"tag-sport","12":"tag-sports"},"share_on_mastodon":{"url":"https:\/\/pubeurope.com\/@no\/115754607935939040","error":""},"_links":{"self":[{"href":"https:\/\/www.europesays.com\/no\/wp-json\/wp\/v2\/posts\/118573","targetHints":{"allow":["GET"]}}],"collection":[{"href":"https:\/\/www.europesays.com\/no\/wp-json\/wp\/v2\/posts"}],"about":[{"href":"https:\/\/www.europesays.com\/no\/wp-json\/wp\/v2\/types\/post"}],"author":[{"embeddable":true,"href":"https:\/\/www.europesays.com\/no\/wp-json\/wp\/v2\/users\/2"}],"replies":[{"embeddable":true,"href":"https:\/\/www.europesays.com\/no\/wp-json\/wp\/v2\/comments?post=118573"}],"version-history":[{"count":0,"href":"https:\/\/www.europesays.com\/no\/wp-json\/wp\/v2\/posts\/118573\/revisions"}],"wp:featuredmedia":[{"embeddable":true,"href":"https:\/\/www.europesays.com\/no\/wp-json\/wp\/v2\/media\/118574"}],"wp:attachment":[{"href":"https:\/\/www.europesays.com\/no\/wp-json\/wp\/v2\/media?parent=118573"}],"wp:term":[{"taxonomy":"category","embeddable":true,"href":"https:\/\/www.europesays.com\/no\/wp-json\/wp\/v2\/categories?post=118573"},{"taxonomy":"post_tag","embeddable":true,"href":"https:\/\/www.europesays.com\/no\/wp-json\/wp\/v2\/tags?post=118573"}],"curies":[{"name":"wp","href":"https:\/\/api.w.org\/{rel}","templated":true}]}}