{"id":118575,"date":"2025-12-21T00:01:15","date_gmt":"2025-12-21T00:01:15","guid":{"rendered":"https:\/\/www.europesays.com\/no\/118575\/"},"modified":"2025-12-21T00:01:15","modified_gmt":"2025-12-21T00:01:15","slug":"usas-militaere-skal-slutte-a-trene-pa-levende-dyr","status":"publish","type":"post","link":"https:\/\/www.europesays.com\/no\/118575\/","title":{"rendered":"USAs milit\u00e6re skal slutte \u00e5 trene p\u00e5 levende dyr"},"content":{"rendered":"<p class=\"kicker t15 font-weight-bold m-font-weight-bold color_mobile_no_bg_color quaternary color_mobile_quaternary font-Trim text-case-transform-upper mobile-hasTextPadding\" style=\"\">Nyheter<\/p>\n<p>    Det amerikanske milit\u00e6ret skal avslutte praksisen med \u00e5 skyte griser og geiter som del av legers trening for \u00e5 behandle s\u00e5rede p\u00e5 slagmarken.<\/p>\n<p>\n        OPPL\u00c6RING: USA Slutter n\u00e5 med krigskirurgi og behandling av skuddskader p\u00e5 dyr. Bildet er fra et lignende kurs i Norge.<br \/>\n        Foto: Christian N\u00f8rsteb\u00f8\n    <\/p>\n<p>Forbudet innf\u00f8res som del av \u00e5rets forsvarsbudsjett i USA og gjelder skyting med skarpt mot griser og geiter.<\/p>\n<p>Den republikanske kongressrepresentanten Vern Buchanan fra Florida kjempet for \u00e5 f\u00e5 p\u00e5 plass forbudet.<\/p>\n<p>Buchanan, som er opptatt av dyrerettigheter, kaller endringen \u00abet stort steg fremover for \u00e5 redusere un\u00f8dige lidelser som del av milit\u00e6r praksis\u00bb.<\/p>\n<p>\u2013 Med den avanserte simuleringsteknologien vi har i dag, kan vi forberede legene v\u00e5re p\u00e5 slagmarken og samtidig redusere skader p\u00e5 dyr, sier han i en uttalelse sendt til nyhetsbyr\u00e5et AP.<\/p>\n<p>Men Buchanans kontor opplyser at forsvarsdepartementet i Washington fortsatt skal tillate trening som omfatter knivstikking, brenning og bruk av stumpe gjenstander mot dyr, og ogs\u00e5 fortsatt tillate \u00abv\u00e5pen-s\u00e5ring\u00bb, som er praksisen der milit\u00e6ret tester v\u00e5penbruk p\u00e5 dyr. Dyrevernere opplyser at dyrene skal v\u00e6re bed\u00f8vet under denne type trening og testing.<\/p>\n<p>Dyreverngrupper som Peta (People for the Ethical Treatment of Animals) hyller lovforbudet som Buchanan har jobbet for og sier det vil redde tusener av dyreliv hvert \u00e5r og at det \u00abmarkerer et historisk skifte\u00bb der man i stedet g\u00e5r over til simulasjonsteknologi.<\/p>\n<p>        <a itemprop=\"url\" class=\"\" href=\"https:\/\/www.forsvaretsforum.no\/fregatt-norge-pentagon\/norge-sa-nei-na-skroter-usa-hele-programmet\/469310\" data-k5a-url=\"https:\/\/www.forsvaretsforum.no\/a\/469310\" rel=\"nofollow noopener\" target=\"_blank\"><\/p>\n<p>\n\u00a0LES OGS\u00c5:\n<\/p>\n<p>            Norge sa nei \u2013 n\u00e5 skroter USA hele programmet<\/p>\n<p>        <\/a><\/p>\n","protected":false},"excerpt":{"rendered":"Nyheter Det amerikanske milit\u00e6ret skal avslutte praksisen med \u00e5 skyte griser og geiter som del av legers trening&hellip;\n","protected":false},"author":2,"featured_media":118576,"comment_status":"","ping_status":"","sticky":false,"template":"","format":"standard","meta":{"footnotes":""},"categories":[12],"tags":[20,21,24,25,15,22,23,13,30,28,29,14,16,26,27,42,43,44,45],"class_list":{"0":"post-118575","1":"post","2":"type-post","3":"status-publish","4":"format-standard","5":"has-post-thumbnail","7":"category-verden","8":"tag-breaking-news","9":"tag-breakingnews","10":"tag-featured-news","11":"tag-featurednews","12":"tag-headlines","13":"tag-latest-news","14":"tag-latestnews","15":"tag-news","16":"tag-no","17":"tag-norge","18":"tag-norway","19":"tag-nyheter","20":"tag-overskrifter","21":"tag-top-stories","22":"tag-topstories","23":"tag-verden","24":"tag-world","25":"tag-world-news","26":"tag-worldnews"},"share_on_mastodon":{"url":"https:\/\/pubeurope.com\/@no\/115754623515551086","error":""},"_links":{"self":[{"href":"https:\/\/www.europesays.com\/no\/wp-json\/wp\/v2\/posts\/118575","targetHints":{"allow":["GET"]}}],"collection":[{"href":"https:\/\/www.europesays.com\/no\/wp-json\/wp\/v2\/posts"}],"about":[{"href":"https:\/\/www.europesays.com\/no\/wp-json\/wp\/v2\/types\/post"}],"author":[{"embeddable":true,"href":"https:\/\/www.europesays.com\/no\/wp-json\/wp\/v2\/users\/2"}],"replies":[{"embeddable":true,"href":"https:\/\/www.europesays.com\/no\/wp-json\/wp\/v2\/comments?post=118575"}],"version-history":[{"count":0,"href":"https:\/\/www.europesays.com\/no\/wp-json\/wp\/v2\/posts\/118575\/revisions"}],"wp:featuredmedia":[{"embeddable":true,"href":"https:\/\/www.europesays.com\/no\/wp-json\/wp\/v2\/media\/118576"}],"wp:attachment":[{"href":"https:\/\/www.europesays.com\/no\/wp-json\/wp\/v2\/media?parent=118575"}],"wp:term":[{"taxonomy":"category","embeddable":true,"href":"https:\/\/www.europesays.com\/no\/wp-json\/wp\/v2\/categories?post=118575"},{"taxonomy":"post_tag","embeddable":true,"href":"https:\/\/www.europesays.com\/no\/wp-json\/wp\/v2\/tags?post=118575"}],"curies":[{"name":"wp","href":"https:\/\/api.w.org\/{rel}","templated":true}]}}