{"id":118585,"date":"2025-12-21T00:58:08","date_gmt":"2025-12-21T00:58:08","guid":{"rendered":"https:\/\/www.europesays.com\/no\/118585\/"},"modified":"2025-12-21T00:58:08","modified_gmt":"2025-12-21T00:58:08","slug":"jeg-tenkte-bare-dette-blir-en-goy-julegave-a-fortelle-pa-dora-at-bilen-brenner-fvn-no","status":"publish","type":"post","link":"https:\/\/www.europesays.com\/no\/118585\/","title":{"rendered":"(+) \u2013 Jeg tenkte bare: \u00abDette blir en g\u00f8y jule\u00adgave \u2013 \u00e5 fortelle p\u00e5 d\u00f8ra at bilen bren\u00adner\u00bb &#8211; fvn.no"},"content":{"rendered":"<ol>\n<li><a href=\"https:\/\/news.google.com\/rss\/articles\/CBMiwwFBVV95cUxQLTBhMjlUek9nd1BEMFU3U1hUUWFuOFU0X0puNVJDMjc1UlRuTlExTXAzS05mcXhpMGFIMkJtTUZta2Ntd0NVUWdxdlROVU5yUkJYQkdnRW5zLVNiSF9pVTBoY3I3LVlfMGNPWEVFdmVXallMY2ExWndNRW40Snk4X3dxSElGQnRnRU9Nc1R6WDNqOWRrZnFFNldnRlFoaUNtSmRobHJsbkgxNmxEYnFfQzBpckdOa1FBaFZWV3hfRlBxejQ?oc=5\" target=\"_blank\" rel=\"nofollow noopener\">(+) \u2013 Jeg tenkte bare: \u00abDette blir en g\u00f8y jule\u00adgave \u2013 \u00e5 fortelle p\u00e5 d\u00f8ra at bilen bren\u00adner\u00bb<\/a>&nbsp;&nbsp;fvn.no<\/li>\n<li><a href=\"https:\/\/news.google.com\/rss\/articles\/CBMilwFBVV95cUxOVDhNWmVaUHo1TlNmaXBqbjZQS3FGbUxFMkh4ek1JTExCRFF0ZmNHZTZYRUV2d0VqR2FENElpZnp2Qkx3OV9RY0Q0eEVKSTRHUGVMeVc5dk1IQ0FTSnFMZWR2YnoySzlBZnFWeVVYLVU1dW84YWNQTmdZNGVyZlMtblZ5ZmgxZUprU3d3OTBJWTBzSVkxckNJ?oc=5\" target=\"_blank\" rel=\"nofollow noopener\">(+) \u2013 N\u00e5 har de skreket ulv, og s\u00e5 bruker de ikke pengene n\u00e5r de kommer<\/a>&nbsp;&nbsp;fvn.no<\/li>\n<li><a href=\"https:\/\/news.google.com\/rss\/articles\/CBMiWEFVX3lxTE5oTExwUkhrNHVBOTN0Y1R3MG5HU25WQkNyOHV1dThnelJjTElxSkNzd25ZSUhpZVpPSzJ5cElnNEEwMzlBWFdEc0FxVnBnSXF0QzVpUkx0T0o?oc=5\" target=\"_blank\" rel=\"nofollow noopener\">Lokale nyheter, Kristiansand | Bil brenner<\/a>&nbsp;&nbsp;KRS &#8211; Avisen Kristiansand<\/li>\n<li><a href=\"https:\/\/news.google.com\/rss\/articles\/CBMibEFVX3lxTFBrcXA5cGJfMEVuRl9tYWF6NTBhaGFVUm96ZUY0by1tTjBsNG9WQVJyU1RkZW5BUGQ1cS1vcnpHX2FPRlVTMVJGUXA2QUVaZy1QZjUxU3RpWklJTUJuMW1UVDZURHFqUllvTHgxVg?oc=5\" target=\"_blank\" rel=\"nofollow noopener\">Bilbrann, E16 | Bil sto i brann: Ikke lenger spredningsfare<\/a>&nbsp;&nbsp;Ringerikes Blad<\/li>\n<\/ol>\n","protected":false},"excerpt":{"rendered":"(+) \u2013 Jeg tenkte bare: \u00abDette blir en g\u00f8y jule\u00adgave \u2013 \u00e5 fortelle p\u00e5 d\u00f8ra at bilen bren\u00adner\u00bb&nbsp;&nbsp;fvn.no&hellip;\n","protected":false},"author":2,"featured_media":118586,"comment_status":"","ping_status":"","sticky":false,"template":"","format":"standard","meta":{"footnotes":""},"categories":[10],"tags":[14215,9756,20,21,24,25,15,331,22,23,13,30,28,29,14,16,468,26,27],"class_list":{"0":"post-118585","1":"post","2":"type-post","3":"status-publish","4":"format-standard","5":"has-post-thumbnail","7":"category-norge","8":"tag-110-agder","9":"tag-bilbranner","10":"tag-breaking-news","11":"tag-breakingnews","12":"tag-featured-news","13":"tag-featurednews","14":"tag-headlines","15":"tag-kristiansand","16":"tag-latest-news","17":"tag-latestnews","18":"tag-news","19":"tag-no","20":"tag-norge","21":"tag-norway","22":"tag-nyheter","23":"tag-overskrifter","24":"tag-politiet","25":"tag-top-stories","26":"tag-topstories"},"share_on_mastodon":{"url":"https:\/\/pubeurope.com\/@no\/115754847612605667","error":""},"_links":{"self":[{"href":"https:\/\/www.europesays.com\/no\/wp-json\/wp\/v2\/posts\/118585","targetHints":{"allow":["GET"]}}],"collection":[{"href":"https:\/\/www.europesays.com\/no\/wp-json\/wp\/v2\/posts"}],"about":[{"href":"https:\/\/www.europesays.com\/no\/wp-json\/wp\/v2\/types\/post"}],"author":[{"embeddable":true,"href":"https:\/\/www.europesays.com\/no\/wp-json\/wp\/v2\/users\/2"}],"replies":[{"embeddable":true,"href":"https:\/\/www.europesays.com\/no\/wp-json\/wp\/v2\/comments?post=118585"}],"version-history":[{"count":0,"href":"https:\/\/www.europesays.com\/no\/wp-json\/wp\/v2\/posts\/118585\/revisions"}],"wp:featuredmedia":[{"embeddable":true,"href":"https:\/\/www.europesays.com\/no\/wp-json\/wp\/v2\/media\/118586"}],"wp:attachment":[{"href":"https:\/\/www.europesays.com\/no\/wp-json\/wp\/v2\/media?parent=118585"}],"wp:term":[{"taxonomy":"category","embeddable":true,"href":"https:\/\/www.europesays.com\/no\/wp-json\/wp\/v2\/categories?post=118585"},{"taxonomy":"post_tag","embeddable":true,"href":"https:\/\/www.europesays.com\/no\/wp-json\/wp\/v2\/tags?post=118585"}],"curies":[{"name":"wp","href":"https:\/\/api.w.org\/{rel}","templated":true}]}}