{"id":118595,"date":"2025-12-21T01:53:13","date_gmt":"2025-12-21T01:53:13","guid":{"rendered":"https:\/\/www.europesays.com\/no\/118595\/"},"modified":"2025-12-21T01:53:13","modified_gmt":"2025-12-21T01:53:13","slug":"rovdyr-ulv-ulver-dukket-opp-pa-lekeplass-i-tyskland","status":"publish","type":"post","link":"https:\/\/www.europesays.com\/no\/118595\/","title":{"rendered":"Rovdyr, Ulv | Ulver dukket opp p\u00e5 lekeplass i Tyskland"},"content":{"rendered":"\n<p>Et videoopptak fra landsbyen Altmannstein, rundt 100 kilometer nord for storbyen M\u00fcnchen, viser to unge ulver n\u00e6r lekeapparater p\u00e5 en lekeplass.<\/p>\n<p>Opptaket ble gjort torsdag, bekrefter en talskvinne for delstatens milj\u00f8vernmyndigheter. Hun viser til at landsbyen ligger ved skogen K\u00f6schinger i dalen Altm\u00fchl, i et ulveterritorium. Det skal det fortsette \u00e5 v\u00e6re, men \u00abmed en noe endret utstrekning\u00bb, fremg\u00e5r det av en uttalelse fra myndighetene.<\/p>\n<p>  <a href=\"https:\/\/www.nationen.no\/5-148-837445\" class=\"related-teaser has-image default-story-teaser article--c-eRUmMG article--c-eRUmMG-jKCPdD-design-default\" rel=\"nofollow noopener\" target=\"_blank\"><\/p>\n<p>    <img decoding=\"async\" loading=\"lazy\"  src=\"https:\/\/www.europesays.com\/no\/wp-content\/uploads\/2025\/12\/cueres_scp-mangler_navn_CS1k6QY0N7Q.jpg\" alt=\"\" class=\"brick-c-cFOWSL\" style=\"\"\/><\/p>\n<p>\n            Les ogs\u00e5<\/p>\n<p>              Ber Norge avskaffe ulvesonene\n        <\/p>\n<p>  <\/a><\/p>\n<p>Det er uklart hvem som filmet ulvene, men opptaket har skapt oppstyr etter at delstatsmyndighetene la det ut i sosiale medier.<\/p>\n<p>I kommentarfeltet er det folk som sier de er bekymret for lokalbefolkningens sikkerhet og ber om at ulvene blir skutt. Delstatsmyndighetene viser p\u00e5 sin side til at lovendringen om \u00e5 innskrenke ulveomr\u00e5det enn\u00e5 ikke er behandlet i delstatsforsamlingen.<\/p>\n<p>Eksperter har ogs\u00e5 kommentert videoen. De sier at det ikke er noe rart ved ulvenes oppf\u00f8rsel. Dessuten er faren for mennesker liten, mener de.<\/p>\n<p>Ulver er generelt forsiktige og unng\u00e5r mennesker, p\u00e5peker lokale myndigheter, men noen ganger kan ulv l\u00f8pe gjennom landsbyer i tett befolkede kulturlandskap, p\u00e5peker milj\u00f8myndighetens talskvinne.<\/p>\n<p>\u2013 Dette skjer som regel nattetid n\u00e5r det er m\u00f8rkt, men av og til ogs\u00e5 p\u00e5 dagtid, sier hun.<\/p>\n<p>(\u00a9NTB)<\/p>\n<p>  <a href=\"https:\/\/www.nationen.no\/5-148-839823\" class=\"related-teaser has-image default-story-teaser article--c-eRUmMG article--c-eRUmMG-jKCPdD-design-default\" rel=\"nofollow noopener\" target=\"_blank\"><\/p>\n<p>    <img decoding=\"async\" loading=\"lazy\"  src=\"https:\/\/www.europesays.com\/no\/wp-content\/uploads\/2025\/12\/cueres_scp-mangler_navn_wLVeIB-P2A4.jpg\" alt=\"\" class=\"brick-c-cFOWSL\" style=\"\"\/><\/p>\n<p>\n            Les ogs\u00e5<\/p>\n<p>              Regjeringen vil gjennomf\u00f8re EU-direktiv som kan gi befolkningen regning p\u00e5 33 milliarder\n        <\/p>\n<p>  <\/a><\/p>\n","protected":false},"excerpt":{"rendered":"Et videoopptak fra landsbyen Altmannstein, rundt 100 kilometer nord for storbyen M\u00fcnchen, viser to unge ulver n\u00e6r lekeapparater&hellip;\n","protected":false},"author":2,"featured_media":118596,"comment_status":"","ping_status":"","sticky":false,"template":"","format":"standard","meta":{"footnotes":""},"categories":[12],"tags":[36,20,21,24,25,15,22,23,2862,13,30,28,29,14,16,1520,1510,26,27,175,196,42,43,44,45],"class_list":{"0":"post-118595","1":"post","2":"type-post","3":"status-publish","4":"format-standard","5":"has-post-thumbnail","7":"category-verden","8":"tag-art","9":"tag-breaking-news","10":"tag-breakingnews","11":"tag-featured-news","12":"tag-featurednews","13":"tag-headlines","14":"tag-latest-news","15":"tag-latestnews","16":"tag-lokalsamfunn","17":"tag-news","18":"tag-no","19":"tag-norge","20":"tag-norway","21":"tag-nyheter","22":"tag-overskrifter","23":"tag-rovdyr","24":"tag-story","25":"tag-top-stories","26":"tag-topstories","27":"tag-tyskland","28":"tag-ulv","29":"tag-verden","30":"tag-world","31":"tag-world-news","32":"tag-worldnews"},"share_on_mastodon":{"url":"https:\/\/pubeurope.com\/@no\/115755064091273930","error":""},"_links":{"self":[{"href":"https:\/\/www.europesays.com\/no\/wp-json\/wp\/v2\/posts\/118595","targetHints":{"allow":["GET"]}}],"collection":[{"href":"https:\/\/www.europesays.com\/no\/wp-json\/wp\/v2\/posts"}],"about":[{"href":"https:\/\/www.europesays.com\/no\/wp-json\/wp\/v2\/types\/post"}],"author":[{"embeddable":true,"href":"https:\/\/www.europesays.com\/no\/wp-json\/wp\/v2\/users\/2"}],"replies":[{"embeddable":true,"href":"https:\/\/www.europesays.com\/no\/wp-json\/wp\/v2\/comments?post=118595"}],"version-history":[{"count":0,"href":"https:\/\/www.europesays.com\/no\/wp-json\/wp\/v2\/posts\/118595\/revisions"}],"wp:featuredmedia":[{"embeddable":true,"href":"https:\/\/www.europesays.com\/no\/wp-json\/wp\/v2\/media\/118596"}],"wp:attachment":[{"href":"https:\/\/www.europesays.com\/no\/wp-json\/wp\/v2\/media?parent=118595"}],"wp:term":[{"taxonomy":"category","embeddable":true,"href":"https:\/\/www.europesays.com\/no\/wp-json\/wp\/v2\/categories?post=118595"},{"taxonomy":"post_tag","embeddable":true,"href":"https:\/\/www.europesays.com\/no\/wp-json\/wp\/v2\/tags?post=118595"}],"curies":[{"name":"wp","href":"https:\/\/api.w.org\/{rel}","templated":true}]}}