{"id":118597,"date":"2025-12-21T02:35:17","date_gmt":"2025-12-21T02:35:17","guid":{"rendered":"https:\/\/www.europesays.com\/no\/118597\/"},"modified":"2025-12-21T02:35:17","modified_gmt":"2025-12-21T02:35:17","slug":"ytring-leder-60-arene-er-ikke-en-del-av-alderdommen","status":"publish","type":"post","link":"https:\/\/www.europesays.com\/no\/118597\/","title":{"rendered":"Ytring, Leder | 60-\u00e5rene er ikke en del av alderdommen"},"content":{"rendered":"\n<p>Redakt\u00f8r (58,5 \u00e5r) leser med stor interesse at vi som er f\u00f8dt for snart 60 \u00e5r siden er p\u00e5 livets h\u00f8yeste punkt p\u00e5 en rekke omr\u00e5der. Glem alt om \u00e5 trappe ned, at ungdommen raser forbi deg i KI-fart og at mye i livet er et tilbakelagt stadium. En ny metastudie fra University of Western Australia viser at vi n\u00e5r v\u00e5rt mentale h\u00f8ydepunkt mellom 55 og 60 \u00e5r. Studien konkluderer med at seniorer utmerker seg innen hukommelse, probleml\u00f8sning og f\u00f8lelsesmessig stabilitet. Eksperter oppfordrer til \u00e5 verdsette eldre i arbeidslivet, da forskning viser deres fortsatte relevans og kapasitet. S\u00e5 det s\u00e5!<\/p>\n<p>For ordens skyld: En metastudie best\u00e5r av analyser basert p\u00e5 en rekke andre allerede publiserte studier om samme emne. Konklusjonen i denne metastudien er klar: Vi er best n\u00e5r vi n\u00e6rmer oss 60!<\/p>\n<p>Studien sl\u00e5r bombastisk fast at 60-\u00e5rene ikke lenger er \u00e5 regne som en del av alderdommen. Det var f\u00f8r, det. \u00c5rsaken er at folk i gjennomsnitt lever lenger, og at begrepet alder s\u00e5nn sett er skj\u00f8vet foran oss som sn\u00f8 p\u00e5 skyffelen. Deilig \u00e5 tenke p\u00e5, og det gir fornyet tro p\u00e5 at pub-til-pub-skoene ikke permanent m\u00e5 byttes ut med filtt\u00f8fler.<\/p>\n<p>\u00c5 st\u00e5 foran det som \u2013 if\u00f8lge forskningen \u2013 er livets desiderte mentale toppform, gir b\u00e5de virkelyst og en tro p\u00e5 at det beste i livet fortsatt kan v\u00e6re i vente. Skulle du sett p\u00e5 maken. Bladet \u00abVi over 60\u00bb vil jo bli det reneste ungdomsmagasinet framover. Den s\u00e5 jeg ikke komme.<\/p>\n<p>Norske fagfolk er enige: \u2013 Det er ingen grunn til \u00e5 henge med nebbet n\u00e5r det blafrer 60 lys p\u00e5 bursdagskaken. Du har b\u00e5de pust nok til \u00e5 bl\u00e5se dem ut og mental kapasitet til \u00e5 henge med i svingene i mange \u00e5r til. Det sier demensforsker og forskningssjef ved Nasjonal kompetansetjeneste for aldring og helse, Geir Selb\u00e6k, til VG.<\/p>\n<p>Og det slutter ikke med de 60. Neida. Faktisk er v\u00e5r evne til \u00e5 ta rasjonelle, fornuftige beslutninger p\u00e5 topp langt oppe i 70-\u00e5rene. S\u00e5 n\u00e5r 60-\u00e5ringer kj\u00f8rer full pedal og det er party-party, sl\u00e5r alts\u00e5 75-\u00e5ringene inn med sin klokskap og g\u00e5r hjem og legger seg like etter midnatt. Det er viktig \u00e5 h\u00f8re p\u00e5 voksne folk, men det er lett \u00e5 glemme n\u00e5r man er en ungdom i 60-\u00e5rene.<\/p>\n<p>En annen ting er at n\u00e5r vi kommer i 60-\u00e5rene, har vi erfaring nok til \u00e5 takle stress og andre p\u00e5kjenninger bedre. Det er da erfaringen kommer til sin fulle nytte, og man vet at det sjelden g\u00e5r s\u00e5 galt som man tror. Alderdommen starter rett og slett senere enn f\u00f8r. S\u00e5 kanskje er det egentlig bare \u00e5 glede seg til den dagen da det er 60 lys p\u00e5 bl\u00f8tkaka? Eller &#8230; Er ikke bl\u00f8tkake egentlig bare for gamle folk? La oss heller fyre av en kjempesalutt og by opp til en heidundrende fest!<\/p>\n","protected":false},"excerpt":{"rendered":"Redakt\u00f8r (58,5 \u00e5r) leser med stor interesse at vi som er f\u00f8dt for snart 60 \u00e5r siden er&hellip;\n","protected":false},"author":2,"featured_media":114435,"comment_status":"","ping_status":"","sticky":false,"template":"","format":"standard","meta":{"footnotes":""},"categories":[12],"tags":[14216,36,20,21,24,25,15,22,23,246,13,30,28,29,14,1533,16,26,27,42,43,44,45,963],"class_list":{"0":"post-118597","1":"post","2":"type-post","3":"status-publish","4":"format-standard","5":"has-post-thumbnail","7":"category-verden","8":"tag-60-arene","9":"tag-art","10":"tag-breaking-news","11":"tag-breakingnews","12":"tag-featured-news","13":"tag-featurednews","14":"tag-headlines","15":"tag-latest-news","16":"tag-latestnews","17":"tag-leder","18":"tag-news","19":"tag-no","20":"tag-norge","21":"tag-norway","22":"tag-nyheter","23":"tag-opinion","24":"tag-overskrifter","25":"tag-top-stories","26":"tag-topstories","27":"tag-verden","28":"tag-world","29":"tag-world-news","30":"tag-worldnews","31":"tag-ytring"},"share_on_mastodon":{"url":"https:\/\/pubeurope.com\/@no\/115755229116940716","error":""},"_links":{"self":[{"href":"https:\/\/www.europesays.com\/no\/wp-json\/wp\/v2\/posts\/118597","targetHints":{"allow":["GET"]}}],"collection":[{"href":"https:\/\/www.europesays.com\/no\/wp-json\/wp\/v2\/posts"}],"about":[{"href":"https:\/\/www.europesays.com\/no\/wp-json\/wp\/v2\/types\/post"}],"author":[{"embeddable":true,"href":"https:\/\/www.europesays.com\/no\/wp-json\/wp\/v2\/users\/2"}],"replies":[{"embeddable":true,"href":"https:\/\/www.europesays.com\/no\/wp-json\/wp\/v2\/comments?post=118597"}],"version-history":[{"count":0,"href":"https:\/\/www.europesays.com\/no\/wp-json\/wp\/v2\/posts\/118597\/revisions"}],"wp:featuredmedia":[{"embeddable":true,"href":"https:\/\/www.europesays.com\/no\/wp-json\/wp\/v2\/media\/114435"}],"wp:attachment":[{"href":"https:\/\/www.europesays.com\/no\/wp-json\/wp\/v2\/media?parent=118597"}],"wp:term":[{"taxonomy":"category","embeddable":true,"href":"https:\/\/www.europesays.com\/no\/wp-json\/wp\/v2\/categories?post=118597"},{"taxonomy":"post_tag","embeddable":true,"href":"https:\/\/www.europesays.com\/no\/wp-json\/wp\/v2\/tags?post=118597"}],"curies":[{"name":"wp","href":"https:\/\/api.w.org\/{rel}","templated":true}]}}