{"id":118598,"date":"2025-12-21T02:36:22","date_gmt":"2025-12-21T02:36:22","guid":{"rendered":"https:\/\/www.europesays.com\/no\/118598\/"},"modified":"2025-12-21T02:36:22","modified_gmt":"2025-12-21T02:36:22","slug":"eit-retningsval-nrk-troms-og-finnmark","status":"publish","type":"post","link":"https:\/\/www.europesays.com\/no\/118598\/","title":{"rendered":"\u2013 Eit retningsval \u2013 NRK Troms og Finnmark"},"content":{"rendered":"<p>\u2013 Det som er s\u00e5 fint med Senja, er at vi kan bruke tid p\u00e5 denne prosessen. Vi treng ikkje gjere det fr\u00e5 \u00e9in dag til ein annan. Det trur eg er til det beste for b\u00e5de pasientar og ikkje minst for v\u00e5re tilsette, seier kommunedirekt\u00f8r i Senja kommune, Stine Jakobsson Str\u00f8ms\u00f8.<\/p>\n<p>Torsdag vedtok Senja kommunestyre, med 18 mot 13 stemmer, at <a href=\"https:\/\/www.nrk.no\/tromsogfinnmark\/legg-ned-5-av-6-sjukeheimar-i-senja-i-troms-1.17699235\" ec-id=\"pp:article:1.17699235\" ec-name=\"sjukeheimane i distrikta skal gjerast om til heild\u00f8gns omsorgsbustader.\" rel=\"nofollow noopener\" target=\"_blank\">sjukeheimane i distrikta skal gjerast om til heild\u00f8gns omsorgsbustader.<\/a><\/p>\n<p>Dette vil f\u00f8re til ei halvering av talet p\u00e5 sjukeheimsplassar i kommunen, og i framtida skal det berre vere sjukeheim p\u00e5 Finnsnes.<\/p>\n<p><strong>Kommuneadministrasjonen og folkevalde har f\u00e5tt kritikk heilt sidan forslaget blei kjent.<\/strong><\/p>\n<p>Tilsette er bekymra for kva som vil skje med arbeidsplassen, innbyggarar i distriktet er bekymra for korleis alderdommen deira blir og at folk flyttar fr\u00e5 bygda, og nokre folkevalde set sp\u00f8rsm\u00e5lsteikn ved korleis Senja skal klare \u00e5 vareta den stadig aldrande befolkninga.<\/p>\n<p><img decoding=\"async\"   src=\"data:image\/gif;base64,R0lGODlhAQABAIAAAAAAAP\/\/\/yH5BAEAAAAALAAAAAABAAEAAAIBRAA7\" loading=\"eager\" alt=\"To personer er i et kj\u00f8kkenrom, hvor den ene st\u00e5r ved en gryte og r\u00f8rer. Den andre personen, if\u00f8rt bl\u00e5t arbeidsantrekk, ser p\u00e5. Kj\u00f8kkeninnredningen inkluderer flere apparater og en vask, samt en klokke p\u00e5 veggen. Det er ogs\u00e5 sk\u00e5ler og redskaper synlige i bildet. (Bildebeskrivelsen er laget av en KI-tjeneste)\" title=\"Foto: Malin Straumsnes \/ NRK\"\/><\/p>\n<p class=\"\">B\u00e5de Tine Karlsen (til venstre) og Hanna Margrethe Teigen Olsen er bekymra for arbeidsplassen sin p\u00e5 Sifjord sjukeheimar n\u00e5r sjukeheimsplassane forsvinn. <\/p>\n<p>Foto: Malin Straumsnes \/ NRK<\/p>\n<p>\u2013 Eg kjenner p\u00e5 det. At det ikkje er sikkert arbeidsplassen best\u00e5r. Eg er bekymra for at det ikkje er bruk for arbeidskrafta mi lenger her i distriktet.<\/p>\n<p>Det sa Hanna Margrethe Teigen Olsen til <a href=\"https:\/\/www.nrk.no\/tromsogfinnmark\/5-av-6-sjukeheimar-kan-bli-nedlagde_-fryktar-kroken-pa-dora-for-sifjord-pa-senja-1.17695809\" ec-id=\"pp:article:1.17695809\" ec-name=\"NRK tidlegare i veka\" rel=\"nofollow noopener\" target=\"_blank\">NRK tidlegare i veka<\/a>. Ho er sjukepleiarstudent og jobbar p\u00e5 Sifjord sjukehus.<\/p>\n<p>SV-politikar Kay-Erling Ludvigsen sa under torsdagens kommunestyrem\u00f8te at han er bekymra.<\/p>\n<p>\u2013 Vi g\u00e5r fr\u00e5 182 sjukeheimsplassar til 90. Eg er redd for at vi kjem til \u00e5 st\u00e5 i ei knipe i framtida. Ei knipe med for f\u00e5 plassar som kan gi hjelp til dei som treng det mest.<\/p>\n<p>\u2013 Det er naturleg at det kjem kritikk og bekymringar i ei s\u00e5pass stor og viktig sak. Men dette er eit retningsval, det betyr at alle strekar ikkje er sette under svaret, seier Jakobsson Str\u00f8ms\u00f8.<\/p>\n<p>Vil unng\u00e5 tomme \u00absp\u00f8kelseshus\u00bb<\/p>\n<p>Fram mot 2030 skal sjukeheimane i Sifjord, Gryllefjord, Rossfjord, Skaland og Stonglandseidet utviklast til \u00e5 bli heild\u00f8gns omsorgsbustader.<\/p>\n<p>N\u00e5 startar arbeidet med \u00e5 greie ut korleis dette skal gjerast i praksis.<\/p>\n<p>\u2013 Det er ein prosess som vi tar p\u00e5 stort alvor, og som eg gleder meg til \u00e5 g\u00e5 inn i med fagfolka mine, seier kommunedirekt\u00f8ren.<\/p>\n<p>Ein heild\u00f8gns omsorgsbustad er ein tilrettelagd bustad med tenester heile d\u00f8gnet, slik at dei som bur i slike bustader kan f\u00e5 pleie, omsorg eller hjelp til \u00e5 ta medisinar. Dei betaler husleige og f\u00e5r tenestene i sin eigen heim.<\/p>\n<p><img decoding=\"async\"   src=\"data:image\/gif;base64,R0lGODlhAQABAIAAAAAAAP\/\/\/yH5BAEAAAAALAAAAAABAAEAAAIBRAA7\" loading=\"eager\" alt=\"Bildet viser en bygning med to etasjer beliggende langs en grusvei. Fasaden er delt mellom lys gul og lys gr\u00e5, med vinduer som har varme lys tent innvendig. Det er sn\u00f8 og isflekkene synlige p\u00e5 bakken, og en juletre er pyntet med lys til h\u00f8yre i bildet. I bakgrunnen er fjell synlige under en gr\u00e5 himmel. (Bildebeskrivelsen er laget av en KI-tjeneste)\" title=\"Foto: Malin Straumsnes \/ NRK\"\/><\/p>\n<p class=\"\">Sifjord sjukeheimar er \u00e9in av fem sjukeheim som skal gjerast om til heild\u00f8gns omsorgsbustad dei neste fire \u00e5ra. <\/p>\n<p>Foto: Malin Straumsnes \/ NRK<\/p>\n<p>Den st\u00f8rste forskjellen p\u00e5 ein slik omsorgsbustad og sjukeheimsplass, er sjukepleiarbemanninga og n\u00e6rleiken til lege.<\/p>\n<p>\u2013 Eg trur det kan bli ei god l\u00f8ysing for dei som skal ta i bruk tenestene, og dei som skal jobbe i tenestene. Vi har behov for mykje kompetanse til dei nye heild\u00f8gns omsorgsbustadene v\u00e5re, seier Jakobsson Str\u00f8ms\u00f8.<\/p>\n<p><img decoding=\"async\"   src=\"data:image\/gif;base64,R0lGODlhAQABAIAAAAAAAP\/\/\/yH5BAEAAAAALAAAAAABAAEAAAIBRAA7\" loading=\"eager\" alt=\"En kvinne i dress med kort h\u00e5r og briller ser inn i kamera. \" title=\"Foto: Malin Straumsnes \/ NRK\"\/><\/p>\n<p class=\"\">Kommunedirekt\u00f8r Stine Jakobsson Str\u00f8ms\u00f8 har tru p\u00e5 at heild\u00f8gns omsorgsbustader vil bidra til lys i husa i Senja-bygdene. <\/p>\n<p>Foto: Malin Straumsnes \/ NRK<\/p>\n<p>Det er likevel ikkje behov for like mange tilsette som det er p\u00e5 sjukeheimane i dag. Tanken er at dette skal reduserast med naturlege avgangar. <\/p>\n<p>Kommunedirekt\u00f8ren viser til at det blir f\u00e6rre fagfolk i helse- og omsorgssektoren i \u00e5ra framover. Allereie slit Noreg med \u00e5 f\u00e5 tak i helsepersonell, <a href=\"https:\/\/www.nrk.no\/tromsogfinnmark\/_-velferdsteknologi-er-ein-del-av-loysinga-a-personellmangelen-i-helsevesenet-1.16631617\" ec-id=\"pp:article:1.16631617\" ec-name=\"og verst er det i distrikta.\" rel=\"nofollow noopener\" target=\"_blank\">og verst er det i distrikta.<\/a> <\/p>\n<p>Ho trur derfor dette er vegen \u00e5 g\u00e5 for \u00e5 behalde fagfolk ogs\u00e5 i distrikta. <\/p>\n<p>\u2013 Mi bekymring har vore at om vi ikkje gjer dette, s\u00e5 kan vi ende opp med sjukeheimar i distrikta som ikkje har tilsette, som blir tomme sp\u00f8kelseshus. Vi \u00f8nsker \u00e5 ha levande hus, og vareta gode bygder i alle lokalsamfunna i Senja, seier Jakobsson Str\u00f8ms\u00f8.<\/p>\n<p>Publisert<\/p>\n<p>20.12.2025, kl. 19.42<\/p>\n","protected":false},"excerpt":{"rendered":"\u2013 Det som er s\u00e5 fint med Senja, er at vi kan bruke tid p\u00e5 denne prosessen. Vi&hellip;\n","protected":false},"author":2,"featured_media":118599,"comment_status":"","ping_status":"","sticky":false,"template":"","format":"standard","meta":{"footnotes":""},"categories":[10],"tags":[20,21,24,25,15,22,23,13,30,28,29,14,16,26,27],"class_list":{"0":"post-118598","1":"post","2":"type-post","3":"status-publish","4":"format-standard","5":"has-post-thumbnail","7":"category-norge","8":"tag-breaking-news","9":"tag-breakingnews","10":"tag-featured-news","11":"tag-featurednews","12":"tag-headlines","13":"tag-latest-news","14":"tag-latestnews","15":"tag-news","16":"tag-no","17":"tag-norge","18":"tag-norway","19":"tag-nyheter","20":"tag-overskrifter","21":"tag-top-stories","22":"tag-topstories"},"share_on_mastodon":{"url":"https:\/\/pubeurope.com\/@no\/115755232986174737","error":""},"_links":{"self":[{"href":"https:\/\/www.europesays.com\/no\/wp-json\/wp\/v2\/posts\/118598","targetHints":{"allow":["GET"]}}],"collection":[{"href":"https:\/\/www.europesays.com\/no\/wp-json\/wp\/v2\/posts"}],"about":[{"href":"https:\/\/www.europesays.com\/no\/wp-json\/wp\/v2\/types\/post"}],"author":[{"embeddable":true,"href":"https:\/\/www.europesays.com\/no\/wp-json\/wp\/v2\/users\/2"}],"replies":[{"embeddable":true,"href":"https:\/\/www.europesays.com\/no\/wp-json\/wp\/v2\/comments?post=118598"}],"version-history":[{"count":0,"href":"https:\/\/www.europesays.com\/no\/wp-json\/wp\/v2\/posts\/118598\/revisions"}],"wp:featuredmedia":[{"embeddable":true,"href":"https:\/\/www.europesays.com\/no\/wp-json\/wp\/v2\/media\/118599"}],"wp:attachment":[{"href":"https:\/\/www.europesays.com\/no\/wp-json\/wp\/v2\/media?parent=118598"}],"wp:term":[{"taxonomy":"category","embeddable":true,"href":"https:\/\/www.europesays.com\/no\/wp-json\/wp\/v2\/categories?post=118598"},{"taxonomy":"post_tag","embeddable":true,"href":"https:\/\/www.europesays.com\/no\/wp-json\/wp\/v2\/tags?post=118598"}],"curies":[{"name":"wp","href":"https:\/\/api.w.org\/{rel}","templated":true}]}}