{"id":11860,"date":"2025-08-19T05:31:09","date_gmt":"2025-08-19T05:31:09","guid":{"rendered":"https:\/\/www.europesays.com\/no\/11860\/"},"modified":"2025-08-19T05:31:09","modified_gmt":"2025-08-19T05:31:09","slug":"stor-endring-i-spillet-na-er-det-vanlige-folk-som-kjemper","status":"publish","type":"post","link":"https:\/\/www.europesays.com\/no\/11860\/","title":{"rendered":"Stor endring i \u00abSpillet\u00bb \u2013 n\u00e5 er det vanlige folk som kjemper"},"content":{"rendered":"\n<p class=\"_lead_1bvmi_2 _lead_xtcu6_50 layout-component text-serif-m layout-normal text-serif-l layout-component layout-wide layout-padded _wide_17hqh_1 layout-padded\">For f\u00f8rste gang er det ikke kjendiser som flytter inn.<\/p>\n<p><img alt=\"SPILLERNE I H\u00d8ST: Fra venstre: Eren Andre Gj\u00e6gtvik, Melody Hamre, Jon Gerald Kristiansen, Magnus Helle, Tove Hasselquist Evensen, Martine Krafft, Simen Bondevik, Emma Aldal S\u00e6tre, Binyamin Abdulkadir Mahamoud, Lene Larsen, Amalie Elea Olin Lundstad, Einar \u00d8grey Brandsdal, Lotte Hoel, Dan Kolltveit og Alberina Gashi. Foto: Rune Bendiksen\/TV 2\" class=\"_image_qp4xg_65 layout-component layout-wide\" data-fullscreen- data-track-element-type=\"Article image fullscreen\" data-track-name=\"ImageFullscreen\" fetchpriority=\"high\" decoding=\"sync\" loading=\"eager\" height=\"720\" itemprop=\"image\"  src=\"https:\/\/www.europesays.com\/no\/wp-content\/uploads\/2025\/08\/04006e58-4a24-4ce1-9cfd-fa50d913881b\"  style=\"object-position:0% 0%\" width=\"960\"\/>SPILLERNE I H\u00d8ST: Fra venstre: Eren Andre Gj\u00e6gtvik, Melody Hamre, Jon Gerald Kristiansen, Magnus Helle, Tove Hasselquist Evensen, Martine Krafft, Simen Bondevik, Emma Aldal S\u00e6tre, Binyamin Abdulkadir Mahamoud, Lene Larsen, Amalie Elea Olin Lundstad, Einar \u00d8grey Brandsdal, Lotte Hoel, Dan Kolltveit og Alberina Gashi. Foto: Rune Bendiksen\/TV 2<\/p>\n<ul aria-hidden=\"true\" class=\"_images_1y6fe_106\">\n<li><a class=\"_link_1y6fe_111\" href=\"https:\/\/www.vg.no\/forfatter\/ingrid-storeboe\" style=\"z-index:1\" title=\"Ingrid Storeb\u00f8\" rel=\"nofollow noopener\" target=\"_blank\"><img alt=\"Bilde av Ingrid Storeb\u00f8\" class=\"_image_1y6fe_88\" fetchpriority=\"low\" loading=\"lazy\" decoding=\"async\" itemprop=\"image\"  src=\"https:\/\/www.europesays.com\/no\/wp-content\/uploads\/2025\/08\/1755581468_810_b3fc896d-536d-4041-8257-79b6b2cd3323\"  width=\"480\"\/><\/a><\/li>\n<\/ul>\n<p> Oppdatert tirsdag 19. august kl. 07:18     <\/p>\n<p class=\"_paragraph_1bvmi_4 _paragraph_xtcu6_10 layout-component text-serif-m layout-normal text-serif-m layout-padded\">Tredje sesong av \u00ab<a href=\"https:\/\/www.vg.no\/tag\/spillet?utm_source=vg-article&amp;utm_medium=auto-tagger&amp;utm_campaign=zAmmEb\" class=\"_link_1bvmi_39\" rel=\"nofollow noopener\" target=\"_blank\">Spillet<\/a>\u00bb markerer et brudd med tradisjonen. I stedet for kjente fjes, er det 15 helt vanlige mennesker som skal kjempe om seieren n\u00e5r programmet har premiere 1. oktober p\u00e5 TV 2 Play og TV 2 Direkte.<\/p>\n<p class=\"_paragraph_1bvmi_4 _paragraph_xtcu6_10 layout-component text-serif-m layout-normal text-serif-m layout-padded\">Til tross for at noen av deltakerne er relativt ukjente, er dommerpanelet det samme som f\u00f8r: Harald Eia, Truls Svendsen, Alexandra Joner og Martine Lunde.<\/p>\n<p class=\"_paragraph_1bvmi_4 _paragraph_xtcu6_10 layout-component text-serif-m layout-normal text-serif-m layout-padded\">Blant deltagerne finner vi Simen Bondevik (24), barnebarnet til tidligere statsminister Kjell Magne Bondevik. Han jobber som politisk r\u00e5dgiver og beskriver seg selv som snill og konfliktsky.<\/p>\n<p class=\"_paragraph_1bvmi_4 _paragraph_xtcu6_10 layout-component text-serif-m layout-normal text-serif-m layout-padded\">\u2013 Rettferdighetssansen gjennomsyrer alt jeg gj\u00f8r, og i \u00abSpillet\u00bb \u00f8nsker jeg \u00e5 bevise at selv om jeg er snill og grei og omsorgsfull og konfliktsky, s\u00e5 kan ogs\u00e5 slike personlighetstrekk holde langt, sier han if\u00f8lge <a href=\"https:\/\/www.tv2.no\/underholdning\/her-er-de-nye-deltakerne-i-spillet\/17895311\/\" class=\"_link_1bvmi_39\" rel=\"nofollow noopener\" target=\"_blank\">TV 2<\/a>.<\/p>\n<p><img alt=\"Simen Bondevik (24), barnebarnet til tidligere statsminister Kjell Magne Bondevik.  Foto: Rune Bendiksen\/TV 2\" class=\"_image_qp4xg_65 layout-component layout-normal\" data-fullscreen- data-track-element-type=\"Article image fullscreen\" data-track-name=\"ImageFullscreen\" decoding=\"async\" loading=\"lazy\" height=\"720\" itemprop=\"image\"  src=\"https:\/\/www.europesays.com\/no\/wp-content\/uploads\/2025\/08\/6a8af767-b5f0-48fa-8973-2f09bd14c73b\"  style=\"object-position:0% 0%\" width=\"960\"\/>Simen Bondevik (24), barnebarnet til tidligere statsminister Kjell Magne Bondevik.  Foto: Rune Bendiksen\/TV 2<\/p>\n<p class=\"_paragraph_1bvmi_4 _paragraph_xtcu6_10 layout-component text-serif-m layout-normal text-serif-m layout-padded\">Lotte Hoel (38) fra Trondheim er tidligere norgesmester i poker og lover \u00e5 \u00abherje\u00bb i huset.<\/p>\n<p class=\"_paragraph_1bvmi_4 _paragraph_xtcu6_10 layout-component text-serif-m layout-normal text-serif-m layout-padded\">\u2013 Jeg skal spille s\u00e5 hardt som det overhodet g\u00e5r an \u00e5 gj\u00f8re, sier hun.<\/p>\n<p><img alt=\"Lotte Hoel (38) fra Trondheim.  Foto: Rune Bendiksen\/TV 2\" class=\"_image_qp4xg_65 layout-component layout-normal\" data-fullscreen- data-track-element-type=\"Article image fullscreen\" data-track-name=\"ImageFullscreen\" decoding=\"async\" loading=\"lazy\" height=\"720\" itemprop=\"image\"  src=\"https:\/\/www.europesays.com\/no\/wp-content\/uploads\/2025\/08\/62aeaab7-2c75-4895-99b5-5968b0f2a593\"  style=\"object-position:0% 0%\" width=\"960\"\/>Lotte Hoel (38) fra Trondheim.  Foto: Rune Bendiksen\/TV 2<\/p>\n<p class=\"_paragraph_1bvmi_4 _paragraph_xtcu6_10 layout-component text-serif-m layout-normal text-serif-m layout-padded\">Andre deltagere inkluderer NRK-journalist Magnus Helle (29), artist Melody Hamre (29) fra Bergen og omsorgsarbeider Eren \u00abGekken\u00bb Gj\u00e6gtvik (52), som mange kjenner fra NRK-serien \u00abHodet i klemme\u00bb.<\/p>\n<p class=\"_paragraph_1bvmi_4 _paragraph_xtcu6_10 layout-component text-serif-m layout-normal text-serif-m layout-padded\">\u2013 De to f\u00f8rste sesongene ga seerne fantastiske \u00f8yeblikk med profiler vi kjente fra f\u00f8r. Denne gangen m\u00f8ter vi en helt ny sammensetning av sterke personligheter, sier programredakt\u00f8r Trygve R\u00f8nningen i TV 2.<\/p>\n<p class=\"_paragraph_1bvmi_4 _paragraph_xtcu6_10 layout-component text-serif-m layout-normal text-serif-m layout-padded\">Deltagerne er plukket ut blant flere tusen s\u00f8kere fra hele landet.<\/p>\n","protected":false},"excerpt":{"rendered":"For f\u00f8rste gang er det ikke kjendiser som flytter inn. SPILLERNE I H\u00d8ST: Fra venstre: Eren Andre Gj\u00e6gtvik,&hellip;\n","protected":false},"author":2,"featured_media":11861,"comment_status":"","ping_status":"","sticky":false,"template":"","format":"standard","meta":{"footnotes":""},"categories":[5],"tags":[20,21,24,25,15,19,22,23,17,18,13,30,28,29,14,16,2398,26,27,208,46],"class_list":{"0":"post-11860","1":"post","2":"type-post","3":"status-publish","4":"format-standard","5":"has-post-thumbnail","7":"category-overskrifter","8":"tag-breaking-news","9":"tag-breakingnews","10":"tag-featured-news","11":"tag-featurednews","12":"tag-headlines","13":"tag-hovedoppslag","14":"tag-latest-news","15":"tag-latestnews","16":"tag-main-news","17":"tag-mainnews","18":"tag-news","19":"tag-no","20":"tag-norge","21":"tag-norway","22":"tag-nyheter","23":"tag-overskrifter","24":"tag-spillet","25":"tag-top-stories","26":"tag-topstories","27":"tag-tv-2","28":"tag-vgai"},"share_on_mastodon":{"url":"","error":""},"_links":{"self":[{"href":"https:\/\/www.europesays.com\/no\/wp-json\/wp\/v2\/posts\/11860","targetHints":{"allow":["GET"]}}],"collection":[{"href":"https:\/\/www.europesays.com\/no\/wp-json\/wp\/v2\/posts"}],"about":[{"href":"https:\/\/www.europesays.com\/no\/wp-json\/wp\/v2\/types\/post"}],"author":[{"embeddable":true,"href":"https:\/\/www.europesays.com\/no\/wp-json\/wp\/v2\/users\/2"}],"replies":[{"embeddable":true,"href":"https:\/\/www.europesays.com\/no\/wp-json\/wp\/v2\/comments?post=11860"}],"version-history":[{"count":0,"href":"https:\/\/www.europesays.com\/no\/wp-json\/wp\/v2\/posts\/11860\/revisions"}],"wp:featuredmedia":[{"embeddable":true,"href":"https:\/\/www.europesays.com\/no\/wp-json\/wp\/v2\/media\/11861"}],"wp:attachment":[{"href":"https:\/\/www.europesays.com\/no\/wp-json\/wp\/v2\/media?parent=11860"}],"wp:term":[{"taxonomy":"category","embeddable":true,"href":"https:\/\/www.europesays.com\/no\/wp-json\/wp\/v2\/categories?post=11860"},{"taxonomy":"post_tag","embeddable":true,"href":"https:\/\/www.europesays.com\/no\/wp-json\/wp\/v2\/tags?post=11860"}],"curies":[{"name":"wp","href":"https:\/\/api.w.org\/{rel}","templated":true}]}}