{"id":118600,"date":"2025-12-21T02:42:09","date_gmt":"2025-12-21T02:42:09","guid":{"rendered":"https:\/\/www.europesays.com\/no\/118600\/"},"modified":"2025-12-21T02:42:09","modified_gmt":"2025-12-21T02:42:09","slug":"trafikk-frontkollisjon-sju-til-sykehus-etter-frontkollisjon-i-mjondalen-fire-barn-involvert","status":"publish","type":"post","link":"https:\/\/www.europesays.com\/no\/118600\/","title":{"rendered":"Trafikk, Frontkollisjon | Sju til sykehus etter frontkollisjon i Mj\u00f8ndalen \u2013 fire barn involvert"},"content":{"rendered":"\n<p>To biler har frontkollidert i Drammensveien i Mj\u00f8ndalen i Drammen l\u00f8rdag ettermiddag.<\/p>\n<p>Politiet i S\u00f8r-\u00d8st politidistrikt opplyser klokken 13.43 at n\u00f8detatene er p\u00e5 vei til stedet.<\/p>\n<p>\u2013 To biler har frontkollidert, og sju personer er involvert. Skadeomfanget er forel\u00f8pig ukjent. Ingen skal v\u00e6re fastklemt, skriver operasjonsleder Jan Tore Gregersen p\u00e5 politiloggen.<\/p>\n<p>\u2013 Det er veldig glatt p\u00e5 stedet, skriver operasjonslederen.<\/p>\n<p>If\u00f8lge politiet er tre voksne og fire barn involvert. Ingen skal ha v\u00e6rt fastklemt, men flere personer har smerter. <\/p>\n<p>Alle personene som var involvert er kj\u00f8rt til Drammen sykehus for unders\u00f8kelser og oppf\u00f8lging. Politiet opplyser at det per n\u00e5 ikke fremst\u00e5r som at noen er alvorlig skadet.<\/p>\n<p>Politiet opplyser at ulykken skjedde i en sving, der \u00e9n av bilene skal ha sklidd p\u00e5 det glatte f\u00f8ret og kommet over i motg\u00e5ende kj\u00f8refelt.<\/p>\n<p>Det er store materielle skader p\u00e5 bilene, og bilberger er bestilt. <\/p>\n<p>Politiet holder n\u00e5 p\u00e5 med trafikkdirigering inntil bilene er tauet bort. Bilberger er ventet p\u00e5 stedet mellom klokken 14.45 og klokken 1500.<\/p>\n","protected":false},"excerpt":{"rendered":"To biler har frontkollidert i Drammensveien i Mj\u00f8ndalen i Drammen l\u00f8rdag ettermiddag. Politiet i S\u00f8r-\u00d8st politidistrikt opplyser klokken&hellip;\n","protected":false},"author":2,"featured_media":3844,"comment_status":"","ping_status":"","sticky":false,"template":"","format":"standard","meta":{"footnotes":""},"categories":[12],"tags":[20,21,24,25,15,22,23,13,30,28,29,14,16,26,27,42,43,44,45],"class_list":{"0":"post-118600","1":"post","2":"type-post","3":"status-publish","4":"format-standard","5":"has-post-thumbnail","7":"category-verden","8":"tag-breaking-news","9":"tag-breakingnews","10":"tag-featured-news","11":"tag-featurednews","12":"tag-headlines","13":"tag-latest-news","14":"tag-latestnews","15":"tag-news","16":"tag-no","17":"tag-norge","18":"tag-norway","19":"tag-nyheter","20":"tag-overskrifter","21":"tag-top-stories","22":"tag-topstories","23":"tag-verden","24":"tag-world","25":"tag-world-news","26":"tag-worldnews"},"share_on_mastodon":{"url":"https:\/\/pubeurope.com\/@no\/115755256578530320","error":""},"_links":{"self":[{"href":"https:\/\/www.europesays.com\/no\/wp-json\/wp\/v2\/posts\/118600","targetHints":{"allow":["GET"]}}],"collection":[{"href":"https:\/\/www.europesays.com\/no\/wp-json\/wp\/v2\/posts"}],"about":[{"href":"https:\/\/www.europesays.com\/no\/wp-json\/wp\/v2\/types\/post"}],"author":[{"embeddable":true,"href":"https:\/\/www.europesays.com\/no\/wp-json\/wp\/v2\/users\/2"}],"replies":[{"embeddable":true,"href":"https:\/\/www.europesays.com\/no\/wp-json\/wp\/v2\/comments?post=118600"}],"version-history":[{"count":0,"href":"https:\/\/www.europesays.com\/no\/wp-json\/wp\/v2\/posts\/118600\/revisions"}],"wp:featuredmedia":[{"embeddable":true,"href":"https:\/\/www.europesays.com\/no\/wp-json\/wp\/v2\/media\/3844"}],"wp:attachment":[{"href":"https:\/\/www.europesays.com\/no\/wp-json\/wp\/v2\/media?parent=118600"}],"wp:term":[{"taxonomy":"category","embeddable":true,"href":"https:\/\/www.europesays.com\/no\/wp-json\/wp\/v2\/categories?post=118600"},{"taxonomy":"post_tag","embeddable":true,"href":"https:\/\/www.europesays.com\/no\/wp-json\/wp\/v2\/tags?post=118600"}],"curies":[{"name":"wp","href":"https:\/\/api.w.org\/{rel}","templated":true}]}}