{"id":118605,"date":"2025-12-21T03:05:09","date_gmt":"2025-12-21T03:05:09","guid":{"rendered":"https:\/\/www.europesays.com\/no\/118605\/"},"modified":"2025-12-21T03:05:09","modified_gmt":"2025-12-21T03:05:09","slug":"nei-putin-dette-er-ikke-en-seier","status":"publish","type":"post","link":"https:\/\/www.europesays.com\/no\/118605\/","title":{"rendered":"Nei, Putin, dette er ikke en seier"},"content":{"rendered":"\n<p class=\"_prefix_nfjwc_1 layout-padded\">Meninger<br \/>Kommentar<\/p>\n<p class=\"_lead_o9xde_2 _lead_xtcu6_50 layout-component text-serif-m layout-normal text-serif-l _lead_1k67c_21 layout-component layout-normal layout-padded layout-padded\">Russland tar det som en halv seier at EU ikke ble enige om \u00e5 bruke fryste russiske midler i Ukraina.<\/p>\n<p>Skriver om krigen i Ukraina, sjakk, Formel 1, idrettspolitikk, m.m.. Utdannet ved NMBU og Moskvas statsuniversitet. Hobbybonde.<\/p>\n<p><a href=\"https:\/\/www.vg.no\/nyheter\/i\/0pnEe6\/mailto:ole.kristian.strom@vg.no\" class=\"_button_6bkpv_2 button-label-large _filled_6bkpv_106 _button_1xhag_75\" rel=\"nofollow noopener\" target=\"_blank\">E-post<\/a><img alt=\"Vladimir Putin fotografert under sin \u00e5rlige pressekonferanse fredag. Foto: ALEXANDER NEMENOV \/ AFP \/ NTB\" class=\"_image_qp4xg_65 layout-component layout-wide\" data-fullscreen- data-track-element-type=\"Article image fullscreen\" data-track-name=\"ImageFullscreen\" fetchpriority=\"high\" decoding=\"sync\" loading=\"eager\" height=\"2162\" itemprop=\"image\"  src=\"https:\/\/www.europesays.com\/no\/wp-content\/uploads\/2025\/12\/4c66520a-3f42-430f-82cf-ad99bc3b83b5\"  style=\"object-position:0% 0%\" width=\"3000\"\/>Vladimir Putin fotografert under sin \u00e5rlige pressekonferanse fredag. Foto: ALEXANDER NEMENOV \/ AFP \/ NTBS\u00f8ndag 21. desember kl. 03:23     <\/p>\n<p class=\"_paragraph_o9xde_4 _paragraph_xtcu6_10 layout-component text-serif-m layout-normal text-serif-m layout-padded\">EU-enigheten om \u00e5 st\u00f8tte Ukraina med et fellesl\u00e5n p\u00e5 90 milliarder euro (dr\u00f8yt 1.000 milliarder kroner) blir av mange tolket som at Europa n\u00e5 tar sin egen sikkerhet p\u00e5 alvor.<\/p>\n<p class=\"_paragraph_o9xde_4 _paragraph_xtcu6_10 layout-component text-serif-m layout-normal text-serif-m layout-padded\">Det hadde v\u00e6rt total krise for Ukraina om de ikke hadde f\u00e5tt disse pengene.<\/p>\n<p class=\"_paragraph_o9xde_4 _paragraph_xtcu6_10 layout-component text-serif-m layout-normal text-serif-m layout-padded\">Men EU ble ikke enige om \u00e5 bruke russiske fryste midlerfryste midlerPenger eller eiendeler som er blitt blokkert eller holdt tilbake, ofte som en del av sanksjoner mot et land. \u2013 penger som er plassert i europeiske banker.<\/p>\n<p class=\"_paragraph_o9xde_4 _paragraph_xtcu6_10 layout-component text-serif-m layout-normal text-serif-m layout-padded\">Belgia, der mesteparten av de russiske pengene befinner seg, fryktet \u00e5 ta b\u00e5de ansvaret og risikoen ved \u00e5 bruke de fryste midlene. Russerne kan komme tilbake og kreve pengene senere.<\/p>\n<p class=\"_paragraph_o9xde_4 _paragraph_xtcu6_10 layout-component text-serif-m layout-normal text-serif-m layout-padded\">Fra Moskva kommer det spydige kommentarer om at EU-landene ikke kom til noen enighet.<\/p>\n<p class=\"_paragraph_o9xde_4 _paragraph_xtcu6_10 layout-component text-serif-m layout-normal text-serif-m layout-padded\">Vladimir Putin fastsl\u00e5r p\u00e5 sin \u00e5rlige pressekonferanse fredag at det ville ha v\u00e6rt et \u00abran\u00bb om disse russiske pengene hadde blitt gitt til Ukraina.<\/p>\n<p class=\"_paragraph_o9xde_4 _paragraph_xtcu6_10 layout-component text-serif-m layout-normal text-serif-m layout-padded\">Han snakket derimot ikke om de gjentatte russiske angrepene mot boligblokker og sivil infrastruktur i Ukraina.<\/p>\n<p class=\"_paragraph_o9xde_4 _paragraph_xtcu6_10 layout-component text-serif-m layout-normal text-serif-m layout-padded\">Lederen i det russiske oljefondet, Kirill Dmitrijev, mener at det er et stort nederlag for b\u00e5de EU-sjef Ursula von der Leyen og bundeskansler Friedrich Merz. Han snakker om at \u00abkrigshisserne\u00bb tapte.<\/p>\n<p class=\"_paragraph_o9xde_4 _paragraph_xtcu6_10 layout-component text-serif-m layout-normal text-serif-m layout-padded\">For Moskva er det likevel en seier at tre land ikke vil v\u00e6re med \u00e5 betale p\u00e5 l\u00e5net; Ungarn, Slovakia og Tsjekkia.<\/p>\n<p class=\"_paragraph_o9xde_4 _paragraph_xtcu6_10 layout-component text-serif-m layout-normal text-serif-m layout-padded\">Russland tolker dette som at Europa er splittet.<\/p>\n<p class=\"_paragraph_o9xde_4 _paragraph_xtcu6_10 layout-component text-serif-m layout-normal text-serif-m layout-padded\">Det stemmer ikke.<\/p>\n<p class=\"_paragraph_o9xde_4 _paragraph_xtcu6_10 layout-component text-serif-m layout-normal text-serif-m layout-padded\">Derimot er ikke USA med p\u00e5 \u00e5 redde ukrainsk \u00f8konomi. Donald Trump har stengt igjen alle sluser etter at han kom tilbake som president. Ukraina f\u00e5r riktig nok lov til \u00e5 kj\u00f8pe amerikanske v\u00e5pen, men det er europeerne, ogs\u00e5 Norge, som betaler for dette.<\/p>\n<p class=\"_paragraph_o9xde_4 _paragraph_xtcu6_10 layout-component text-serif-m layout-normal text-serif-m layout-padded\">Grunnen til at de fryste russiske pengene, cirka 200 milliarder euro, ikke brukes, kan kanskje forklares med at de var med i den opprinnelige Trump-planen for Ukraina som Russland og USA utarbeidet. I den planen het det blant annet at disse pengene skulle brukes til felles investeringer i mineralbryting i Donbas-omr\u00e5detDonbas-omr\u00e5detEn region i \u00d8st-Ukraina med mye gruvedrift og industri. St\u00f8rsteparten av Donbas er okkupert av Russland, men ukrainske styrker kontrollerer fortsatt rundt 20 prosent.. En del skulle ogs\u00e5 tilbakebetales til russerne.<\/p>\n<p class=\"_paragraph_o9xde_4 _paragraph_xtcu6_10 layout-component text-serif-m layout-normal text-serif-m layout-padded\">Kanskje kommer disse pengene igjen p\u00e5 bordet senere. De pengene som Ukraina n\u00e5 har f\u00e5tt, utbetales i 2026 og 2027. Ukrainas statskassestatskasseEn nasjons \u00f8konomiske ressurser eller budsjett, brukt til \u00e5 finansiere offentlige utgifter. hadde rett og slett g\u00e5tt tom utp\u00e5 v\u00e5rparten, om de ikke hadde f\u00e5tt dette l\u00e5net fra Europa.<\/p>\n<p class=\"_paragraph_o9xde_4 _paragraph_xtcu6_10 layout-component text-serif-m layout-normal text-serif-m layout-padded\">P\u00e5 den ene siden betyr vedtaket natt til fredag at EU erkjenner at Ukrainas kamp ogs\u00e5 er Europas kamp. P\u00e5 den annen side er det vanskelig \u00e5 f\u00e5 EU til \u00e5 betale for at Ukraina skal forsvare EU. Det handler heller ikke om veldig mye penger, sammenlignet med for eksempel hvor mye pandemien kostet Europa.<\/p>\n<p class=\"_paragraph_o9xde_4 _paragraph_xtcu6_10 layout-component text-serif-m layout-normal text-serif-m layout-padded\">Samtidig med at dette skjer, presser USA p\u00e5 for en fredsavtale mellom Russland og Ukraina. Det ligger d\u00e5rlig an.<\/p>\n<p class=\"_paragraph_o9xde_4 _paragraph_xtcu6_10 layout-component text-serif-m layout-normal text-serif-m layout-padded\">Putin fremst\u00e5r p\u00e5 fredagens pressekonferanse selvsikker og gjentar at Russland vil fortsette krigen til de har n\u00e5dd sine milit\u00e6re m\u00e5l. Putin hevder at Russland er klare til \u00e5 avslutte krigen, men han skylder p\u00e5 Ukraina for at dette er umulig. Fred er mulig, men bare p\u00e5 Putins betingelser.<\/p>\n<p class=\"_paragraph_o9xde_4 _paragraph_xtcu6_10 layout-component text-serif-m layout-normal text-serif-m layout-padded\">De kan Ukraina selvf\u00f8lgelig ikke g\u00e5 med p\u00e5.<\/p>\n<p>   Dette er en kommentar. Kommentaren gir uttrykk for skribentens holdning. <\/p>\n","protected":false},"excerpt":{"rendered":"MeningerKommentar Russland tar det som en halv seier at EU ikke ble enige om \u00e5 bruke fryste russiske&hellip;\n","protected":false},"author":2,"featured_media":118606,"comment_status":"","ping_status":"","sticky":false,"template":"","format":"standard","meta":{"footnotes":""},"categories":[5],"tags":[20,21,279,24,25,15,19,179,22,23,17,18,13,30,28,29,14,16,26,27,489,103],"class_list":{"0":"post-118605","1":"post","2":"type-post","3":"status-publish","4":"format-standard","5":"has-post-thumbnail","7":"category-overskrifter","8":"tag-breaking-news","9":"tag-breakingnews","10":"tag-eu","11":"tag-featured-news","12":"tag-featurednews","13":"tag-headlines","14":"tag-hovedoppslag","15":"tag-krigen-i-ukraina","16":"tag-latest-news","17":"tag-latestnews","18":"tag-main-news","19":"tag-mainnews","20":"tag-news","21":"tag-no","22":"tag-norge","23":"tag-norway","24":"tag-nyheter","25":"tag-overskrifter","26":"tag-top-stories","27":"tag-topstories","28":"tag-ukraina","29":"tag-vgmeninger"},"share_on_mastodon":{"url":"https:\/\/pubeurope.com\/@no\/115755347017358016","error":""},"_links":{"self":[{"href":"https:\/\/www.europesays.com\/no\/wp-json\/wp\/v2\/posts\/118605","targetHints":{"allow":["GET"]}}],"collection":[{"href":"https:\/\/www.europesays.com\/no\/wp-json\/wp\/v2\/posts"}],"about":[{"href":"https:\/\/www.europesays.com\/no\/wp-json\/wp\/v2\/types\/post"}],"author":[{"embeddable":true,"href":"https:\/\/www.europesays.com\/no\/wp-json\/wp\/v2\/users\/2"}],"replies":[{"embeddable":true,"href":"https:\/\/www.europesays.com\/no\/wp-json\/wp\/v2\/comments?post=118605"}],"version-history":[{"count":0,"href":"https:\/\/www.europesays.com\/no\/wp-json\/wp\/v2\/posts\/118605\/revisions"}],"wp:featuredmedia":[{"embeddable":true,"href":"https:\/\/www.europesays.com\/no\/wp-json\/wp\/v2\/media\/118606"}],"wp:attachment":[{"href":"https:\/\/www.europesays.com\/no\/wp-json\/wp\/v2\/media?parent=118605"}],"wp:term":[{"taxonomy":"category","embeddable":true,"href":"https:\/\/www.europesays.com\/no\/wp-json\/wp\/v2\/categories?post=118605"},{"taxonomy":"post_tag","embeddable":true,"href":"https:\/\/www.europesays.com\/no\/wp-json\/wp\/v2\/tags?post=118605"}],"curies":[{"name":"wp","href":"https:\/\/api.w.org\/{rel}","templated":true}]}}