{"id":118607,"date":"2025-12-21T03:11:21","date_gmt":"2025-12-21T03:11:21","guid":{"rendered":"https:\/\/www.europesays.com\/no\/118607\/"},"modified":"2025-12-21T03:11:21","modified_gmt":"2025-12-21T03:11:21","slug":"sametinget-brot-grunnloven-leder-far-beholde-jobben-nrk-sapmi","status":"publish","type":"post","link":"https:\/\/www.europesays.com\/no\/118607\/","title":{"rendered":"Sametinget br\u00f8t Grunnloven: Leder f\u00e5r beholde jobben \u2013 NRK S\u00e1pmi"},"content":{"rendered":"<p><strong>\u2013 Beklager at det m\u00e5tte g\u00e5 s\u00e5 langt. Denne saken kunne v\u00e6rt l\u00f8st p\u00e5 en annen m\u00e5te, skriver lederen i en kort kommentar til NRK.<\/strong><\/p>\n<p>If\u00f8lge NRKs opplysninger s\u00e5 er begrunnelsen for oppsigelsessaken at hen hadde en sentral rolle da Sametinget ga flere l\u00e5negarantier.<\/p>\n<p>Dette til tross for Kommunaldepartementets advarsler.<\/p>\n<p>L\u00e5negarantiene resulterte i at Sametinget br\u00f8t Grunnloven, slo Riksrevisjonen fast.<\/p>\n<p>Det er nemlig bare Stortinget som kan gi slike l\u00e5negarantier.<\/p>\n<p>Direkt\u00f8ren vil ikke kommentere<\/p>\n<p>L\u00e5negarantiene ble gitt til det samiske senteret V\u00e1rdob\u00e1iki, og var p\u00e5 rundt 13 millioner kroner. Sametinget ga garantiene mellom 2017\u20132019.<strong> <\/strong><\/p>\n<p>Det fullstendige grunnlaget for saken mot lederen st\u00e5r i en hemmeligstemplet granskingsrapport av saken.<\/p>\n<p><img decoding=\"async\"   src=\"data:image\/gif;base64,R0lGODlhAQABAIAAAAAAAP\/\/\/yH5BAEAAAAALAAAAAABAAEAAAIBRAA7\" loading=\"eager\" alt=\"en person som bruker briller Inger Marit Eira-\u00c5hr\u00e9n, direkt\u00f8r, sametinget\" title=\"Foto: Eirik Pessl-Kleiven \/ NRK\"\/><\/p>\n<p class=\"\">Det er sametingsdirekt\u00f8r Inger Marit Eira-\u00c5hren som har varslet lederen om oppsigelse.<\/p>\n<p>Foto: Eirik Pessl-Kleiven \/ NRK<\/p>\n<p>Det er sametingsdirekt\u00f8r Inger Marit Eira-\u00c5hren som har varslet lederen om oppsigelse.<\/p>\n<p><strong>\u2013 Arbeidsgiver kan ikke kommentere personalsaker. Det ber jeg om forst\u00e5else for, skriver direkt\u00f8ren i en tekstmelding til NRK.<\/strong><\/p>\n<p>Advokaten: \u2013 Forhold man kan se bort ifra<\/p>\n<p>Det er et enstemmig tilsettingsutvalg som har bestemt at lederen f\u00e5r fortsette i sin jobb p\u00e5 Sametinget.<\/p>\n<p>Det opplyser lederens advokat, Inger Olise Skarv\u00f8y, om.<\/p>\n<p>Utvalget best\u00e5r av tre sametingspolitikere og to representanter fra fagforeningene.<\/p>\n<p><strong>\u2013 Dette er et helt riktig resultat. Ikke bare rettslig, men ogs\u00e5 menneskelig, sier Skarv\u00f8y.<\/strong><\/p>\n<p><img decoding=\"async\"   src=\"data:image\/gif;base64,R0lGODlhAQABAIAAAAAAAP\/\/\/yH5BAEAAAAALAAAAAABAAEAAAIBRAA7\" loading=\"eager\" alt=\"Kvinne st\u00e5r foran et vindu\" title=\"Foto: Terje Bergersen\"\/><\/p>\n<p class=\"\">Inger Olise Skarv\u00f8y har bist\u00e5tt lederen i oppsigelsessaken. Hun jobber som advokat for fagforeningen Naturviterne.<\/p>\n<p>Foto: Terje Bergersen<\/p>\n<p>Advokaten mener utvalget har gjort en grundig vurdering, som ogs\u00e5 handler om trygghet for de ansatte.<\/p>\n<p>\u2013 Det er det man i rettspraksis viser her. Det er vi veldig glade for.<\/p>\n<p>Skarv\u00f8y tror lederen n\u00e5 er klar for \u00e5 legge dette bak seg, og mener at hen kan g\u00e5 p\u00e5 jobb med rak rygg.<\/p>\n<p>\u2013 Vi har vunnet fram p\u00e5 alle punkter.<\/p>\n<p>\u2013 Var det galt \u00e5 gi l\u00e5negarantiene?<\/p>\n<p><strong>\u2013 Et enstemmig tilsettingsutvalg har kommet fram til en konklusjon om at dette er forhold man kan se bort ifra, svarer advokaten.<\/strong><\/p>\n<p>Utvalget kan heller ikke kommentere<\/p>\n<p>Tilsettingsutvalget har hatt m\u00f8ter b\u00e5de fredag og l\u00f8rdag.<\/p>\n<p><strong>\u2013 Jeg kan ikke kommentere saken, sier utvalgsmedlem Maren Benedicte Nystad Storslett (NSR).<\/strong><\/p>\n<p><img decoding=\"async\"   src=\"data:image\/gif;base64,R0lGODlhAQABAIAAAAAAAP\/\/\/yH5BAEAAAAALAAAAAABAAEAAAIBRAA7\" loading=\"eager\" alt=\"en person som st\u00e5r i et rom\" title=\"Foto: \u00c1rvu \/ S\u00e1mediggi\"\/><\/p>\n<p class=\"\">Maren Benedicte Nystad Storslett (NSR) er sametingsr\u00e5d. Hun har v\u00e6rt sette-leder i utvalget, siden sametingspresidenten er inhabil. <\/p>\n<p>Foto: \u00c1rvu \/ S\u00e1mediggi<\/p>\n<p>Hun har ledet utvalget, ettersom sametingspresident Silje Karine Muotka (NSR) har meldt seg inhabil i saken.<\/p>\n<p>Muotka var med p\u00e5 \u00e5 vedta l\u00e5negarantiene som sametingsr\u00e5d i 2018 og 2019.<\/p>\n<p>Publisert<\/p>\n<p>20.12.2025, kl. 15.33<\/p>\n<p>Oppdatert<\/p>\n<p>20.12.2025, kl. 16.23<\/p>\n","protected":false},"excerpt":{"rendered":"\u2013 Beklager at det m\u00e5tte g\u00e5 s\u00e5 langt. Denne saken kunne v\u00e6rt l\u00f8st p\u00e5 en annen m\u00e5te, skriver&hellip;\n","protected":false},"author":2,"featured_media":118608,"comment_status":"","ping_status":"","sticky":false,"template":"","format":"standard","meta":{"footnotes":""},"categories":[10],"tags":[20,21,24,25,15,22,23,13,30,28,29,14,16,26,27],"class_list":{"0":"post-118607","1":"post","2":"type-post","3":"status-publish","4":"format-standard","5":"has-post-thumbnail","7":"category-norge","8":"tag-breaking-news","9":"tag-breakingnews","10":"tag-featured-news","11":"tag-featurednews","12":"tag-headlines","13":"tag-latest-news","14":"tag-latestnews","15":"tag-news","16":"tag-no","17":"tag-norge","18":"tag-norway","19":"tag-nyheter","20":"tag-overskrifter","21":"tag-top-stories","22":"tag-topstories"},"share_on_mastodon":{"url":"https:\/\/pubeurope.com\/@no\/115755370615874326","error":""},"_links":{"self":[{"href":"https:\/\/www.europesays.com\/no\/wp-json\/wp\/v2\/posts\/118607","targetHints":{"allow":["GET"]}}],"collection":[{"href":"https:\/\/www.europesays.com\/no\/wp-json\/wp\/v2\/posts"}],"about":[{"href":"https:\/\/www.europesays.com\/no\/wp-json\/wp\/v2\/types\/post"}],"author":[{"embeddable":true,"href":"https:\/\/www.europesays.com\/no\/wp-json\/wp\/v2\/users\/2"}],"replies":[{"embeddable":true,"href":"https:\/\/www.europesays.com\/no\/wp-json\/wp\/v2\/comments?post=118607"}],"version-history":[{"count":0,"href":"https:\/\/www.europesays.com\/no\/wp-json\/wp\/v2\/posts\/118607\/revisions"}],"wp:featuredmedia":[{"embeddable":true,"href":"https:\/\/www.europesays.com\/no\/wp-json\/wp\/v2\/media\/118608"}],"wp:attachment":[{"href":"https:\/\/www.europesays.com\/no\/wp-json\/wp\/v2\/media?parent=118607"}],"wp:term":[{"taxonomy":"category","embeddable":true,"href":"https:\/\/www.europesays.com\/no\/wp-json\/wp\/v2\/categories?post=118607"},{"taxonomy":"post_tag","embeddable":true,"href":"https:\/\/www.europesays.com\/no\/wp-json\/wp\/v2\/tags?post=118607"}],"curies":[{"name":"wp","href":"https:\/\/api.w.org\/{rel}","templated":true}]}}