{"id":118615,"date":"2025-12-21T05:25:11","date_gmt":"2025-12-21T05:25:11","guid":{"rendered":"https:\/\/www.europesays.com\/no\/118615\/"},"modified":"2025-12-21T05:25:11","modified_gmt":"2025-12-21T05:25:11","slug":"donald-trump-president-toppjurist-alan-dershowitz-apner-for-ny-presidentperiode-for-donald-trump","status":"publish","type":"post","link":"https:\/\/www.europesays.com\/no\/118615\/","title":{"rendered":"Donald Trump, President | Toppjurist Alan Dershowitz \u00e5pner for ny presidentperiode for Donald Trump"},"content":{"rendered":"\n<p>Det har lenge blitt snakket om at Donald Trump vil s\u00f8ke en ny periode etter 2028. Steve Bannon, Trumps tidligere sjefstrateg har lenge snakket om at USA trenger Trump i en periode til. Du kan se intervju lenger nede i saken.<\/p>\n<p>Trump selv har uttalt at han ikke kan stille til valg igjen.<\/p>\n<p><b>Les: <a rel=\"Follow nofollow noopener\" href=\"https:\/\/www.nettavisen.no\/nyheter\/trump-sier-amerikanske-lover-stopper-ham-fra-en-tredje-periode\/s\/5-95-2697714\" target=\"_blank\">Trump sier amerikanske lover stopper ham fra en tredje periode<\/a><\/b><\/p>\n<p>Under en hanukka-feiring i Det hvite hus tirsdag, sa Trumps mega-donor Miriam Adelson at hun er enig med toppjuristen Alan Dershowitz og ba Donald Trump vurdere en ny periode. Hun lovet ogs\u00e5 250 millioner dollar til Trump hvis han stilte igjen. I en kort periode ropte forsamlingen \u00abfire nye \u00e5r\u00bb til en smilende Donald Trump, skriver blant andre <a rel=\"Follow nofollow noopener\" href=\"https:\/\/www.forbes.com\/sites\/siladityaray\/2025\/12\/17\/trump-quips-billionaire-miriam-adelson-offered-him-another-250-million-to-run-for-third-term\/\" target=\"_blank\">Forbes<\/a>. B\u00e5de Adelson og Dershowitz er sterke tilhengere av Israel.<\/p>\n<p><b>Les mer om Adelson: <a class=\"simple-relation related-teaser article--c-eRUmMG article--c-eRUmMG-fZoQSp-design-nettavisen article--c-eRUmMG-gwthdJ-cv\" href=\"https:\/\/www.nettavisen.no\/ingen-har-besokt-trump-like-mye\/s\/5-95-2681029\" rel=\"nofollow noopener\" target=\"_blank\">\u2013 Ingen har bes\u00f8kt Trump like mye<\/a> <\/b><\/p>\n<p>\u00c5pner for muligheten<\/p>\n<p>Tirsdag Trump en samtale med den tidligere Harvard-juristen Alan Dershowitz. Han jobber n\u00e5 med en bok med tittelen \u00abKan president Trump konstitusjonelt tjene en tredje periode?\u00bb USAs grunnlov sier at en president bare kan sitte i to perioder. Dershowitz forteller til <a href=\"https:\/\/www.wsj.com\/politics\/elections\/trump-told-by-alan-dershowitz-constitutionality-of-third-term-is-unclear-33133eb8\" rel=\"Follow nofollow noopener\" target=\"_blank\">The Wall Street Journal<\/a> at boken vil skissere ulike scenarier som \u00e5pner for en tredje periode.<\/p>\n<p>    Vil du se neste video?<\/p>\n<p>    <a href=\"https:\/\/www.nettavisen.no\/nyheter\/ville-donald-trump-spekulasjoner-det-er-noe-galt\/v\/5-95-2784982\" class=\"recommend-poster\" data-adp-clicklabel=\"video-recommend\" data-adp-clickvalue=\"poster\" rel=\"nofollow noopener\" target=\"_blank\"><br \/>\n      <img decoding=\"async\" width=\"200\" height=\"200\" loading=\"lazy\" src=\"https:\/\/www.europesays.com\/no\/wp-content\/uploads\/2025\/12\/Forvirret+Trump+2.jpg\" alt=\"\" class=\"brick-c-cFOWSL\" style=\"--brick-image-ratio: 200 \/ 200;\"\/><\/p>\n<p>Ville Trump-spekulasjoner: \u2013 Det er noe galt0:57<\/p>\n<p>    <\/a><\/p>\n<p>\u2013 Jeg fortalte ham at det ikke er klart om en president kan v\u00e6re president i en tredje periode, og det er ikke klart om det er tillatt, sa Dershowitz etter m\u00f8tet. Trump selv skal ha smilt og takket for et utkast av boken. Dershowitz sier at Trump synes sp\u00f8rsm\u00e5let er \u00abintellektuelt interessant\u00bb, men tviler p\u00e5 at Trump vil stille til valg for en tredje periode i 2028. Han vil da v\u00e6re 82 \u00e5r gammel.<\/p>\n<p>   <img decoding=\"async\" width=\"3300\" height=\"2619\" fetchpriority=\"low\"  loading=\"lazy\"  src=\"https:\/\/www.europesays.com\/no\/wp-content\/uploads\/2025\/12\/NTB_6gXIbBnFMLY.jpg\" alt=\"This undated photo from the personal collection of Jeffrey Epstein provided by the Democrats on the House Oversight Committee on December 12, 2025, shows US lawyer Alan Dershowitz (R) and Epstein speaking. Democratic lawmakers released a new cache of photos on Friday from the estate of convicted sex offender Jeffrey Epstein that includes images of US President Donald Trump and former president Bill Clinton, as well as former Trump advisor Steve Bannon, former Clinton treasury secretary Larry Summers, director Woody Allen and the ex-prince now known as Andrew Mountbatten-Windsor. (Photo by HANDOUT \/ House Oversight Democrats \/ AFP) \/ RESTRICTED TO EDITORIAL USE - MANDATORY CREDIT \" afp=\"\" photo=\"\" house=\"\" oversight=\"\" committee=\"\" democrats=\"\" handout=\"\" no=\"\" marketing=\"\" advertising=\"\" campaigns=\"\" distributed=\"\" as=\"\" a=\"\" service=\"\" to=\"\" clients=\"\" class=\"brick-c-cFOWSL\" style=\"--brick-image-ratio: 3300 \/ 2619;\"\/><\/p>\n<p>      DERSHOWITZ: Advokaten Alan Dershowitz i samtaler med Jeffrey Epstein i 2006. Advokaten er sv\u00e6rt anerkjent i USA.<br \/>\n      Foto: House Oversight Committee Democrats (AFP\/NTB)\n    <\/p>\n<p>Dershowitz er ingen hvem-som-helst. Jussprofessoren foreleste p\u00e5 prestisjefylte Harvard mellom 1964 og 2013. Han er kjent for sitt arbeid med den amerikanske grunnloven. Han har ogs\u00e5 praktisert strafferett med klienter som Mike Tyson, Julian Assange, Jeffrey Epstein og Donald Trump.<\/p>\n<p>\u2013 USA ville v\u00e6rt heldige<\/p>\n<p>P\u00e5 sp\u00f8rsm\u00e5l om Trumps holdning til \u00e5 bli president igjen, svarte talsperson for Det hvite hus, Abigail Jackson, at USA \u00abville v\u00e6re heldige hvis han tjenestegjorde i en lengre periode\u00bb, skriver <a rel=\"Follow nofollow noopener\" href=\"https:\/\/www.bt.dk\/udland\/advokat-aabner-for-tredje-trump-periode\" target=\"_blank\">danske B.T<\/a>.<\/p>\n<p>James Sample, jusprofessor ved Hofstra University, sier til media at ideen er \u00ababsurd\u00bb, skriver B.T.<\/p>\n<p>Men heller ikke Sample utelukker at Trump kan bli president i en tredje periode. Han skisserer da et scenario hvor for eksempel JD Vance og Donald Trump jr. stiller til valg som president og visepresident, og der Donald Trump blir speaker i Representantenes hus. Hvis Vance og Trump Jr. trekker seg, vil Donald Trump igjen kunne bli president, men da uten \u00e5 ha stilt til valg.<\/p>\n","protected":false},"excerpt":{"rendered":"Det har lenge blitt snakket om at Donald Trump vil s\u00f8ke en ny periode etter 2028. Steve Bannon,&hellip;\n","protected":false},"author":2,"featured_media":118616,"comment_status":"","ping_status":"","sticky":false,"template":"","format":"standard","meta":{"footnotes":""},"categories":[12],"tags":[20,21,24,25,15,22,23,13,30,28,29,14,16,26,27,42,43,44,45],"class_list":{"0":"post-118615","1":"post","2":"type-post","3":"status-publish","4":"format-standard","5":"has-post-thumbnail","7":"category-verden","8":"tag-breaking-news","9":"tag-breakingnews","10":"tag-featured-news","11":"tag-featurednews","12":"tag-headlines","13":"tag-latest-news","14":"tag-latestnews","15":"tag-news","16":"tag-no","17":"tag-norge","18":"tag-norway","19":"tag-nyheter","20":"tag-overskrifter","21":"tag-top-stories","22":"tag-topstories","23":"tag-verden","24":"tag-world","25":"tag-world-news","26":"tag-worldnews"},"share_on_mastodon":{"url":"https:\/\/pubeurope.com\/@no\/115755897792004399","error":""},"_links":{"self":[{"href":"https:\/\/www.europesays.com\/no\/wp-json\/wp\/v2\/posts\/118615","targetHints":{"allow":["GET"]}}],"collection":[{"href":"https:\/\/www.europesays.com\/no\/wp-json\/wp\/v2\/posts"}],"about":[{"href":"https:\/\/www.europesays.com\/no\/wp-json\/wp\/v2\/types\/post"}],"author":[{"embeddable":true,"href":"https:\/\/www.europesays.com\/no\/wp-json\/wp\/v2\/users\/2"}],"replies":[{"embeddable":true,"href":"https:\/\/www.europesays.com\/no\/wp-json\/wp\/v2\/comments?post=118615"}],"version-history":[{"count":0,"href":"https:\/\/www.europesays.com\/no\/wp-json\/wp\/v2\/posts\/118615\/revisions"}],"wp:featuredmedia":[{"embeddable":true,"href":"https:\/\/www.europesays.com\/no\/wp-json\/wp\/v2\/media\/118616"}],"wp:attachment":[{"href":"https:\/\/www.europesays.com\/no\/wp-json\/wp\/v2\/media?parent=118615"}],"wp:term":[{"taxonomy":"category","embeddable":true,"href":"https:\/\/www.europesays.com\/no\/wp-json\/wp\/v2\/categories?post=118615"},{"taxonomy":"post_tag","embeddable":true,"href":"https:\/\/www.europesays.com\/no\/wp-json\/wp\/v2\/tags?post=118615"}],"curies":[{"name":"wp","href":"https:\/\/api.w.org\/{rel}","templated":true}]}}