{"id":118617,"date":"2025-12-21T05:32:34","date_gmt":"2025-12-21T05:32:34","guid":{"rendered":"https:\/\/www.europesays.com\/no\/118617\/"},"modified":"2025-12-21T05:32:34","modified_gmt":"2025-12-21T05:32:34","slug":"stores-privatflybruk-tok-av-i-2025-2","status":"publish","type":"post","link":"https:\/\/www.europesays.com\/no\/118617\/","title":{"rendered":"St\u00f8res privatflybruk tok av i 2025"},"content":{"rendered":"<p>  Av de 11,4 millioner kronene statsminister Jonas Gahr St\u00f8re har brukt p\u00e5 privatfly siden 2021, er 43 prosent brukt i \u00e5r.<\/p>\n<p>\n    Statsminister Jonas Gahr St\u00f8re har i \u00e5r tatt ti reiser med privatfly. Foto: Ole Berg-Rusten \/ NTB\n  <\/p>\n<p>Siden november 2021 har regjeringen brukt over 17 millioner kroner p\u00e5 privatfly. Statsministeren alene st\u00e5r for 11,4 millioner kroner, mens Utenriksdepartementet har brukt 6,1 millioner fram til august i \u00e5r, skriver <a href=\"https:\/\/e24.no\/naeringsliv\/i\/8pwzoE\/stoeres-privatflybruk-skjoet-til-vaers-i-2025\" target=\"_blank\" rel=\"nofollow noopener\">E24.<\/a><\/p>\n<p>    <a itemprop=\"url\" href=\"https:\/\/sol.no\/nyheter\/dette-onsker-nordmenn-seg-til-jul\/84006947\" rel=\"nofollow noopener\" target=\"_blank\"><\/p>\n<p>        <img loading=\"lazy\" decoding=\"async\" src=\"https:\/\/www.europesays.com\/no\/wp-content\/uploads\/2025\/12\/84006952.webp\" width=\"980\" height=\"441\" title=\"Dette \u00f8nsker nordmenn seg til jul\" alt=\"\" class=\"lazyload\" style=\"--aspect-ratio-image: 2.22; \"\/><\/p>\n<p>        Dette \u00f8nsker nordmenn seg til jul<\/p>\n<p>sol.no<\/p>\n<p>    <\/a><\/p>\n<p>I \u00e5r har St\u00f8re tatt ti reiser med privatfly, til en kostnad p\u00e5 nesten 5 millioner kroner. Det er mer enn dobbelt s\u00e5 mange som i fjor. Da det ble fire turer.<\/p>\n<p>\u2013 Som hovedregel flyr statsministeren rutefly n\u00e5r han skal reise, skriver kommunikasjonssjef Ann Kristin Hjukse ved Statsministerens kontor i en epost til E24.<\/p>\n<p>Hun opplyser at leiefly bare brukes i s\u00e6rlige tilfeller n\u00e5r det er n\u00f8dvendig av sikkerhetsmessige grunner, eller n\u00e5r tidsbruk og effektivitet tilsier det.<\/p>\n<p>\u2013 Det har v\u00e6rt flere slike reiser dette \u00e5ret som f\u00f8lge av oppf\u00f8lging av den sikkerhetspolitiske situasjonen, blant annet til m\u00f8ter for statsledere og regjeringssjefer i Polen, Egypt og Albania, skriver Hjukse.<\/p>\n<p>    <a itemprop=\"url\" href=\"https:\/\/sol.no\/nyheter\/advarer-for-juleutflukten-vaer-forberedt\/84006913\" rel=\"nofollow noopener\" target=\"_blank\"><\/p>\n<p>        <img loading=\"lazy\" decoding=\"async\" src=\"https:\/\/www.europesays.com\/no\/wp-content\/uploads\/2025\/12\/84006918.webp\" width=\"980\" height=\"441\" title=\"Advarer f\u00f8r juleutflukten: \u2013 V\u00e6r forberedt\" alt=\"\" class=\"lazyload\" style=\"--aspect-ratio-image: 2.22; \"\/><\/p>\n<p>        Advarer f\u00f8r juleutflukten: \u2013 V\u00e6r forberedt<\/p>\n<p>sol.no<\/p>\n<p>    <\/a><\/p>\n<p>Den siste turen gikk 4. desember til Storbritannia for m\u00f8te med statsminister Keir Starmer og bes\u00f8k ved den skotske milit\u00e6rbasen Lossiemouth. Turen kostet 401.980 kroner.<\/p>\n<p>En ny rammeavtale for leiefly har nettopp tr\u00e5dt i kraft, med en maksimal ramme p\u00e5 24 millioner kroner over fire \u00e5r.<\/p>\n<p>        FANGST: Trygve Opdal fra Evenes kommune, filmet en konge\u00f8rn som hadde \u00abfanget\u00bb seg et litt for stort dyr. Video: Trygve Opdal<\/p>\n","protected":false},"excerpt":{"rendered":"Av de 11,4 millioner kronene statsminister Jonas Gahr St\u00f8re har brukt p\u00e5 privatfly siden 2021, er 43 prosent&hellip;\n","protected":false},"author":2,"featured_media":118618,"comment_status":"","ping_status":"","sticky":false,"template":"","format":"standard","meta":{"footnotes":""},"categories":[12],"tags":[20,21,24,25,15,201,22,23,13,30,28,29,14,16,14217,3166,26,27,42,43,44,45],"class_list":{"0":"post-118617","1":"post","2":"type-post","3":"status-publish","4":"format-standard","5":"has-post-thumbnail","7":"category-verden","8":"tag-breaking-news","9":"tag-breakingnews","10":"tag-featured-news","11":"tag-featurednews","12":"tag-headlines","13":"tag-jonas-gahr-store","14":"tag-latest-news","15":"tag-latestnews","16":"tag-news","17":"tag-no","18":"tag-norge","19":"tag-norway","20":"tag-nyheter","21":"tag-overskrifter","22":"tag-privatfly","23":"tag-regjeringen","24":"tag-top-stories","25":"tag-topstories","26":"tag-verden","27":"tag-world","28":"tag-world-news","29":"tag-worldnews"},"share_on_mastodon":{"url":"https:\/\/pubeurope.com\/@no\/115755925236227218","error":""},"_links":{"self":[{"href":"https:\/\/www.europesays.com\/no\/wp-json\/wp\/v2\/posts\/118617","targetHints":{"allow":["GET"]}}],"collection":[{"href":"https:\/\/www.europesays.com\/no\/wp-json\/wp\/v2\/posts"}],"about":[{"href":"https:\/\/www.europesays.com\/no\/wp-json\/wp\/v2\/types\/post"}],"author":[{"embeddable":true,"href":"https:\/\/www.europesays.com\/no\/wp-json\/wp\/v2\/users\/2"}],"replies":[{"embeddable":true,"href":"https:\/\/www.europesays.com\/no\/wp-json\/wp\/v2\/comments?post=118617"}],"version-history":[{"count":0,"href":"https:\/\/www.europesays.com\/no\/wp-json\/wp\/v2\/posts\/118617\/revisions"}],"wp:featuredmedia":[{"embeddable":true,"href":"https:\/\/www.europesays.com\/no\/wp-json\/wp\/v2\/media\/118618"}],"wp:attachment":[{"href":"https:\/\/www.europesays.com\/no\/wp-json\/wp\/v2\/media?parent=118617"}],"wp:term":[{"taxonomy":"category","embeddable":true,"href":"https:\/\/www.europesays.com\/no\/wp-json\/wp\/v2\/categories?post=118617"},{"taxonomy":"post_tag","embeddable":true,"href":"https:\/\/www.europesays.com\/no\/wp-json\/wp\/v2\/tags?post=118617"}],"curies":[{"name":"wp","href":"https:\/\/api.w.org\/{rel}","templated":true}]}}