{"id":118621,"date":"2025-12-21T05:42:08","date_gmt":"2025-12-21T05:42:08","guid":{"rendered":"https:\/\/www.europesays.com\/no\/118621\/"},"modified":"2025-12-21T05:42:08","modified_gmt":"2025-12-21T05:42:08","slug":"mats-zuccarello-minnesota-wild-zuccarello-leverte-to-malgivende-i-skadecomebacket-slo-oilers-5-2","status":"publish","type":"post","link":"https:\/\/www.europesays.com\/no\/118621\/","title":{"rendered":"Mats Zuccarello, Minnesota Wild | Zuccarello leverte to m\u00e5lgivende i skadecomebacket \u2013 slo Oilers 5-2"},"content":{"rendered":"\n<p>38-\u00e5ringen var en av fire spillere som ble fjernet fra skadelisten i forkant av kampen. Nordmannen, som fikk 15 minutter og 36 sekunder p\u00e5 isen, var tredje sist p\u00e5 pucken p\u00e5 b\u00e5de Wilds 2-0-scoring og 3-2-scoring.<\/p>\n<p>Zuccarello har v\u00e6rt ute siden han fikk en smell i 4-1-seieren over Seattle Kraken 8. desember, en kamp der tre Wild-spillere m\u00e5tte gi seg med skader underveis.<\/p>\n<p>Les ogs\u00e5: <a class=\"simple-relation related-teaser article--c-eRUmMG article--c-eRUmMG-fZoQSp-design-nettavisen article--c-eRUmMG-gwthdJ-cv\" href=\"https:\/\/www.nettavisen.no\/zuccarello-assist-i-ny-wild-seier\/s\/5-95-2753987\" rel=\"nofollow noopener\" target=\"_blank\">Zuccarello-assist i ny Wild-seier<\/a><\/p>\n<p>Nordmannen ble taklet hardt av Kraken-backen Vince Dunn, og rapporter i amerikanske medier tyder p\u00e5 at han p\u00e5dro seg hjernerystelse.<\/p>\n<p>Onsdag var Zuccarello tilbake p\u00e5 istrening, men han var ikke frisk nok til \u00e5 spille torsdagens bortekamp mot Columbus Blue Jackets.<\/p>\n<p>Den tekniske l\u00f8peren mistet ogs\u00e5 mange kamper p\u00e5 starten av sesongen p\u00e5 grunn av en annen skade. Han har v\u00e6rt p\u00e5 isen i 15 kamper i h\u00f8st, og han st\u00e5r med 14 m\u00e5lpoeng (to m\u00e5l, tolv assists).<\/p>\n<p>Les ogs\u00e5:\u00a0<a class=\"simple-relation related-teaser article--c-eRUmMG article--c-eRUmMG-fZoQSp-design-nettavisen article--c-eRUmMG-gwthdJ-cv\" href=\"https:\/\/www.nettavisen.no\/ny-seier-for-zuccarello\/s\/5-95-2718512\" rel=\"nofollow noopener\" target=\"_blank\">Ny seier for Zuccarello<\/a><\/p>\n<p>(\u00a9NTB)<\/p>\n","protected":false},"excerpt":{"rendered":"38-\u00e5ringen var en av fire spillere som ble fjernet fra skadelisten i forkant av kampen. Nordmannen, som fikk&hellip;\n","protected":false},"author":2,"featured_media":118622,"comment_status":"","ping_status":"","sticky":false,"template":"","format":"standard","meta":{"footnotes":""},"categories":[59],"tags":[30,28,29,83,82],"class_list":{"0":"post-118621","1":"post","2":"type-post","3":"status-publish","4":"format-standard","5":"has-post-thumbnail","7":"category-sport","8":"tag-no","9":"tag-norge","10":"tag-norway","11":"tag-sport","12":"tag-sports"},"share_on_mastodon":{"url":"https:\/\/pubeurope.com\/@no\/115755964354025638","error":""},"_links":{"self":[{"href":"https:\/\/www.europesays.com\/no\/wp-json\/wp\/v2\/posts\/118621","targetHints":{"allow":["GET"]}}],"collection":[{"href":"https:\/\/www.europesays.com\/no\/wp-json\/wp\/v2\/posts"}],"about":[{"href":"https:\/\/www.europesays.com\/no\/wp-json\/wp\/v2\/types\/post"}],"author":[{"embeddable":true,"href":"https:\/\/www.europesays.com\/no\/wp-json\/wp\/v2\/users\/2"}],"replies":[{"embeddable":true,"href":"https:\/\/www.europesays.com\/no\/wp-json\/wp\/v2\/comments?post=118621"}],"version-history":[{"count":0,"href":"https:\/\/www.europesays.com\/no\/wp-json\/wp\/v2\/posts\/118621\/revisions"}],"wp:featuredmedia":[{"embeddable":true,"href":"https:\/\/www.europesays.com\/no\/wp-json\/wp\/v2\/media\/118622"}],"wp:attachment":[{"href":"https:\/\/www.europesays.com\/no\/wp-json\/wp\/v2\/media?parent=118621"}],"wp:term":[{"taxonomy":"category","embeddable":true,"href":"https:\/\/www.europesays.com\/no\/wp-json\/wp\/v2\/categories?post=118621"},{"taxonomy":"post_tag","embeddable":true,"href":"https:\/\/www.europesays.com\/no\/wp-json\/wp\/v2\/tags?post=118621"}],"curies":[{"name":"wp","href":"https:\/\/api.w.org\/{rel}","templated":true}]}}