{"id":118623,"date":"2025-12-21T05:49:25","date_gmt":"2025-12-21T05:49:25","guid":{"rendered":"https:\/\/www.europesays.com\/no\/118623\/"},"modified":"2025-12-21T05:49:25","modified_gmt":"2025-12-21T05:49:25","slug":"sport-handball-ble-historisk-i-malrikt-oppgjor-sandefjords-blad","status":"publish","type":"post","link":"https:\/\/www.europesays.com\/no\/118623\/","title":{"rendered":"Sport, H\u00e5ndball | Ble historisk i m\u00e5lrikt oppgj\u00f8r &#8211; Sandefjords Blad"},"content":{"rendered":"<ol>\n<li><a href=\"https:\/\/news.google.com\/rss\/articles\/CBMickFVX3lxTFBod21yY0ZOc05WWjhnRm84RThXMFJkbks2bHJWSzRJRzlObW5SN29fQXk3M3VXcWl6UnY5cW4xNGFPZnI2aXNoeVpaUE0xLVVaOFIxZ1NvX0J6QnBLNGlHY2JPMVV5YmhIVG4ydWgyeU5RZw?oc=5\" target=\"_blank\" rel=\"nofollow noopener\">Sport, H\u00e5ndball | Ble historisk i m\u00e5lrikt oppgj\u00f8r<\/a>&nbsp;&nbsp;Sandefjords Blad<\/li>\n<li><a href=\"https:\/\/news.google.com\/rss\/articles\/CBMiigFBVV95cUxQYmdwcU50Z09Ubmd4ek83VWkxa20zTzBuNW5rcGRRT3dDc1p3UmluQVlpbEpXczhGWHdSakN6Z2t1RFRZbFdZekpVU0xmNmI2dzh2TjByU0RsYmZtZGtqUi1YVW9VY0pRYVB6cWlfbU0yZUxFNUc1ZmJPZ2IyT21zb0FLOGtvbnBlYVE?oc=5\" target=\"_blank\" rel=\"nofollow noopener\">Tapte m\u00e5lrik kamp: \u2013 Vi m\u00e5 heve botnniv\u00e5et<\/a>&nbsp;&nbsp;NRK<\/li>\n<li><a href=\"https:\/\/news.google.com\/rss\/articles\/CBMinwFBVV95cUxNSG5xc3FQSE1BdmJXTG9RXzMtS1BiMlQ4U3JVcUlQdmwzTDN0NFUwRVdvaGlqWmVmMEE2N2ZmRDVxTW1tREZkbGZfXzRrUFVkbXRvMjJLU005RVlMNWQ0dW9SeEJqS0I0UEVxQ2MxbkRBeVBHSlRjZ0lMRHlNR3hGc3daVkJxSnNRakJtal96MW5ZYi1yQ3d4THpYaVI2d0k?oc=5\" target=\"_blank\" rel=\"nofollow noopener\">Sport, H\u00e5ndball | Kan sette rekord: \u2013 Om det blir et stygt eller fint, det driter jeg i<\/a>&nbsp;&nbsp;Sandefjords Blad<\/li>\n<li><a href=\"https:\/\/news.google.com\/rss\/articles\/CBMifkFVX3lxTFBBRG1hekp5U1YwLURPeXVJNExBRThVQjlYRmlKWmN3OFlNUVM1QkFkbFpWdnBfbWdzUnhlX2x2bkp5WGRQNHVjVG5SdHpjMWxtM2tVbzZRN2phbFJ5ZjJLdXlacnJMZ2lpaF82ckZZNGdBdnhDSDd1VWZOc3ZUZw?oc=5\" target=\"_blank\" rel=\"nofollow noopener\">(+) \u2013 Det er t\u00f8ft for oss<\/a>&nbsp;&nbsp;fvn.no<\/li>\n<li><a href=\"https:\/\/news.google.com\/rss\/articles\/CBMihAFBVV95cUxOWVZaa2pJbVFNa2d1LTdYSUNuWWhySFFaVkpsdUVFV0lDQkU4U21LamJkMG4wYlIybWctVmRTdXE3aU41Rl80SWdjWUptX0dtSU9qMGUyT2EwVklVYy14dzJQZWQ0MmdnUGx2Q2Y5bG9PWVUwLXhVQnUzbUdiWlM1UDVHWkk?oc=5\" target=\"_blank\" rel=\"nofollow noopener\">Formsterke Runar jakter nye poeng i Aquarama<\/a>&nbsp;&nbsp;Norsk Topph\u00e5ndball<\/li>\n<\/ol>\n","protected":false},"excerpt":{"rendered":"Sport, H\u00e5ndball | Ble historisk i m\u00e5lrikt oppgj\u00f8r&nbsp;&nbsp;Sandefjords Blad Tapte m\u00e5lrik kamp: \u2013 Vi m\u00e5 heve botnniv\u00e5et&nbsp;&nbsp;NRK Sport,&hellip;\n","protected":false},"author":2,"featured_media":118624,"comment_status":"","ping_status":"","sticky":false,"template":"","format":"standard","meta":{"footnotes":""},"categories":[59],"tags":[30,28,29,83,82],"class_list":{"0":"post-118623","1":"post","2":"type-post","3":"status-publish","4":"format-standard","5":"has-post-thumbnail","7":"category-sport","8":"tag-no","9":"tag-norge","10":"tag-norway","11":"tag-sport","12":"tag-sports"},"share_on_mastodon":{"url":"https:\/\/pubeurope.com\/@no\/115755991910619223","error":""},"_links":{"self":[{"href":"https:\/\/www.europesays.com\/no\/wp-json\/wp\/v2\/posts\/118623","targetHints":{"allow":["GET"]}}],"collection":[{"href":"https:\/\/www.europesays.com\/no\/wp-json\/wp\/v2\/posts"}],"about":[{"href":"https:\/\/www.europesays.com\/no\/wp-json\/wp\/v2\/types\/post"}],"author":[{"embeddable":true,"href":"https:\/\/www.europesays.com\/no\/wp-json\/wp\/v2\/users\/2"}],"replies":[{"embeddable":true,"href":"https:\/\/www.europesays.com\/no\/wp-json\/wp\/v2\/comments?post=118623"}],"version-history":[{"count":0,"href":"https:\/\/www.europesays.com\/no\/wp-json\/wp\/v2\/posts\/118623\/revisions"}],"wp:featuredmedia":[{"embeddable":true,"href":"https:\/\/www.europesays.com\/no\/wp-json\/wp\/v2\/media\/118624"}],"wp:attachment":[{"href":"https:\/\/www.europesays.com\/no\/wp-json\/wp\/v2\/media?parent=118623"}],"wp:term":[{"taxonomy":"category","embeddable":true,"href":"https:\/\/www.europesays.com\/no\/wp-json\/wp\/v2\/categories?post=118623"},{"taxonomy":"post_tag","embeddable":true,"href":"https:\/\/www.europesays.com\/no\/wp-json\/wp\/v2\/tags?post=118623"}],"curies":[{"name":"wp","href":"https:\/\/api.w.org\/{rel}","templated":true}]}}