{"id":118627,"date":"2025-12-21T05:53:08","date_gmt":"2025-12-21T05:53:08","guid":{"rendered":"https:\/\/www.europesays.com\/no\/118627\/"},"modified":"2025-12-21T05:53:08","modified_gmt":"2025-12-21T05:53:08","slug":"putin-dmitrij-peskov-peskov-putin-er-klar-til-a-snakke-med-macron","status":"publish","type":"post","link":"https:\/\/www.europesays.com\/no\/118627\/","title":{"rendered":"Putin, Dmitrij Peskov | Peskov: Putin er klar til \u00e5 snakke med Macron"},"content":{"rendered":"\n<p>Det statlige nyhetsbyr\u00e5et RIA siterer Kremls talsperson Dmitrij Peskov p\u00e5 dette i uttalelser publisert s\u00f8ndag.<\/p>\n<p>\u2013 Dersom det finnes gjensidig politisk vilje, kan det bare vurderes positivt, sa Peskov if\u00f8lge RIA.<\/p>\n<p>Macron sa tidligere denne uken at han mener Europa b\u00f8r gjenoppta kontakten med Putin for \u00e5 f\u00e5 slutt p\u00e5 krigen i Ukraina.<\/p>\n<p>\u2013 Enten oppn\u00e5r vi en robust og varig fred med de n\u00f8dvendige sikkerhetsgarantiene, eller s\u00e5 vil vi i l\u00f8pet av de kommende ukene m\u00e5tte finne m\u00e5ter for Europa \u00e5 gjenoppta dialogen med Russland p\u00e5, med full \u00e5penhet og i samr\u00e5d med Ukraina, sa Macron til journalister i Brussel fredag.<\/p>\n<p>(\u00a9NTB)<\/p>\n","protected":false},"excerpt":{"rendered":"Det statlige nyhetsbyr\u00e5et RIA siterer Kremls talsperson Dmitrij Peskov p\u00e5 dette i uttalelser publisert s\u00f8ndag. \u2013 Dersom det&hellip;\n","protected":false},"author":2,"featured_media":118628,"comment_status":"","ping_status":"","sticky":false,"template":"","format":"standard","meta":{"footnotes":""},"categories":[12],"tags":[20,21,24,25,15,22,23,13,30,28,29,14,16,26,27,42,43,44,45],"class_list":{"0":"post-118627","1":"post","2":"type-post","3":"status-publish","4":"format-standard","5":"has-post-thumbnail","7":"category-verden","8":"tag-breaking-news","9":"tag-breakingnews","10":"tag-featured-news","11":"tag-featurednews","12":"tag-headlines","13":"tag-latest-news","14":"tag-latestnews","15":"tag-news","16":"tag-no","17":"tag-norge","18":"tag-norway","19":"tag-nyheter","20":"tag-overskrifter","21":"tag-top-stories","22":"tag-topstories","23":"tag-verden","24":"tag-world","25":"tag-world-news","26":"tag-worldnews"},"share_on_mastodon":{"url":"https:\/\/pubeurope.com\/@no\/115756007679342051","error":""},"_links":{"self":[{"href":"https:\/\/www.europesays.com\/no\/wp-json\/wp\/v2\/posts\/118627","targetHints":{"allow":["GET"]}}],"collection":[{"href":"https:\/\/www.europesays.com\/no\/wp-json\/wp\/v2\/posts"}],"about":[{"href":"https:\/\/www.europesays.com\/no\/wp-json\/wp\/v2\/types\/post"}],"author":[{"embeddable":true,"href":"https:\/\/www.europesays.com\/no\/wp-json\/wp\/v2\/users\/2"}],"replies":[{"embeddable":true,"href":"https:\/\/www.europesays.com\/no\/wp-json\/wp\/v2\/comments?post=118627"}],"version-history":[{"count":0,"href":"https:\/\/www.europesays.com\/no\/wp-json\/wp\/v2\/posts\/118627\/revisions"}],"wp:featuredmedia":[{"embeddable":true,"href":"https:\/\/www.europesays.com\/no\/wp-json\/wp\/v2\/media\/118628"}],"wp:attachment":[{"href":"https:\/\/www.europesays.com\/no\/wp-json\/wp\/v2\/media?parent=118627"}],"wp:term":[{"taxonomy":"category","embeddable":true,"href":"https:\/\/www.europesays.com\/no\/wp-json\/wp\/v2\/categories?post=118627"},{"taxonomy":"post_tag","embeddable":true,"href":"https:\/\/www.europesays.com\/no\/wp-json\/wp\/v2\/tags?post=118627"}],"curies":[{"name":"wp","href":"https:\/\/api.w.org\/{rel}","templated":true}]}}