{"id":118629,"date":"2025-12-21T05:54:25","date_gmt":"2025-12-21T05:54:25","guid":{"rendered":"https:\/\/www.europesays.com\/no\/118629\/"},"modified":"2025-12-21T05:54:25","modified_gmt":"2025-12-21T05:54:25","slug":"vestfold-dette-er-arets-mest-populaere-julegaver-tonsbergs-blad","status":"publish","type":"post","link":"https:\/\/www.europesays.com\/no\/118629\/","title":{"rendered":"Vestfold | Dette er \u00e5rets mest popul\u00e6re julegaver &#8211; T\u00f8nsbergs Blad"},"content":{"rendered":"<ol>\n<li><a href=\"https:\/\/news.google.com\/rss\/articles\/CBMie0FVX3lxTFBjeUJXMDJWT0JDY19BY0ZqMlhMb2RBMFRFQ2g5TGI0RWRLRzdIbWtwbjBucnQySEZKZFpyUl9zeXBic2JXXzI2UnYtRWdwNklvOVI1M3cxM1NUYkpiclRxX0VUUU50RGZvVlFRODlXVXJBUHZZLUdWWUl4RQ?oc=5\" target=\"_blank\" rel=\"nofollow noopener\">Vestfold | Dette er \u00e5rets mest popul\u00e6re julegaver<\/a>&nbsp;&nbsp;T\u00f8nsbergs Blad<\/li>\n<li><a href=\"https:\/\/news.google.com\/rss\/articles\/CBMitwFBVV95cUxPVjU2aEQxVVVKZjZSWlRxRU5WYXVUS0NqT3ZJWlNsTlJLeGJ6UkJRQnhwNWxscTlJRXVmUFN2LVBGNXZubHdGT3FzcTBlUThQYW1JNFZpSERoeklfdDJpdjBpdFV4Sy02TTl2bUg3VXZwQ2VwQTFDZWltaFdRN05FVndtUUtnR2xFdVZLS0hvQmtzeWNMQ1N1alBBT2JrZTdBbjRBZ0EtaktIWVlLS09NTm1DdHl0aGs?oc=5\" target=\"_blank\" rel=\"nofollow noopener\">Tydelig \u00f8nskeliste-endring for nordmenn<\/a>&nbsp;&nbsp;adressa.no<\/li>\n<li><a href=\"https:\/\/news.google.com\/rss\/articles\/CBMiggFBVV95cUxOYUswMHIzWllsOXVRalpLVGJBXy1JM1NXMGZmMllnSlBuMWg0Z0ZtbzZBNGZMM19mZzBYN3hwOFpxaGRnSHVHd0pqOGlwaVBaQVhfQkplRUFDU0lURVdJOGJvSEJlZWlwaUtSbUZNRWNESUpkeGl5eFFyTFM2b0lJbUZR?oc=5\" target=\"_blank\" rel=\"nofollow noopener\">Dette f\u00e5r du i juleg\u00e5ve i \u00e5r<\/a>&nbsp;&nbsp;fjordabladet.no<\/li>\n<li><a href=\"https:\/\/news.google.com\/rss\/articles\/CBMiiwFBVV95cUxPWDJPaWNfMVhOSTFiS0xBVEZscklDZkZHRk9wSXNZU0otMC11eHpjNWdsd2JFMXJIRFNTSDhQMEVjbDJJdnZwVEVySzhubVoyZXJKbE5Wd2N6X1g1ckxDRmkzcUhDc1ZWQUF5NGpXekhKZ3JWMWw3VVlFVHZXOExHMlRiLV9BMzBHclhJ?oc=5\" target=\"_blank\" rel=\"nofollow noopener\">SSB: Dette f\u00e5r du i julegave i \u00e5r<\/a>&nbsp;&nbsp;fosna-folket.no<\/li>\n<li><a href=\"https:\/\/news.google.com\/rss\/articles\/CBMiqgFBVV95cUxPQkNoTUVNckRNNF9sX1lTYVJHR2ZHUUZvTU5qR1NNa1ZacUFkYk1iRXJ4SXR2anE3dzlnM2NiQlNqYWV0UXpKLWJtU2s4OUFVa3I3UjZCQWQ5dzZWeFhvNllfNG9nRExCUFNOcEdrSDY5LUJzM0l3SkZXS0hUdzRFVjZjWjdkNUo1Nl9hdzA2bkVQNmxpd3VodlpBdTM0SWdoVERKUFJYTUE3QQ?oc=5\" target=\"_blank\" rel=\"nofollow noopener\">Tydeleg endring dei siste \u00e5ra \u2013 dette \u00f8nskjer nordmenn seg til jul<\/a>&nbsp;&nbsp;stord24.no<\/li>\n<\/ol>\n","protected":false},"excerpt":{"rendered":"Vestfold | Dette er \u00e5rets mest popul\u00e6re julegaver&nbsp;&nbsp;T\u00f8nsbergs Blad Tydelig \u00f8nskeliste-endring for nordmenn&nbsp;&nbsp;adressa.no Dette f\u00e5r du i juleg\u00e5ve&hellip;\n","protected":false},"author":2,"featured_media":118630,"comment_status":"","ping_status":"","sticky":false,"template":"","format":"standard","meta":{"footnotes":""},"categories":[10],"tags":[20,21,24,25,15,22,23,13,30,28,29,14,16,26,27],"class_list":{"0":"post-118629","1":"post","2":"type-post","3":"status-publish","4":"format-standard","5":"has-post-thumbnail","7":"category-norge","8":"tag-breaking-news","9":"tag-breakingnews","10":"tag-featured-news","11":"tag-featurednews","12":"tag-headlines","13":"tag-latest-news","14":"tag-latestnews","15":"tag-news","16":"tag-no","17":"tag-norge","18":"tag-norway","19":"tag-nyheter","20":"tag-overskrifter","21":"tag-top-stories","22":"tag-topstories"},"share_on_mastodon":{"url":"https:\/\/pubeurope.com\/@no\/115756011567997213","error":""},"_links":{"self":[{"href":"https:\/\/www.europesays.com\/no\/wp-json\/wp\/v2\/posts\/118629","targetHints":{"allow":["GET"]}}],"collection":[{"href":"https:\/\/www.europesays.com\/no\/wp-json\/wp\/v2\/posts"}],"about":[{"href":"https:\/\/www.europesays.com\/no\/wp-json\/wp\/v2\/types\/post"}],"author":[{"embeddable":true,"href":"https:\/\/www.europesays.com\/no\/wp-json\/wp\/v2\/users\/2"}],"replies":[{"embeddable":true,"href":"https:\/\/www.europesays.com\/no\/wp-json\/wp\/v2\/comments?post=118629"}],"version-history":[{"count":0,"href":"https:\/\/www.europesays.com\/no\/wp-json\/wp\/v2\/posts\/118629\/revisions"}],"wp:featuredmedia":[{"embeddable":true,"href":"https:\/\/www.europesays.com\/no\/wp-json\/wp\/v2\/media\/118630"}],"wp:attachment":[{"href":"https:\/\/www.europesays.com\/no\/wp-json\/wp\/v2\/media?parent=118629"}],"wp:term":[{"taxonomy":"category","embeddable":true,"href":"https:\/\/www.europesays.com\/no\/wp-json\/wp\/v2\/categories?post=118629"},{"taxonomy":"post_tag","embeddable":true,"href":"https:\/\/www.europesays.com\/no\/wp-json\/wp\/v2\/tags?post=118629"}],"curies":[{"name":"wp","href":"https:\/\/api.w.org\/{rel}","templated":true}]}}