{"id":118631,"date":"2025-12-21T05:56:40","date_gmt":"2025-12-21T05:56:40","guid":{"rendered":"https:\/\/www.europesays.com\/no\/118631\/"},"modified":"2025-12-21T05:56:40","modified_gmt":"2025-12-21T05:56:40","slug":"haaland-gir-gave-til-hareides-barnebarn-3","status":"publish","type":"post","link":"https:\/\/www.europesays.com\/no\/118631\/","title":{"rendered":"Haaland gir gave til Hareides barnebarn:"},"content":{"rendered":"<p class=\"no_italic m-no_italic\" data-lab-italic=\"\">Torsdag denne uken kom nyheten om at det norske fotballikonet \u00c5ge Hareide var d\u00f8d, 72 \u00e5r gammel.<\/p>\n<p>Etter seieren over West Ham benyttet Erling Braut Haaland til \u00e5 si noen ord om Hareides betynding.<\/p>\n<p data-lab-font_weight=\"bold\" class=\"bold m-bold\">\u2013 Han er en stor fotballfigur for oss nordmenn, men ogs\u00e5 for hele Skandinavia. Det blir et stort savn for han var en b\u00e6rebjelke, sier han til Viaplay, og fortsetter:<\/p>\n<p>\u2013 Han var ogs\u00e5 f\u00f8rste nordmann i City, s\u00e5 det er selvsagt litt ekstra spesielt. Jeg kondolerer s\u00e5 mye til familien.<\/p>\n<p>Samtidig gj\u00f8r han er r\u00f8rende gest til familien.<\/p>\n<p>Drakten fra kampen l\u00f8rdagens kamp blir gitt i gave til Hareides barnebarn.\u00a0<\/p>\n<p>\u2013 Det er stolte barnebarn som synes det er veldig stas at Erling gir dem drakten, forteller Bendik Hareide til <a href=\"https:\/\/www.nrk.no\/sport\/haaland-med-gave-til-hareides-barnebarn_-_-veldig-stas-1.17701364\" style=\"letter-spacing: 0.01em;\" rel=\"nofollow noopener\" target=\"_blank\">NRK<\/a>.<\/p>\n<p>\u2013 Jeg tenkte det var en fin ting \u00e5 gj\u00f8re. S\u00e5 de skal f\u00e5 den signert, sier Haaland selv etter kampen.<\/p>\n<p>I 1981 ble Hareide den andre nordmannen i moderne tid til \u00e5 spille profesjonell fotball i England, og den f\u00f8rste nordmannen til \u00e5 spille for Manchester City.<\/p>\n<p>\u2013 Manchester City er i sorg over \u00e5 ha f\u00e5tt vite at \u00c5ge Hareide, klubbens f\u00f8rste norske spiller, har g\u00e5tt bort, 72 \u00e5r gammel. \u00c5ge spilte 24 kamper for klubben fra 1981 til 1982 og trente senere Norge, Danmark og Island i l\u00f8pet av en utrolig 54 \u00e5r lang karriere som spiller og trener, skrev\u00a0<a href=\"https:\/\/x.com\/ManCity\/status\/2001775905052717315\" rel=\"nofollow\">Manchester City<\/a>\u00a0torsdag kveld.<\/p>\n<p>Passerte legende<\/p>\n<p>P\u00e5 banen fortsetter Haaland storspillet.<\/p>\n<p>Det tok kun seks minutter f\u00f8r Erling Braut Haaland noterte seg p\u00e5 scoringslisten.<\/p>\n<p>J\u00e6rbuen ble servert av Phil Foden, men trengte to fors\u00f8k p\u00e5 \u00e5 sette ballen i m\u00e5l.<\/p>\n<p>Etter 38 minutter var superspissen servit\u00f8r da\u00a0Tijjani Reijnders doblet ledelsen.<\/p>\n<p>        <img class=\"image__img lazyload\" itemprop=\"image\" title=\"Foto: Phil Noble \/ Reuters \/ NTB\" alt=\"PASSERTE LEGENDE: N\u00e5 har Haaland scoret flere enn Ronaldo i Premier League. Foto: Phil Noble \/ Reuters \/ NTB\" width=\"978\" height=\"551\" bad-src=\"https:\/\/www.europesays.com\/no\/wp-content\/uploads\/2025\/12\/1766296600_940_18403764.webp\" fetchpriority=\"auto\" \/><\/p>\n<p>      PASSERTE LEGENDE: N\u00e5 har Haaland scoret flere enn Ronaldo i Premier League.<br \/>\n         Foto: Phil Noble \/ Reuters \/ NTB<\/p>\n<p>Over i andre omgang pirket j\u00e6rbuen inn sitt andre for kvelden, og sin 104. PL-scoring.<\/p>\n<p>Dermed passerte han Cristiano Ronaldo p\u00e5 listen over tidenes toppscorere i verdens gjeveste liga.<\/p>\n<p>N\u00e5 er han nummer 32 p\u00e5 listen, med samme antall m\u00e5l som Didier Drogba.<\/p>\n<p>Med 3-0-seier inntar City tabelltopp og setter press p\u00e5 Arsenal som m\u00f8ter Everton i kveld.<\/p>\n","protected":false},"excerpt":{"rendered":"Torsdag denne uken kom nyheten om at det norske fotballikonet \u00c5ge Hareide var d\u00f8d, 72 \u00e5r gammel. Etter&hellip;\n","protected":false},"author":2,"featured_media":118325,"comment_status":"","ping_status":"","sticky":false,"template":"","format":"standard","meta":{"footnotes":""},"categories":[59],"tags":[30,28,29,83,82],"class_list":{"0":"post-118631","1":"post","2":"type-post","3":"status-publish","4":"format-standard","5":"has-post-thumbnail","7":"category-sport","8":"tag-no","9":"tag-norge","10":"tag-norway","11":"tag-sport","12":"tag-sports"},"share_on_mastodon":{"url":"https:\/\/pubeurope.com\/@no\/115756019472561775","error":""},"_links":{"self":[{"href":"https:\/\/www.europesays.com\/no\/wp-json\/wp\/v2\/posts\/118631","targetHints":{"allow":["GET"]}}],"collection":[{"href":"https:\/\/www.europesays.com\/no\/wp-json\/wp\/v2\/posts"}],"about":[{"href":"https:\/\/www.europesays.com\/no\/wp-json\/wp\/v2\/types\/post"}],"author":[{"embeddable":true,"href":"https:\/\/www.europesays.com\/no\/wp-json\/wp\/v2\/users\/2"}],"replies":[{"embeddable":true,"href":"https:\/\/www.europesays.com\/no\/wp-json\/wp\/v2\/comments?post=118631"}],"version-history":[{"count":0,"href":"https:\/\/www.europesays.com\/no\/wp-json\/wp\/v2\/posts\/118631\/revisions"}],"wp:featuredmedia":[{"embeddable":true,"href":"https:\/\/www.europesays.com\/no\/wp-json\/wp\/v2\/media\/118325"}],"wp:attachment":[{"href":"https:\/\/www.europesays.com\/no\/wp-json\/wp\/v2\/media?parent=118631"}],"wp:term":[{"taxonomy":"category","embeddable":true,"href":"https:\/\/www.europesays.com\/no\/wp-json\/wp\/v2\/categories?post=118631"},{"taxonomy":"post_tag","embeddable":true,"href":"https:\/\/www.europesays.com\/no\/wp-json\/wp\/v2\/tags?post=118631"}],"curies":[{"name":"wp","href":"https:\/\/api.w.org\/{rel}","templated":true}]}}