{"id":118634,"date":"2025-12-21T06:03:37","date_gmt":"2025-12-21T06:03:37","guid":{"rendered":"https:\/\/www.europesays.com\/no\/118634\/"},"modified":"2025-12-21T06:03:37","modified_gmt":"2025-12-21T06:03:37","slug":"aleksander-aamodt-kilde-alpint-aleksander-aamodt-kilde-star-over-renn-velger-a-ta-en-smart-avgjorelse","status":"publish","type":"post","link":"https:\/\/www.europesays.com\/no\/118634\/","title":{"rendered":"Aleksander Aamodt Kilde, Alpint | Aleksander Aamodt Kilde st\u00e5r over renn: \u2013 Velger \u00e5 ta en smart avgj\u00f8relse"},"content":{"rendered":"\n<p>\u2013 Jeg valgte ikke kj\u00f8re i dag, rett og slett. Jeg v\u00e5knet i morges og hadde ikke den f\u00f8lelsen jeg \u00f8nsket. Det var en lang dag i g\u00e5r, og jeg er ikke p\u00e5 et sted der jeg vil ta risiko, sier Kilde til Viaplay.<\/p>\n<p>Kilde peker blant annet p\u00e5 at utforen i Val Gardena er teknisk og risikofylt. Det kommer i tillegg til at han tidligere i uken har kj\u00f8rt to renn i den t\u00f8ffe traseen.<\/p>\n<p><b>Les ogs\u00e5:<\/b> <a href=\"https:\/\/www.nettavisen.no\/sport\/jake-paul-bekrefter-to-brudd-i-kjeven-etter-tap-pa-knockout-mot-anthony-joshua\/s\/5-95-2791071\" rel=\"Follow nofollow noopener\" target=\"_blank\">Bekrefter store skader<\/a><\/p>\n<p>\u2013 Du m\u00e5 v\u00e6re ordentlig klar, og det er jeg ikke. Jeg har ikke f\u00e5tt nok kilometer med lange ski p\u00e5 beina, s\u00e5 jeg velger \u00e5 ta en smart avgj\u00f8relse denne gangen, s\u00e5 f\u00e5r vi pr\u00f8ve neste gang, legger han til.<\/p>\n<p>Kilde har v\u00e6rt sv\u00e6rt skadeplaget siden han falt stygt i Wengen i januar 2024. Nylig gjorde han comeback etter 684 dager.<\/p>\n<p>\u2013 Jeg har sagt at jeg skal v\u00e6re \u00e6rlig med meg selv, og det er jeg n\u00e5, sier Kilde.<\/p>\n<p><b>Les ogs\u00e5:<\/b> <a href=\"https:\/\/www.nettavisen.no\/sport\/hemmelighetsfull-warholm-om-sivilstatusen-ingen-kommentar\/s\/5-95-2786957\" rel=\"Follow nofollow noopener\" target=\"_blank\">Warholm hemmelighetsfull om sivilstatusen<\/a><\/p>\n<p>Om to m\u00e5neder er det OL i Italia. <\/p>\n<p>Neste fartsrenn kommer i midten av januar. Da venter Kildes f\u00f8rste m\u00f8te med Wengen siden ulykken for n\u00e6r to \u00e5r siden.<\/p>\n<p>(\u00a9NTB)<\/p>\n","protected":false},"excerpt":{"rendered":"\u2013 Jeg valgte ikke kj\u00f8re i dag, rett og slett. Jeg v\u00e5knet i morges og hadde ikke den&hellip;\n","protected":false},"author":2,"featured_media":118635,"comment_status":"","ping_status":"","sticky":false,"template":"","format":"standard","meta":{"footnotes":""},"categories":[59],"tags":[30,28,29,83,82],"class_list":{"0":"post-118634","1":"post","2":"type-post","3":"status-publish","4":"format-standard","5":"has-post-thumbnail","7":"category-sport","8":"tag-no","9":"tag-norge","10":"tag-norway","11":"tag-sport","12":"tag-sports"},"share_on_mastodon":{"url":"https:\/\/pubeurope.com\/@no\/115756046936383842","error":""},"_links":{"self":[{"href":"https:\/\/www.europesays.com\/no\/wp-json\/wp\/v2\/posts\/118634","targetHints":{"allow":["GET"]}}],"collection":[{"href":"https:\/\/www.europesays.com\/no\/wp-json\/wp\/v2\/posts"}],"about":[{"href":"https:\/\/www.europesays.com\/no\/wp-json\/wp\/v2\/types\/post"}],"author":[{"embeddable":true,"href":"https:\/\/www.europesays.com\/no\/wp-json\/wp\/v2\/users\/2"}],"replies":[{"embeddable":true,"href":"https:\/\/www.europesays.com\/no\/wp-json\/wp\/v2\/comments?post=118634"}],"version-history":[{"count":0,"href":"https:\/\/www.europesays.com\/no\/wp-json\/wp\/v2\/posts\/118634\/revisions"}],"wp:featuredmedia":[{"embeddable":true,"href":"https:\/\/www.europesays.com\/no\/wp-json\/wp\/v2\/media\/118635"}],"wp:attachment":[{"href":"https:\/\/www.europesays.com\/no\/wp-json\/wp\/v2\/media?parent=118634"}],"wp:term":[{"taxonomy":"category","embeddable":true,"href":"https:\/\/www.europesays.com\/no\/wp-json\/wp\/v2\/categories?post=118634"},{"taxonomy":"post_tag","embeddable":true,"href":"https:\/\/www.europesays.com\/no\/wp-json\/wp\/v2\/tags?post=118634"}],"curies":[{"name":"wp","href":"https:\/\/api.w.org\/{rel}","templated":true}]}}