{"id":118636,"date":"2025-12-21T06:08:34","date_gmt":"2025-12-21T06:08:34","guid":{"rendered":"https:\/\/www.europesays.com\/no\/118636\/"},"modified":"2025-12-21T06:08:34","modified_gmt":"2025-12-21T06:08:34","slug":"regjeringen-vil-gjennomfore-eus-rensekrav-teknisk-ukeblad","status":"publish","type":"post","link":"https:\/\/www.europesays.com\/no\/118636\/","title":{"rendered":"Regjeringen vil gjennomf\u00f8re EUs rensekrav &#8211; Teknisk Ukeblad"},"content":{"rendered":"<ol>\n<li><a href=\"https:\/\/news.google.com\/rss\/articles\/CBMigAFBVV95cUxONDhhRm1kTF9xOVNmY201a2ZicnBjaW9WWXdMOFFiTjYwcjBzWGZsclV0b3BEaV9MZTVNYXdKUmlaM0RuTl9WYmFvek9ZNGdCaERoSERjS0ZYNGZSd3JNWlBMdFYzTC1NOGpxWlM3ZldQTmRaOVRyZkNBMjRONllscg?oc=5\" target=\"_blank\" rel=\"nofollow noopener\">Regjeringen vil gjennomf\u00f8re EUs rensekrav<\/a>&nbsp;&nbsp;Teknisk Ukeblad<\/li>\n<li><a href=\"https:\/\/news.google.com\/rss\/articles\/CBMiaEFVX3lxTE9aZG5wOElyUF8ySGd4cm4xYk1BRG42VDR1WFR3a0tXa1c5alBOT3BDelBFMFV3WHRrOVZPY0JaS2E3UXpTRWE5ekdJMWQ0dnVTSHJaQzR0NHE1RjhheDUyOWY2Z3ExSVY2?oc=5\" target=\"_blank\" rel=\"nofollow noopener\">&#8211; Penger ned i do<\/a>&nbsp;&nbsp;Dagbladet<\/li>\n<li><a href=\"https:\/\/news.google.com\/rss\/articles\/CBMixgFBVV95cUxPVzlzX0drSnQyRnBrUHZtd2RWbnUtUjFoQ1gtMlF6dnFEbjhhZkprVnhlV3NIOWZHQks1ZmZ5RkVFWTVjMlRYUVRTajZfUGhHZnU2RzB5NU9CUHM1eGEzWWpZQjVPam8tV1NlT2poY0VSRHh2eVQtVlczcF9jTk9paVBBc2FKY25HOHBTdC1ET2ZhanQydFcwamdnaHNteFp6WjhlNEVqRWI2dWZMd2RRWmlJdEx2NmFidVhiX2FQXy01NFBBOHc?oc=5\" target=\"_blank\" rel=\"nofollow noopener\">EUs avl\u00f8psdirektiv, Vann | Regjeringen vil gjennomf\u00f8re EU-direktiv som kan gi befolkningen regning p\u00e5 33 milliarder<\/a>&nbsp;&nbsp;Nationen<\/li>\n<li><a href=\"https:\/\/news.google.com\/rss\/articles\/CBMixwFBVV95cUxPRVdFUks1eWY1SGhMTXBLMUZHTDNKenNNX0dwZkZXdXBha2RVeGZDcl9SSlZELU9qT1BzOGdsdkNBbHVWcWRTS1JkOGpueGxkc3ZNcUF1STlvV1VwZ1NGbk9ZbnRYeENlWVpNam5rZ3h2ZVM3aER1UHE1QmFyS2NldkJWSDloUnVnY0xiNVJoYlZ1RnZpQ2JvNFNwU0dPUm9Mdmk0RlNlVHVwTVo1YkdRSElBVXliUW9ZSGtfRHVaQXcteWZJeEZr?oc=5\" target=\"_blank\" rel=\"nofollow noopener\">Regjeringa vil innf\u00f8ra kontroversielle kloakk-krav fr\u00e5 EU: \u2013 Pengar ned i do, seier Frp<\/a>&nbsp;&nbsp;Vikebladet.no<\/li>\n<li><a href=\"https:\/\/news.google.com\/rss\/articles\/CBMiigFBVV95cUxPcThybHEyM0VmM1JhRVFMZFlPSUU5c1pTX1pqdEI2a2JZZlVaSUJRR3l1akxLYXhYX0t1Y1VLUGZpeHFrak1oN01fU0ZmRWFZbmxHckZuRktCQ29FdEJSZXJaTVVPYXB6R05YbUxDMmprakU3cjB1aWZ0cEVBYnVjU25qM25BVGctSHc?oc=5\" target=\"_blank\" rel=\"nofollow noopener\">Nytt avl\u00f8psdirektiv er bokstavelig talt penger ned i do<\/a>&nbsp;&nbsp;Fremskrittspartiet &#8211; FrP<\/li>\n<\/ol>\n","protected":false},"excerpt":{"rendered":"Regjeringen vil gjennomf\u00f8re EUs rensekrav&nbsp;&nbsp;Teknisk Ukeblad &#8211; Penger ned i do&nbsp;&nbsp;Dagbladet EUs avl\u00f8psdirektiv, Vann | Regjeringen vil gjennomf\u00f8re&hellip;\n","protected":false},"author":2,"featured_media":118637,"comment_status":"","ping_status":"","sticky":false,"template":"","format":"standard","meta":{"footnotes":""},"categories":[10],"tags":[14218,20,21,24,25,15,7098,22,23,13,30,28,29,14,16,26,27,14219,1507],"class_list":{"0":"post-118636","1":"post","2":"type-post","3":"status-publish","4":"format-standard","5":"has-post-thumbnail","7":"category-norge","8":"tag-avlop","9":"tag-breaking-news","10":"tag-breakingnews","11":"tag-featured-news","12":"tag-featurednews","13":"tag-headlines","14":"tag-infrastruktur","15":"tag-latest-news","16":"tag-latestnews","17":"tag-news","18":"tag-no","19":"tag-norge","20":"tag-norway","21":"tag-nyheter","22":"tag-overskrifter","23":"tag-top-stories","24":"tag-topstories","25":"tag-va","26":"tag-vann-og-avlop"},"share_on_mastodon":{"url":"https:\/\/pubeurope.com\/@no\/115756066581741925","error":""},"_links":{"self":[{"href":"https:\/\/www.europesays.com\/no\/wp-json\/wp\/v2\/posts\/118636","targetHints":{"allow":["GET"]}}],"collection":[{"href":"https:\/\/www.europesays.com\/no\/wp-json\/wp\/v2\/posts"}],"about":[{"href":"https:\/\/www.europesays.com\/no\/wp-json\/wp\/v2\/types\/post"}],"author":[{"embeddable":true,"href":"https:\/\/www.europesays.com\/no\/wp-json\/wp\/v2\/users\/2"}],"replies":[{"embeddable":true,"href":"https:\/\/www.europesays.com\/no\/wp-json\/wp\/v2\/comments?post=118636"}],"version-history":[{"count":0,"href":"https:\/\/www.europesays.com\/no\/wp-json\/wp\/v2\/posts\/118636\/revisions"}],"wp:featuredmedia":[{"embeddable":true,"href":"https:\/\/www.europesays.com\/no\/wp-json\/wp\/v2\/media\/118637"}],"wp:attachment":[{"href":"https:\/\/www.europesays.com\/no\/wp-json\/wp\/v2\/media?parent=118636"}],"wp:term":[{"taxonomy":"category","embeddable":true,"href":"https:\/\/www.europesays.com\/no\/wp-json\/wp\/v2\/categories?post=118636"},{"taxonomy":"post_tag","embeddable":true,"href":"https:\/\/www.europesays.com\/no\/wp-json\/wp\/v2\/tags?post=118636"}],"curies":[{"name":"wp","href":"https:\/\/api.w.org\/{rel}","templated":true}]}}