{"id":118651,"date":"2025-12-21T06:52:14","date_gmt":"2025-12-21T06:52:14","guid":{"rendered":"https:\/\/www.europesays.com\/no\/118651\/"},"modified":"2025-12-21T06:52:14","modified_gmt":"2025-12-21T06:52:14","slug":"nyhet-blindeforbundet-sarpinger-gir-tilbake-driver-fotballskole-i-sor-afrika","status":"publish","type":"post","link":"https:\/\/www.europesays.com\/no\/118651\/","title":{"rendered":"Nyhet, Blindeforbundet | Sarpinger gir tilbake: Driver fotballskole i S\u00f8r-Afrika"},"content":{"rendered":"\n<p>For et par \u00e5r siden reiste en gjeng fra Sarpsborg til S\u00f8r-Afrika sammen med Blindeforbundet. Turen tok dem til townshipen Masipumelele utenfor Cape Town, hvor de ble m\u00f8tt med \u00e5pne armer av lokalbefolkningen. Til tross for sv\u00e6rt enkle levek\u00e5r, opplevde de en glede og gjestfrihet som gjorde sterkt inntrykk.<\/p>\n<p>\u2013 For oss som bor s\u00e5 godt i Norge, var det et sjokk \u00e5 se forholdene de lever under, samtidig som de er s\u00e5 positive, forteller Andreas Solstad Poppe til Sarpsborg Arbeiderblad.<\/p>\n<p>Han er daglig leder i Blindeforbundet i \u00d8stfold, som var med p\u00e5 \u00e5 arrangere turen.<\/p>\n<p>   <img decoding=\"async\" width=\"640\" height=\"472\" fetchpriority=\"low\"  loading=\"lazy\"  src=\"https:\/\/www.europesays.com\/no\/wp-content\/uploads\/2025\/12\/image001.jpg\" alt=\"\" class=\"brick-c-cFOWSL\" style=\"--brick-image-ratio: 640 \/ 472;\"\/><\/p>\n<p>      En gjeng fra blindeforbundet p\u00e5 tur i S\u00f8r-Afrika.<br \/>\n      Foto: Privat\n    <\/p>\n<p>  Ville lykkes<\/p>\n<p>Da gruppen skulle reise hjem, spurte de om det var noe de kunne gj\u00f8re for \u00e5 hjelpe.<\/p>\n<p>Svaret kom raskt. Mama Yandi, som hadde ansvar for den lokale skolen, fortalte at de lenge hadde fors\u00f8kt \u00e5 skaffe midler til en fotballskole for barna \u2013 uten \u00e5 lykkes. Sarpingene bestemte seg for \u00e5 gj\u00f8re et fors\u00f8k og startet en spleis.<\/p>\n<p>I dag, to \u00e5r senere, finansierer de fortsatt fotballskolen. Barna f\u00e5r trene to ganger i uka, med to faste trenere til stede. De f\u00e5r ogs\u00e5 mat og drikke p\u00e5 treningene \u2013 et viktig pusterom i en hverdag preget av fattigdom og hardt arbeid.<\/p>\n<p>Stor utvikling<\/p>\n<p>Det var ogs\u00e5 viktig for initiativtakerne at jentene skulle f\u00e5 et tilbud. Derfor er det n\u00e5 startet en skole i nettball, en idrett som minner om basketball. Utviklingen har v\u00e6rt stor.<\/p>\n<p>Fra \u00e5 spille barbeint p\u00e5 en parkeringsplass, trener barna n\u00e5 p\u00e5 en ordentlig fotballbane ved Desmond Tutu-senteret. De har f\u00e5tt sko og utstyr \u2013 og ser nesten ut som proffer.<\/p>\n<p>\u2013 Dr\u00f8mmen er \u00e5 melde dem p\u00e5 Norway Cup en dag, sier Poppe.<\/p>\n<p>   <img decoding=\"async\" width=\"480\" height=\"640\" fetchpriority=\"low\"  loading=\"lazy\"  src=\"https:\/\/www.europesays.com\/no\/wp-content\/uploads\/2025\/12\/image002.jpg\" alt=\"\" class=\"brick-c-cFOWSL\" style=\"--brick-image-ratio: 480 \/ 640;\"\/><\/p>\n<p>      Selma (i midten)st\u00e5r sammen med to av jentene som n\u00e5 spiller nettball. De har f\u00e5tt sm\u00e5 f\u00f8rerhunder \u00e5 leke med.<br \/>\n      Foto: Privat\n    <\/p>\n<p>  Trenger 30.000 kroner<\/p>\n<p>Likevel er framtiden usikker.<\/p>\n<p>\u2013 Det er alltid skummelt \u00e5 sette i gang et prosjekt uten \u00e5 vite om det kan fortsette \u00e5ret etter. Det hadde v\u00e6rt en nedtur om skolen m\u00e5tte legge ned n\u00e5, sier Poppe.<\/p>\n<p>N\u00e5 h\u00e5per han at flere sarpinger vil bidra. M\u00e5let er \u00e5 samle inn 30.000 kroner \u2013 nok til \u00e5 sikre ett \u00e5rs drift for fotball- og nettballskolen.<\/p>\n<p>\u2013 Kanskje noen har litt igjen etter julegavehandelen og kan avse noen kroner, h\u00e5per Andreas Solstad Poppe.<\/p>\n<p>   <img decoding=\"async\" width=\"640\" height=\"480\" fetchpriority=\"low\"  loading=\"lazy\"  src=\"https:\/\/www.europesays.com\/no\/wp-content\/uploads\/2025\/12\/image003_1.jpg\" alt=\"\" class=\"brick-c-cFOWSL\" style=\"--brick-image-ratio: 640 \/ 480;\"\/><\/p>\n<p>      Lokallagsleder Grethe Knudsen ( i midten) sammen med datter Stine og ledsager Marianne p\u00e5 Kapp det gode h\u00e5p i S\u00f8r-Afrika.<br \/>\n      Foto: Privat\n    <\/p>\n<p>  <a href=\"https:\/\/www.sa.no\/5-46-1905266\" class=\"related-teaser has-image default-story-teaser article--c-eRUmMG article--c-eRUmMG-jKCPdD-design-default\" rel=\"nofollow noopener\" target=\"_blank\"><\/p>\n<p>    <img decoding=\"async\" loading=\"lazy\"  src=\"https:\/\/www.europesays.com\/no\/wp-content\/uploads\/2025\/12\/IMG_0952_2.jpg\" alt=\"\" class=\"brick-c-cFOWSL\" style=\"\"\/><\/p>\n<p>\n            Les ogs\u00e5<\/p>\n<p>              Pris til de frivillige: \u2013 De er positive til alt, og smiler til og med n\u00e5r de t\u00f8mmer utedoen\n        <\/p>\n<p>  <\/a><\/p>\n<p>  <a href=\"https:\/\/www.sa.no\/5-46-1589806\" class=\"related-teaser has-image default-story-teaser article--c-eRUmMG article--c-eRUmMG-jKCPdD-design-default\" rel=\"nofollow noopener\" target=\"_blank\"><\/p>\n<p>    <img decoding=\"async\" loading=\"lazy\"  src=\"https:\/\/www.europesays.com\/no\/wp-content\/uploads\/2025\/12\/IMG_8080.jpg\" alt=\"\" class=\"brick-c-cFOWSL\" style=\"\"\/><\/p>\n<p>\n            Les ogs\u00e5<\/p>\n<p>              Mener politikerne har manglet forst\u00e5else\n        <\/p>\n<p>  <\/a><\/p>\n<p>  <a href=\"https:\/\/www.sa.no\/5-46-1457713\" class=\"related-teaser has-image default-story-teaser article--c-eRUmMG article--c-eRUmMG-jKCPdD-design-default\" rel=\"nofollow noopener\" target=\"_blank\"><\/p>\n<p>    <img decoding=\"async\" loading=\"lazy\"  src=\"https:\/\/www.europesays.com\/no\/wp-content\/uploads\/2025\/12\/_V0A7252_1.jpg\" alt=\"\" class=\"brick-c-cFOWSL\" style=\"\"\/><\/p>\n<p>\n            Les ogs\u00e5<\/p>\n<p>              Beskriver en frustrerende hverdag: \u2013 F\u00e5r vondt i magen hver gang jeg m\u00e5 laste ned en app\n        <\/p>\n<p>  <\/a><\/p>\n<p>  <a href=\"https:\/\/www.sa.no\/5-46-1898790\" class=\"related-teaser has-image default-story-teaser article--c-eRUmMG article--c-eRUmMG-jKCPdD-design-default\" rel=\"nofollow noopener\" target=\"_blank\"><\/p>\n<p>    <img decoding=\"async\" loading=\"lazy\"  src=\"https:\/\/www.europesays.com\/no\/wp-content\/uploads\/2025\/12\/20251015-VM_L5477-Enhanced-NR.jpg\" alt=\"\" class=\"brick-c-cFOWSL\" style=\"\"\/><\/p>\n<p>\n            Les ogs\u00e5<\/p>\n<p>              Ikke blokker veien \u2013 det kan bli farlig\n        <\/p>\n<p>  <\/a><\/p>\n","protected":false},"excerpt":{"rendered":"For et par \u00e5r siden reiste en gjeng fra Sarpsborg til S\u00f8r-Afrika sammen med Blindeforbundet. Turen tok dem&hellip;\n","protected":false},"author":2,"featured_media":118652,"comment_status":"","ping_status":"","sticky":false,"template":"","format":"standard","meta":{"footnotes":""},"categories":[59],"tags":[36,14221,30,28,29,447,1984,7700,83,82,1510],"class_list":{"0":"post-118651","1":"post","2":"type-post","3":"status-publish","4":"format-standard","5":"has-post-thumbnail","7":"category-sport","8":"tag-art","9":"tag-blindeforbundet","10":"tag-no","11":"tag-norge","12":"tag-norway","13":"tag-nyhet","14":"tag-skole-og-oppvekst","15":"tag-sor-afrika","16":"tag-sport","17":"tag-sports","18":"tag-story"},"share_on_mastodon":{"url":"https:\/\/pubeurope.com\/@no\/115756239993168171","error":""},"_links":{"self":[{"href":"https:\/\/www.europesays.com\/no\/wp-json\/wp\/v2\/posts\/118651","targetHints":{"allow":["GET"]}}],"collection":[{"href":"https:\/\/www.europesays.com\/no\/wp-json\/wp\/v2\/posts"}],"about":[{"href":"https:\/\/www.europesays.com\/no\/wp-json\/wp\/v2\/types\/post"}],"author":[{"embeddable":true,"href":"https:\/\/www.europesays.com\/no\/wp-json\/wp\/v2\/users\/2"}],"replies":[{"embeddable":true,"href":"https:\/\/www.europesays.com\/no\/wp-json\/wp\/v2\/comments?post=118651"}],"version-history":[{"count":0,"href":"https:\/\/www.europesays.com\/no\/wp-json\/wp\/v2\/posts\/118651\/revisions"}],"wp:featuredmedia":[{"embeddable":true,"href":"https:\/\/www.europesays.com\/no\/wp-json\/wp\/v2\/media\/118652"}],"wp:attachment":[{"href":"https:\/\/www.europesays.com\/no\/wp-json\/wp\/v2\/media?parent=118651"}],"wp:term":[{"taxonomy":"category","embeddable":true,"href":"https:\/\/www.europesays.com\/no\/wp-json\/wp\/v2\/categories?post=118651"},{"taxonomy":"post_tag","embeddable":true,"href":"https:\/\/www.europesays.com\/no\/wp-json\/wp\/v2\/tags?post=118651"}],"curies":[{"name":"wp","href":"https:\/\/api.w.org\/{rel}","templated":true}]}}