{"id":118654,"date":"2025-12-21T07:17:10","date_gmt":"2025-12-21T07:17:10","guid":{"rendered":"https:\/\/www.europesays.com\/no\/118654\/"},"modified":"2025-12-21T07:17:10","modified_gmt":"2025-12-21T07:17:10","slug":"etterretningen-motsier-nato-narrativet-om-russland","status":"publish","type":"post","link":"https:\/\/www.europesays.com\/no\/118654\/","title":{"rendered":"Etterretningen motsier Nato-narrativet om Russland"},"content":{"rendered":"<p><strong>Direkt\u00f8ren for amerikansk etterretning, Tulsi Gabbard, g\u00e5r hardt ut mot det hun omtaler som \u00abkrigshissere i dypstaten\u00bb og vestlige medier.<\/strong><\/p>\n<p>I et innlegg p\u00e5 <a href=\"https:\/\/x.com\/TulsiGabbard\/status\/2002503405156151648\" rel=\"nofollow\">X<\/a> sent l\u00f8rdag hevder hun at det bevisst spres et feilaktig narrativ om Russlands intensjoner i Europa.<\/p>\n<p>\u2013 Krigshissere i dypstaten og deres propagandamedier fors\u00f8ker igjen \u00e5 undergrave president Trumps arbeid for \u00e5 skape fred i Ukraina \u2013 og i Europa \u2013 ved feilaktig \u00e5 hevde at amerikansk etterretning st\u00f8tter EU- og Nato-standpunktet om at Russland planlegger \u00e5 invadere og erobre Europa, skriver Gabbard.<\/p>\n<p>If\u00f8lge henne er etterretningens vurdering det motsatte.<\/p>\n<p>\u2013 Sannheten er at amerikansk etterretning mener Russland ikke engang har kapasitet til \u00e5 erobre og okkupere Ukraina, langt mindre Europa, hevder Gabbard.<\/p>\n<p>Innlegget ble raskt delt videre av Kirill Dmitrev, en av president Vladimir Putins spesialutsendinger. Han roser Gabbard for det han beskriver som \u00e5 avsl\u00f8re en krigshissende maktstruktur i Vesten.<\/p>\n<p>\u2013 Tulsi Gabbard dokumenterer ikke bare Obama- og Biden-administrasjonens rolle i \u00abRussland-bl\u00f8ffen\u00bb, men avsl\u00f8rer n\u00e5 ogs\u00e5 dypstatens krigsmaskineri som fors\u00f8ker \u00e5 piske opp frykt og bane vei for tredje verdenskrig gjennom antirussisk paranoia i Storbritannia og EU, skriver Dmitrev.<\/p>\n<p>Han legger til at \u00abfornuftige stemmer betyr noe\u00bb.<\/p>\n<blockquote class=\"twitter-tweet\" data-width=\"550\" data-dnt=\"true\">\n<p lang=\"en\" dir=\"ltr\">.<a href=\"https:\/\/twitter.com\/DNIGabbard?ref_src=twsrc%5Etfw\" rel=\"nofollow noopener\" target=\"_blank\">@DNIGabbard<\/a> is great not only for documenting the Obama\/Biden origins of the Russia hoax,but now for exposing the deep-state warmonger machinery trying to incite WW3 by fueling anti-Russian paranoia across the UK &amp; EU. Voices of reason matter\u2014restore sanity, peace, and security <a href=\"https:\/\/t.co\/NgZqbskZFl\" rel=\"nofollow\">https:\/\/t.co\/NgZqbskZFl<\/a><\/p>\n<p>\u2014 Kirill Dmitriev (@kadmitriev) <a href=\"https:\/\/twitter.com\/kadmitriev\/status\/2002523379002454067?ref_src=twsrc%5Etfw\" rel=\"nofollow noopener\" target=\"_blank\">December 20, 2025<\/a><\/p><\/blockquote>\n<p>Tidligere l\u00f8rdag gikk Dmitrev ogs\u00e5 i rette med det han omtaler som feilaktige p\u00e5stander i vestlige medier knyttet til diplomatiske kontakter mellom USA og Russland. I et innlegg svarer han p\u00e5 en artikkel i The Wall Street Journal om Donald Trumps spesialutsending Steve Witkoff.<\/p>\n<p>\u2013 Fakta: Russland foreslo ikke Fogel-utvekslingen \u2013 det var USA. Russland ba aldri Witkoff reise alene. Ingen kaviar, ingen gaver, <a href=\"https:\/\/x.com\/kadmitriev\/status\/2002432722892132651\" rel=\"nofollow\">skriver <\/a>Dmitrev.<\/p>\n<p>Han forsvarer Witkoff og omtaler ham som en sentral fredsakt\u00f8r.<\/p>\n<p>\u2013 Steve Witkoff er en stor fredsskaper. Han lyktes i Gaza og arbeider n\u00e5 intenst med Ukraina. Krigshissere har store mediebudsjetter og lav moral. Skam over WSJ, skriver Dmitrev, og hevder tidspunktet for artikkelen var ment \u00e5 undergrave fredssamtaler.<\/p>\n<p><script async src=\"https:\/\/platform.twitter.com\/widgets.js\" charset=\"utf-8\"><\/script><\/p>\n","protected":false},"excerpt":{"rendered":"Direkt\u00f8ren for amerikansk etterretning, Tulsi Gabbard, g\u00e5r hardt ut mot det hun omtaler som \u00abkrigshissere i dypstaten\u00bb og&hellip;\n","protected":false},"author":2,"featured_media":118655,"comment_status":"","ping_status":"","sticky":false,"template":"","format":"standard","meta":{"footnotes":""},"categories":[12],"tags":[20,21,274,24,25,15,179,22,23,13,30,28,29,14,16,188,26,27,14222,50,42,43,44,45],"class_list":{"0":"post-118654","1":"post","2":"type-post","3":"status-publish","4":"format-standard","5":"has-post-thumbnail","7":"category-verden","8":"tag-breaking-news","9":"tag-breakingnews","10":"tag-europa","11":"tag-featured-news","12":"tag-featurednews","13":"tag-headlines","14":"tag-krigen-i-ukraina","15":"tag-latest-news","16":"tag-latestnews","17":"tag-news","18":"tag-no","19":"tag-norge","20":"tag-norway","21":"tag-nyheter","22":"tag-overskrifter","23":"tag-russland","24":"tag-top-stories","25":"tag-topstories","26":"tag-tulsi-gabbard","27":"tag-usa","28":"tag-verden","29":"tag-world","30":"tag-world-news","31":"tag-worldnews"},"share_on_mastodon":{"url":"https:\/\/pubeurope.com\/@no\/115756337993561848","error":""},"_links":{"self":[{"href":"https:\/\/www.europesays.com\/no\/wp-json\/wp\/v2\/posts\/118654","targetHints":{"allow":["GET"]}}],"collection":[{"href":"https:\/\/www.europesays.com\/no\/wp-json\/wp\/v2\/posts"}],"about":[{"href":"https:\/\/www.europesays.com\/no\/wp-json\/wp\/v2\/types\/post"}],"author":[{"embeddable":true,"href":"https:\/\/www.europesays.com\/no\/wp-json\/wp\/v2\/users\/2"}],"replies":[{"embeddable":true,"href":"https:\/\/www.europesays.com\/no\/wp-json\/wp\/v2\/comments?post=118654"}],"version-history":[{"count":0,"href":"https:\/\/www.europesays.com\/no\/wp-json\/wp\/v2\/posts\/118654\/revisions"}],"wp:featuredmedia":[{"embeddable":true,"href":"https:\/\/www.europesays.com\/no\/wp-json\/wp\/v2\/media\/118655"}],"wp:attachment":[{"href":"https:\/\/www.europesays.com\/no\/wp-json\/wp\/v2\/media?parent=118654"}],"wp:term":[{"taxonomy":"category","embeddable":true,"href":"https:\/\/www.europesays.com\/no\/wp-json\/wp\/v2\/categories?post=118654"},{"taxonomy":"post_tag","embeddable":true,"href":"https:\/\/www.europesays.com\/no\/wp-json\/wp\/v2\/tags?post=118654"}],"curies":[{"name":"wp","href":"https:\/\/api.w.org\/{rel}","templated":true}]}}