{"id":118658,"date":"2025-12-21T07:45:14","date_gmt":"2025-12-21T07:45:14","guid":{"rendered":"https:\/\/www.europesays.com\/no\/118658\/"},"modified":"2025-12-21T07:45:14","modified_gmt":"2025-12-21T07:45:14","slug":"putins-krigsmal-i-ukraina-er-uendret","status":"publish","type":"post","link":"https:\/\/www.europesays.com\/no\/118658\/","title":{"rendered":"Putins krigsm\u00e5l i Ukraina er uendret"},"content":{"rendered":"\n<p class=\"_paragraph_o9xde_4 _paragraph_xtcu6_10 layout-component text-serif-m layout-normal text-serif-m layout-padded\">Dette gjelder ogs\u00e5 land som i dag er medlemmer av Nato, if\u00f8lge seks kilder med kjennskap til amerikansk etterretning som har uttalt seg til Reuters.<\/p>\n<p class=\"_paragraph_o9xde_4 _paragraph_xtcu6_10 layout-component text-serif-m layout-normal text-serif-m layout-padded\">Vurderingene gir et markant annet bilde enn det USAs president Donald Trump og hans fredsforhandlere for Ukraina har formidlet. De har sagt at Putin \u00f8nsker \u00e5 avslutte krigen. Den nyeste etterretningsrapporten stammer fra slutten av september, if\u00f8lge en av kildene.<\/p>\n<p class=\"_paragraph_o9xde_4 _paragraph_xtcu6_10 layout-component text-serif-m layout-normal text-serif-m layout-padded\">Etterretningen motsier ogs\u00e5 den russiske presidentens gjentatte avvisning av at han utgj\u00f8r en trussel mot Europa.<\/p>\n<p class=\"_paragraph_o9xde_4 _paragraph_xtcu6_10 layout-component text-serif-m layout-normal text-serif-m layout-padded\">If\u00f8lge kildene har de amerikanske vurderingene v\u00e6rt konsistente siden Russland innledet fullskala\u00adinvasjonen av Ukraina i 2022. De samsvarer i stor grad med vurderingene til europeiske ledere og etterretningstjenester, som mener Putin s\u00f8ker kontroll over hele Ukraina og territorier i tidligere \u00f8stblokkland, inkludert Nato-medlemmer.<\/p>\n<p>Putin vil ha mer<\/p>\n<p class=\"_paragraph_o9xde_4 _paragraph_xtcu6_10 layout-component text-serif-m layout-normal text-serif-m layout-padded\">\u2013 Etterretningen har alltid v\u00e6rt at Putin vil ha mer, sier Mike Quigley, demokratisk medlem av Representantenes hus\u2019 etterretningskomit\u00e9, i et intervju med Reuters.<\/p>\n<p class=\"_paragraph_o9xde_4 _paragraph_xtcu6_10 layout-component text-serif-m layout-normal text-serif-m layout-padded\">\u2013 Europeerne er overbevist om dette. Polen er helt overbevist. Baltikum mener de st\u00e5r f\u00f8rst for tur, sier Quigley.<\/p>\n<p class=\"_paragraph_o9xde_4 _paragraph_xtcu6_10 layout-component text-serif-m layout-normal text-serif-m layout-padded\">Russland kontrollerer rundt 20 prosent av Ukrainas territorium, inkludert st\u00f8rstedelen av Luhansk og Donetsk \u2013 provinsene som utgj\u00f8r det industrielle hjertet i Donbas \u2013 samt deler av Zaporizjzja- og Kherson-provinsene og Krim, den strategisk viktige Svartehavs\u00adhalv\u00f8ya.<\/p>\n<p class=\"_paragraph_o9xde_4 _paragraph_xtcu6_10 layout-component text-serif-m layout-normal text-serif-m layout-padded\">Putin hevder at Krim og alle de fire provinsene tilh\u00f8rer Russland. Samtidig presser Trump Kyiv til \u00e5 trekke sine styrker ut av den lille delen av Donetsk de fortsatt kontrollerer, som del av et foresl\u00e5tt fredsopplegg, if\u00f8lge to kilder med kjennskap til saken. Dette er et krav Ukrainas president Volodymyr Zelenskyj og de fleste ukrainere avviser.<\/p>\n<p>Tulsi Gabbard: Krigspropaganda<\/p>\n<p class=\"_paragraph_o9xde_4 _paragraph_xtcu6_10 layout-component text-serif-m layout-normal text-serif-m layout-padded\">\u2013 Presidentens team har gjort enorme fremskritt n\u00e5r det gjelder \u00e5 f\u00e5 slutt p\u00e5 krigen, og Trump har sagt at en fredsavtale er n\u00e6rmere enn noen gang, sa en tjenesteperson i Det hvite hus, uten \u00e5 kommentere etterretningsrapportene.<\/p>\n<p class=\"_paragraph_o9xde_4 _paragraph_xtcu6_10 layout-component text-serif-m layout-normal text-serif-m layout-padded\"> I et <a href=\"https:\/\/x.com\/TulsiGabbard\/status\/2002503405156151648\" class=\"_link_o9xde_39\" rel=\"nofollow\">innlegg p\u00e5 X l\u00f8rdag<\/a> rykket USAs etterretningssjef Tulsi Gabbard kraftig ut mot kildene Reuters har snakket med i denne saken.<\/p>\n<p class=\"_paragraph_o9xde_4 _paragraph_xtcu6_10 layout-component text-serif-m layout-normal text-serif-m layout-padded\">\u00abKrigshissere i \u00abden dype staten\u00bb og deres propagandamedier fors\u00f8ker igjen \u00e5 undergrave president Trumps arbeid for \u00e5 skape fred i Ukraina \u2013 ja, i Europa \u2013 ved feilaktig \u00e5 hevde at \u00abdet amerikanske etterretningsmilj\u00f8et\u00bb deler og st\u00f8tter EU\/Natos syn om at Russlands m\u00e5l er \u00e5 invadere og erobre Europa (for \u00e5 piske opp st\u00f8tte til deres krigsvennlige politikk). Sannheten er at amerikansk etterretning vurderer at Russland ikke engang har kapasitet til \u00e5 erobre og okkupere Ukraina, langt mindre \u00abinvadere og okkupere\u00bb Europa\u00bb, skrev hun.<\/p>\n<p>Stor uenighet<\/p>\n<p class=\"_paragraph_o9xde_4 _paragraph_xtcu6_10 layout-component text-serif-m layout-normal text-serif-m layout-padded\">Trumps forhandlere \u2013 svigers\u00f8nnen Jared Kushner og milliard\u00e6ren og eiendomsutvikleren Steve Witkoff \u2013 har i flere uker forhandlet om en fredsplan i 20 punkter med ukrainske, russiske og europeiske tjenestepersoner.<\/p>\n<p class=\"_paragraph_o9xde_4 _paragraph_xtcu6_10 layout-component text-serif-m layout-normal text-serif-m layout-padded\">Selv om amerikanske tjenestepersoner sier det er gjort framgang, gjenst\u00e5r store uenigheter, s\u00e6rlig om territorium.<\/p>\n<p class=\"_paragraph_o9xde_4 _paragraph_xtcu6_10 layout-component text-serif-m layout-normal text-serif-m layout-padded\">Kushner og Witkoff m\u00f8tte fredag ukrainske forhandlere i Miami og skulle holde samtaler med russiske representanter i l\u00f8pet av helgen, opplyste en tjenesteperson i Det hvite hus.<\/p>\n<p class=\"_paragraph_o9xde_4 _paragraph_xtcu6_10 layout-component text-serif-m layout-normal text-serif-m layout-padded\">Amerikanske, ukrainske og europeiske forhandlere n\u00e5dde mandag en bred enighet i samtaler i Berlin om det fire europeiske diplomater og to kilder omtaler som robuste, USA-st\u00f8ttede sikkerhetsgarantier for Ukraina mot framtidig russisk aggresjon.<\/p>\n<p>Sikkerhetsgarantier<\/p>\n<p class=\"_paragraph_o9xde_4 _paragraph_xtcu6_10 layout-component text-serif-m layout-normal text-serif-m layout-padded\">\u00c9n kilde og \u00e9n diplomat sa at disse garantiene forutsetter at president Volodymyr Zelenskyj g\u00e5r med p\u00e5 \u00e5 avst\u00e5 territorium til Russland. Andre diplomater avviste dette og sa at alternative l\u00f8sninger fortsatt vurderes, ettersom Zelenskyj har utelukket \u00e5 avgi territorium.<\/p>\n<p class=\"_paragraph_o9xde_4 _paragraph_xtcu6_10 layout-component text-serif-m layout-normal text-serif-m layout-padded\">If\u00f8lge diplomatene inneb\u00e6rer garantiene, som skal tre i kraft etter at en fredsavtale er undertegnet, utplassering av en i hovedsak europeisk sikkerhetsstyrke i nabolandene og i deler av Ukraina, men borte fra frontlinjene, for \u00e5 bidra til \u00e5 avverge eventuelle framtidige russiske angrep.<\/p>\n<p class=\"_paragraph_o9xde_4 _paragraph_xtcu6_10 layout-component text-serif-m layout-normal text-serif-m layout-padded\">Ukrainas milit\u00e6re styrker vil bli begrenset til 800.000 soldater, if\u00f8lge \u00e9n kilde. Flere diplomater sier imidlertid at Russland \u00f8nsker en lavere grense, noe amerikanerne er \u00e5pne for.<\/p>\n<p>Etterretningsst\u00f8tte fra USA<\/p>\n<p class=\"_paragraph_o9xde_4 _paragraph_xtcu6_10 layout-component text-serif-m layout-normal text-serif-m layout-padded\">USA vil yte etterretningsst\u00f8tte og annen st\u00f8tte, og pakken vil bli ratifisert av det amerikanske Senatet, opplyser diplomatene. If\u00f8lge to kilder med kjennskap til samtalene vil Washingtons plan ogs\u00e5 omfatte USA-st\u00f8ttede luftpatruljer over Ukraina.<\/p>\n<p class=\"_paragraph_o9xde_4 _paragraph_xtcu6_10 layout-component text-serif-m layout-normal text-serif-m layout-padded\">Zelenskyj uttrykte torsdag skepsis til forslagene og sa: \u00abDet er et sp\u00f8rsm\u00e5l jeg fortsatt ikke f\u00e5r svar p\u00e5: Hva vil disse sikkerhetsgarantiene faktisk gj\u00f8re?\u00bb<\/p>\n<p class=\"_paragraph_o9xde_4 _paragraph_xtcu6_10 layout-component text-serif-m layout-normal text-serif-m layout-padded\">Det er ogs\u00e5 stor usikkerhet knyttet til om Putin vil g\u00e5 med p\u00e5 slike garantier, ettersom han gjentatte ganger har avvist utplassering av utenlandske styrker i Ukraina.<\/p>\n<p>Holder fast ved territorielle krav<\/p>\n<p class=\"_paragraph_o9xde_4 _paragraph_xtcu6_10 layout-component text-serif-m layout-normal text-serif-m layout-padded\">Putin tilb\u00f8d ingen kompromisser under sin \u00e5rlige pressekonferanse fredag, selv om han sa at han var klar til \u00e5 diskutere fred.<\/p>\n<p class=\"_paragraph_o9xde_4 _paragraph_xtcu6_10 layout-component text-serif-m layout-normal text-serif-m layout-padded\">Han sa at hans vilk\u00e5r m\u00e5tte innfris, ettersom de russiske styrkene har rykket fram 6.000 kvadratkilometer i \u00e5r.<\/p>\n<p class=\"_paragraph_o9xde_4 _paragraph_xtcu6_10 layout-component text-serif-m layout-normal text-serif-m layout-padded\">Det er uklart hvordan amerikanske tjenestepersoner har svart p\u00e5 Putins krav. Witkoff har tidligere antydet at Russland har rett til \u00e5 gj\u00f8re krav p\u00e5 de fire provinsene og Krim.<\/p>\n<p class=\"_paragraph_o9xde_4 _paragraph_xtcu6_10 layout-component text-serif-m layout-normal text-serif-m layout-padded\">\u2013 Jeg vet ikke om Putin \u00f8nsker \u00e5 inng\u00e5 en avtale, eller om Putin \u00f8nsker \u00e5 ta hele landet, sa utenriksminister Marco Rubio p\u00e5 en pressekonferanse fredag.<\/p>\n<p class=\"_paragraph_o9xde_4 _paragraph_xtcu6_10 layout-component text-serif-m layout-normal text-serif-m layout-padded\">\u2013 Vi vet hva de \u00f8nsket \u00e5 oppn\u00e5 da krigen startet. De har ikke oppn\u00e5dd disse m\u00e5lene, sa han.<\/p>\n","protected":false},"excerpt":{"rendered":"Dette gjelder ogs\u00e5 land som i dag er medlemmer av Nato, if\u00f8lge seks kilder med kjennskap til amerikansk&hellip;\n","protected":false},"author":2,"featured_media":118659,"comment_status":"","ping_status":"","sticky":false,"template":"","format":"standard","meta":{"footnotes":""},"categories":[12],"tags":[20,21,24,25,15,22,23,233,13,30,28,29,14,16,26,27,489,42,186,43,44,45],"class_list":{"0":"post-118658","1":"post","2":"type-post","3":"status-publish","4":"format-standard","5":"has-post-thumbnail","7":"category-verden","8":"tag-breaking-news","9":"tag-breakingnews","10":"tag-featured-news","11":"tag-featurednews","12":"tag-headlines","13":"tag-latest-news","14":"tag-latestnews","15":"tag-nato","16":"tag-news","17":"tag-no","18":"tag-norge","19":"tag-norway","20":"tag-nyheter","21":"tag-overskrifter","22":"tag-top-stories","23":"tag-topstories","24":"tag-ukraina","25":"tag-verden","26":"tag-vladimir-putin","27":"tag-world","28":"tag-world-news","29":"tag-worldnews"},"share_on_mastodon":{"url":"https:\/\/pubeurope.com\/@no\/115756448046409706","error":""},"_links":{"self":[{"href":"https:\/\/www.europesays.com\/no\/wp-json\/wp\/v2\/posts\/118658","targetHints":{"allow":["GET"]}}],"collection":[{"href":"https:\/\/www.europesays.com\/no\/wp-json\/wp\/v2\/posts"}],"about":[{"href":"https:\/\/www.europesays.com\/no\/wp-json\/wp\/v2\/types\/post"}],"author":[{"embeddable":true,"href":"https:\/\/www.europesays.com\/no\/wp-json\/wp\/v2\/users\/2"}],"replies":[{"embeddable":true,"href":"https:\/\/www.europesays.com\/no\/wp-json\/wp\/v2\/comments?post=118658"}],"version-history":[{"count":0,"href":"https:\/\/www.europesays.com\/no\/wp-json\/wp\/v2\/posts\/118658\/revisions"}],"wp:featuredmedia":[{"embeddable":true,"href":"https:\/\/www.europesays.com\/no\/wp-json\/wp\/v2\/media\/118659"}],"wp:attachment":[{"href":"https:\/\/www.europesays.com\/no\/wp-json\/wp\/v2\/media?parent=118658"}],"wp:term":[{"taxonomy":"category","embeddable":true,"href":"https:\/\/www.europesays.com\/no\/wp-json\/wp\/v2\/categories?post=118658"},{"taxonomy":"post_tag","embeddable":true,"href":"https:\/\/www.europesays.com\/no\/wp-json\/wp\/v2\/tags?post=118658"}],"curies":[{"name":"wp","href":"https:\/\/api.w.org\/{rel}","templated":true}]}}