{"id":118664,"date":"2025-12-21T07:48:13","date_gmt":"2025-12-21T07:48:13","guid":{"rendered":"https:\/\/www.europesays.com\/no\/118664\/"},"modified":"2025-12-21T07:48:13","modified_gmt":"2025-12-21T07:48:13","slug":"vilde-humstad-aasmo-friidrett-vilde-humstad-aasmo-gjorde-stor-endring-identitetskrise","status":"publish","type":"post","link":"https:\/\/www.europesays.com\/no\/118664\/","title":{"rendered":"Vilde Humstad Aasmo, Friidrett | Vilde Humstad Aasmo gjorde stor endring: \u2013 Identitetskrise"},"content":{"rendered":"\n<p>Etter \u00e5 ha holdt p\u00e5 med friidrett store deler av livet og satset p\u00e5 fulltid i flere \u00e5r, var det plutselig noe som endret seg for Vilde Humstad Aasmo.<\/p>\n<p>En lengre periode med skader og en dalende motivasjon gjorde at hun forsto at noe m\u00e5tte gj\u00f8res.<\/p>\n<p>Hun beskriver det hele som en identitetskrise og forklarer at det er vanskelig \u00e5 tenke p\u00e5 tiden etter idrettskarrieren, n\u00e5r hun hele livet har v\u00e6rt \u00abl\u00f8peren Vilde\u00bb.<\/p>\n<p>Sandnes-jenta er r\u00e5dvill og usikker p\u00e5 hva fremtiden bringer.<\/p>\n<p>Men hun nekter \u00e5 gi opp f\u00f8r hun har gitt idrettskarrieren et siste fors\u00f8k.<\/p>\n<p>\u2013 Jeg har begynt \u00e5 se p\u00e5 muligheter for n\u00e5r jeg legger opp. Ikke fordi jeg skal legge opp, men jeg vet jo at om dette fortsetter, s\u00e5 vil jeg slutte. Det er en trygghet i \u00e5 vite hva jeg skal gj\u00f8re etterp\u00e5, sier Aasmo til Nettavisen.<\/p>\n<p>   <img decoding=\"async\" width=\"804\" height=\"978\" fetchpriority=\"low\"  loading=\"lazy\"  src=\"https:\/\/www.europesays.com\/no\/wp-content\/uploads\/2025\/12\/2A57B083-8154-476A-9D64-8610760D12E5_1_105_c.jpeg\" alt=\"\" class=\"brick-c-cFOWSL\" style=\"--brick-image-ratio: 804 \/ 978;\"\/><\/p>\n<p>      LANG MERITTLISTE: Vilde Humstad Aasmo har vunnet flere NM-gull.<br \/>\n      Foto: Privat\n    <\/p>\n<p>  Dro p\u00e5 reise<\/p>\n<p>27-\u00e5ringen har tatt flere NM-gull, men aldri sl\u00e5tt gjennom p\u00e5 den internasjonale scenen. Hun beskriver at hun har v\u00e6rt sta og f\u00f8lt at hun ikke har f\u00e5tt ut sitt potensial.<\/p>\n<p>Helheten av f\u00f8lelsene knyttet til idretten har n\u00e5 blitt vanskelig.<\/p>\n<p>\u2013 Jeg har hatt en knekk. Etter sesongen tok jeg meg en god pause for \u00e5 la kroppen f\u00e5 hvile skikkelig. Jeg dro til Mexico og Costa Rica og fors\u00f8kte \u00e5 ha en mer avslappet holdning til ting.<\/p>\n<p>\u2013 F\u00f8r har jeg lagt alt til siden for \u00e5 forberede meg mot en ny sesong. Jeg har trent over lang tid uten at man f\u00f8ler at man f\u00e5r noe igjen for det.<\/p>\n<p>   <img decoding=\"async\" width=\"1179\" height=\"930\" fetchpriority=\"low\"  loading=\"lazy\"  src=\"https:\/\/www.europesays.com\/no\/wp-content\/uploads\/2025\/12\/3F3B3AB9-D86F-481C-9C33-6A1E6DF8D948_1_201_a.jpeg\" alt=\"Screenshot\" class=\"brick-c-cFOWSL\" style=\"--brick-image-ratio: 1179 \/ 930;\"\/><\/p>\n<p>      VURDERINGSFASE: Vilde Humstad Aasmo er usikker p\u00e5 veien videre.<br \/>\n      Foto: Privat\n    <\/p>\n<p><b>Les ogs\u00e5: <a href=\"https:\/\/www.nettavisen.no\/sport\/bilder-av-schweinsteiger-og-elskerinnen-spres-pa-nett\/s\/5-95-2768616\" rel=\"Follow nofollow noopener\" target=\"_blank\">Bildene av ektemannens elskerinne spres p\u00e5 nett<\/a><\/b><\/p>\n<p>Tidligere har Aasmo sagt nei til mye, for \u00e5 fokusere p\u00e5 trening og konkurranse. N\u00e5 har hun bestemt seg for \u00e5 v\u00e6re mer \u00e5pen for \u00e5 gj\u00f8re ting utenfor idretten og \u00abv\u00e5ge\u00bb \u00e5 utforske et mer ordin\u00e6rt liv.<\/p>\n<p>\u00c5 teste ut en vanlig hverdag krever mye for sprinteren, som hele tiden balanserer mellom \u00e5 fors\u00f8ke \u00e5 finne en ny vei, samtidig som hun trener nok til \u00e5 kunne prestere p\u00e5 friidrettsbanen.<\/p>\n<p>\u2013 Jeg snakker med venner og typen min om dette, men det er ingen som helt skj\u00f8nner hva jeg st\u00e5r i. De forst\u00e5r ikke hvordan det er \u00e5 v\u00e6re idrettsut\u00f8ver.<\/p>\n<p>   <img decoding=\"async\" width=\"1179\" height=\"1514\" fetchpriority=\"low\"  loading=\"lazy\"  src=\"https:\/\/www.europesays.com\/no\/wp-content\/uploads\/2025\/12\/IMG_4881.JPEG\" alt=\"Screenshot\" class=\"brick-c-cFOWSL\" style=\"--brick-image-ratio: 1179 \/ 1514;\"\/><\/p>\n<p>      USIKKER FREMTID: Vilde Aasmo m\u00e5 ta flere valg knyttet til egen karriere.<br \/>\n      Foto: Privat\n    <\/p>\n<p>  Tjener penger p\u00e5 sosiale medier<\/p>\n<p>Livet ellers byr p\u00e5 en hel del muligheter for Aasmo. Ved siden av karrieren p\u00e5 friidrettsbanen har hun nemlig tjent gode penger p\u00e5 sosiale medier. Over 64.000 mennesker f\u00f8lger henne p\u00e5 Instagram.<\/p>\n<p>Det har \u00e5pnet flere d\u00f8rer.<\/p>\n<p>\u2013 Det er ikke s\u00e5 mye penger i idretten for min del, s\u00e5 det har v\u00e6rt avgj\u00f8rende med sosiale medier. Det er en g\u00f8y ting p\u00e5 siden og det er lett \u00e5 kombinere. Jeg tar litt bilder og video p\u00e5 trening, men det g\u00e5r aldri utover \u00f8ktene.<\/p>\n<p><b>Les ogs\u00e5: <a href=\"https:\/\/www.nettavisen.no\/sport\/kronprins-haakon-apner-for-vm-tur-til-usa\/s\/5-95-2770085\" rel=\"Follow nofollow noopener\" target=\"_blank\">Kronprins Haakon \u00e5pner for VM-tur til USA<\/a><\/b><\/p>\n<p>De siste to \u00e5rene har arbeidet med sosiale medier v\u00e6rt en jobb og gitt henne en inntekt hun kan leve av. <\/p>\n<p>Til tross for at hun er utdannet politi, er det den kreative siden hun \u00f8nsker \u00e5 utforske n\u00e5r friidrettskarrieren ender.<\/p>\n<p>   <img decoding=\"async\" width=\"1169\" height=\"1462\" fetchpriority=\"low\"  loading=\"lazy\"  src=\"https:\/\/www.europesays.com\/no\/wp-content\/uploads\/2025\/12\/88BAABC2-3293-4ECA-8944-9737F0514391_1_201_a.jpeg\" alt=\"Screenshot\" class=\"brick-c-cFOWSL\" style=\"--brick-image-ratio: 1169 \/ 1462;\"\/><\/p>\n<p>      SPRINTER: Vilde Aasmo vurderer ulike alternativer for hva hun skal gj\u00f8re etter karriereslutt.<br \/>\n      Foto: Privat\n    <\/p>\n<p>Akkurat n\u00e5 er planen \u00e5 fortsette som sprinter, dersom motivasjonen og gleden kommer krypende tilbake. Hun t\u00f8r imidlertid ikke sette seg noen m\u00e5l for neste sesong, fordi hun ikke \u00f8nsker forventninger. <\/p>\n<p>P\u00e5 veien til nye konkurranser p\u00e5 ny\u00e5ret, kommer livet til \u00e5 handle om mer enn idrett. Hun tror man presterer bedre om man har det bra.<\/p>\n<p>\u2013 Det er en vanskelig omstilling. Jeg f\u00f8ler at jeg er l\u00f8peren Vilde og identifiserer meg veldig med det, men n\u00e5 tillater jeg meg selv \u00e5 gj\u00f8re ting som gir meg glede.<\/p>\n<p>\u2013 Neste uke for eksempel, s\u00e5 skal jeg til London. Det hadde jeg aldri tillat meg \u00e5 gj\u00f8re tidligere, fordi jeg mister flere dager med trening. <\/p>\n","protected":false},"excerpt":{"rendered":"Etter \u00e5 ha holdt p\u00e5 med friidrett store deler av livet og satset p\u00e5 fulltid i flere \u00e5r,&hellip;\n","protected":false},"author":2,"featured_media":118665,"comment_status":"","ping_status":"","sticky":false,"template":"","format":"standard","meta":{"footnotes":""},"categories":[59],"tags":[30,28,29,83,82],"class_list":{"0":"post-118664","1":"post","2":"type-post","3":"status-publish","4":"format-standard","5":"has-post-thumbnail","7":"category-sport","8":"tag-no","9":"tag-norge","10":"tag-norway","11":"tag-sport","12":"tag-sports"},"share_on_mastodon":{"url":"https:\/\/pubeurope.com\/@no\/115756460337975234","error":""},"_links":{"self":[{"href":"https:\/\/www.europesays.com\/no\/wp-json\/wp\/v2\/posts\/118664","targetHints":{"allow":["GET"]}}],"collection":[{"href":"https:\/\/www.europesays.com\/no\/wp-json\/wp\/v2\/posts"}],"about":[{"href":"https:\/\/www.europesays.com\/no\/wp-json\/wp\/v2\/types\/post"}],"author":[{"embeddable":true,"href":"https:\/\/www.europesays.com\/no\/wp-json\/wp\/v2\/users\/2"}],"replies":[{"embeddable":true,"href":"https:\/\/www.europesays.com\/no\/wp-json\/wp\/v2\/comments?post=118664"}],"version-history":[{"count":0,"href":"https:\/\/www.europesays.com\/no\/wp-json\/wp\/v2\/posts\/118664\/revisions"}],"wp:featuredmedia":[{"embeddable":true,"href":"https:\/\/www.europesays.com\/no\/wp-json\/wp\/v2\/media\/118665"}],"wp:attachment":[{"href":"https:\/\/www.europesays.com\/no\/wp-json\/wp\/v2\/media?parent=118664"}],"wp:term":[{"taxonomy":"category","embeddable":true,"href":"https:\/\/www.europesays.com\/no\/wp-json\/wp\/v2\/categories?post=118664"},{"taxonomy":"post_tag","embeddable":true,"href":"https:\/\/www.europesays.com\/no\/wp-json\/wp\/v2\/tags?post=118664"}],"curies":[{"name":"wp","href":"https:\/\/api.w.org\/{rel}","templated":true}]}}