{"id":118666,"date":"2025-12-21T07:49:21","date_gmt":"2025-12-21T07:49:21","guid":{"rendered":"https:\/\/www.europesays.com\/no\/118666\/"},"modified":"2025-12-21T07:49:21","modified_gmt":"2025-12-21T07:49:21","slug":"jan-thomas-og-harlem-legger-seg-flate-etter-spok","status":"publish","type":"post","link":"https:\/\/www.europesays.com\/no\/118666\/","title":{"rendered":"Jan Thomas og Harlem legger seg flate etter sp\u00f8k"},"content":{"rendered":"<p class=\"kicker \" style=\"\">Jan Thomas og Harlem Alexander:\u00a0<\/p>\n<p>  Kjendisparet skapte full forvirring etter Instagram-innlegg.\u00a0<\/p>\n<p>\n    SP\u00d8KEFUGLER: Harlem Alexander og Jan Thomas dro en aldri s\u00e5 liten sp\u00f8k med f\u00f8lgerne sine fredag. Foto: Skjermbilde: @janthomaofficial \/ Instagram\n  <\/p>\n<p>I sommer kunne Se og H\u00f8r avsl\u00f8re at Jan Thomas (58) og Harlem Alexander (38) var p\u00e5 flyttefot. Paret hadde nemlig<a href=\"https:\/\/www.seher.no\/kjendis\/nytt-gledessjokk\/83229262\" rel=\"nofollow noopener\" target=\"_blank\"> byttet ut Frogner-leiligheten til fordel for et hus p\u00e5 Nes\u00f8ya.\u00a0<\/a><\/p>\n<p> &#8211; Vi er veldig godt forn\u00f8yd med huskj\u00f8pet og gleder oss til \u00e5 lage et nytt hjem og starte et nytt kapittel p\u00e5 Nes\u00f8ya, sa Jan Thomas til Se og H\u00f8r.\u00a0<\/p>\n<p>        <img loading=\"lazy\" decoding=\"async\" src=\"https:\/\/www.europesays.com\/no\/wp-content\/uploads\/2025\/12\/84015370.webp\" width=\"667\" height=\"467\" title=\"SKOGSLYKKE: Jan Thomas og Harlems nye hus er omkranset av skog og mark. Foto: Shad Madian \/ Se og H\u00f8r\" alt=\"\" class=\"\" style=\"--aspect-ratio-image: 1.43; \"\/><\/p>\n<p>\n        SKOGSLYKKE: Jan Thomas og Harlems nye hus er omkranset av skog og mark. Foto: Shad Madian \/ Se og H\u00f8r\n    <\/p>\n<p>P\u00e5 tidspunktet paret kj\u00f8pte huset delte de at de ikke hadde planer om \u00e5 pusse opp, men at de ville\u00a0\u00absette sitt eget preg p\u00e5 huset\u00bb. Arbeidet ble derimot litt mer omfattende enn f\u00f8rst tenkt, og endte med full renovering.\u00a0<\/p>\n<p class=\"font-weight-bold m-font-weight-bold\" data-lab-font_weight=\"font-weight-bold\">I et innlegg p\u00e5 <a href=\"https:\/\/www.instagram.com\/p\/DSdbgyoCPfH\/?img_index=1\" rel=\"nofollow noopener\" target=\"_blank\">Instagram\u00a0<\/a> delte Harlem fredag flere bilder fra innsiden av huset p\u00e5 Nes\u00f8ya.\u00a0<\/p>\n<p>        <img loading=\"lazy\" decoding=\"async\" src=\"https:\/\/www.europesays.com\/no\/wp-content\/uploads\/2025\/12\/84015289.webp\" width=\"667\" height=\"834\" title=\"INSPIRERT AV F\u00d8RSTE M\u00d8TE: \u00abJan og jeg m\u00f8ttes jo i S\u00f8r-Afrika\u00bb, skrev Harlem og refererte til det dyriske interi\u00f8ret. Foto: Skjermbilde: @harlemalexander \/ Instagram\" alt=\"\" class=\"\" style=\"--aspect-ratio-image: 0.80; \"\/><\/p>\n<p>\n        INSPIRERT AV F\u00d8RSTE M\u00d8TE: \u00abJan og jeg m\u00f8ttes jo i S\u00f8r-Afrika\u00bb, skrev Harlem og refererte til det dyriske interi\u00f8ret. Foto: Skjermbilde: @harlemalexander \/ Instagram\n    <\/p>\n<p>        <img loading=\"lazy\" decoding=\"async\" src=\"https:\/\/www.europesays.com\/no\/wp-content\/uploads\/2025\/12\/84015290.webp\" width=\"667\" height=\"788\" title=\"BOBLEBAD MED STROBELYS: Harlem delte ogs\u00e5 et bilde av det han hevdet er parets uteomr\u00e5de. \u00abHer blir det fest\u00bb, skrev han. Foto: Skjermbilde: @harlemalexander \/ Instagram\" alt=\"\" class=\"\" style=\"--aspect-ratio-image: 0.85; \"\/><\/p>\n<p>\n        BOBLEBAD MED STROBELYS: Harlem delte ogs\u00e5 et bilde av det han hevdet er parets uteomr\u00e5de. \u00abHer blir det fest\u00bb, skrev han. Foto: Skjermbilde: @harlemalexander \/ Instagram\n    <\/p>\n<p> \u00abN\u00e5 begynner det endelig \u00e5 ligne p\u00e5 dr\u00f8mmehjemmet v\u00e5rt slik vi har sett det for oss. Litt kjedelig \u00e5 dra p\u00e5 ferie n\u00e5 som ting begynner \u00e5 ta form, men vi gleder oss s\u00e5 til \u00e5 komme hjem til dette i januar\u00bb, skrev han innledningsvis.\u00a0<\/p>\n<p>Han fortsatte:\u00a0<\/p>\n<p class=\"font-weight-bold m-font-weight-bold\" data-lab-font_weight=\"font-weight-bold\">\u00abVi har pr\u00f8vd \u00e5 gjenspeile reisen v\u00e5r fra S\u00f8r-Afrika til i dag, og f\u00e5tt inn fine, unike elementer, men beholdt det i beige og jordtoner for \u00e5 tone det litt ned. Akkurat slik jeg liker det. Og som Jan sier: \u00abLess is more\u00bb. Det er selvf\u00f8lgelig ikke ferdig, med det er s\u00e5 g\u00f8y \u00e5 se fremgangen. S\u00e5 spent p\u00e5 \u00e5 h\u00f8re hva dere synes\u00bb.\u00a0<\/p>\n<p>        <img loading=\"lazy\" decoding=\"async\" src=\"https:\/\/www.europesays.com\/no\/wp-content\/uploads\/2025\/12\/84015295.webp\" width=\"667\" height=\"874\" title=\"R\u00d8D L\u00d8PER: Ned trappen hevdet Harlem at de hadde lagt en r\u00f8d l\u00f8per. Foto: Skjermbilde: @harlemalexander \/ Instagram\" alt=\"\" class=\"\" style=\"--aspect-ratio-image: 0.76; \"\/><\/p>\n<p>\n        R\u00d8D L\u00d8PER: Ned trappen hevdet Harlem at de hadde lagt en r\u00f8d l\u00f8per. Foto: Skjermbilde: @harlemalexander \/ Instagram\n    <\/p>\n<p>        <img loading=\"lazy\" decoding=\"async\" src=\"https:\/\/www.europesays.com\/no\/wp-content\/uploads\/2025\/12\/84015291.webp\" width=\"667\" height=\"894\" title=\"\u00abSOVEROMMET\u00bb: \u00abDu kan jo gjette hvem side som er min\u00bb, skrev Harlem. Foto: Skjermbilde: @harlemalexander \/ Instagram\" alt=\"\" class=\"\" style=\"--aspect-ratio-image: 0.75; \"\/><\/p>\n<p>\n        \u00abSOVEROMMET\u00bb: \u00abDu kan jo gjette hvem side som er min\u00bb, skrev Harlem. Foto: Skjermbilde: @harlemalexander \/ Instagram\n    <\/p>\n<p>Reaksjonene haglet\u00a0\u00a0\t<\/p>\n<p>Jan Thomas delte selv et eget innlegg med de samme bildene, hvor han ikke la skjul p\u00e5 fortvilelsen over interi\u00f8ret:\u00a0<\/p>\n<p> \u00abJeg hadde alts\u00e5 ikke hjerte til \u00e5 si noe der og da men SERI\u00d8ST. Er dette et hjem eller et rop om hjelp i m\u00f8belform. Jeg st\u00e5r midt mellom latterkrampe og stille indre sammenbrudd, og lurer oppriktig p\u00e5 om jeg skal ringe interi\u00f8rpolitiet psykologen eller FN. Takk og lov reiser jeg til Mexico i morgen, for dette klarer jeg ikke \u00e5 prosessere p\u00e5 norsk jord, men vi kan jo ikke leve s\u00e5nn her folkens. Hva synes dere helt \u00e6rlig. Hva sier man n\u00e5r man kommer hjem til DETTE, og later som alt er helt ekte helt fint og helt normalt. Hjelp meg n\u00e5 f\u00f8r jeg mister b\u00e5de stilen og forstanden. FYI dette var ikke gratis for \u00e5 si det s\u00e5nn!\u00bb <\/p>\n<p>        SKAL VI DANSE: Under finalens f\u00f8rste dans ser det ut til at Viggo Venn plutselig mister balansen. Video: TV2 og R\u00f8d L\u00f8per. Reporter: Thea Hope<\/p>\n<p>I kommentarfeltet til Harlem skrev blant andre Jan Thomas\u2019 niese , influenseren Helene Myhre (29):\u00a0<\/p>\n<p class=\"font-weight-bold m-font-weight-bold\" data-lab-font_weight=\"font-weight-bold\">\u00abS\u00e5 koselig at du innfrir onkels \u00f8nske om r\u00f8d l\u00f8per i trappen\u00bb.\u00a0<\/p>\n<p>    <a itemprop=\"url\" href=\"https:\/\/www.seher.no\/kjendis\/svarer-pa-romanseryktene\/84015265\" rel=\"nofollow noopener\" target=\"_blank\"><\/p>\n<p>        <img loading=\"lazy\" decoding=\"async\" src=\"https:\/\/www.europesays.com\/no\/wp-content\/uploads\/2025\/12\/84015301.webp\" width=\"147\" height=\"98\" title=\"Svarer p\u00e5 romanseryktene\" alt=\"\" class=\"lazyload\" style=\"--aspect-ratio-image: 1.50; \"\/><\/p>\n<p>        Svarer p\u00e5 romanseryktene <\/p>\n<p>    <\/a><\/p>\n<p> \u00abM\u00e5 huske p\u00e5 at s\u00e5nne som moren min bl\u00e5kopierer alt dere gj\u00f8r s\u00e5 dette vil f\u00e5 konsekvenser\u00bb, skrev influenser Marna Haugen (44) sp\u00f8kefullt.\u00a0<\/p>\n<p>\u00abOiiiii. Dette var noe helt annerledes og kult. G\u00f8y at Afrika er et tema\u00bb, skrev en annen f\u00f8lger.\u00a0<\/p>\n<p>        \u00abSPILLET\u00bb: Magnus Helle l\u00f8y til de andre deltakerne om dette. Video: \u00abSpillet\u00bb\/TV 2, R\u00f8d L\u00f8per\/ Nora Skavhaug<\/p>\n<p class=\"font-weight-bold m-font-weight-bold\" data-lab-font_weight=\"font-weight-bold\">Det var derimot ikke alle som gikk p\u00e5 Harlems bilder fra hjemmet.\u00a0<\/p>\n<p>\u00a0\u00abHmmmmm&#8230;.Denne g\u00e5r jeg ikke p\u00e5!\u00bb skrev en, mens en annen skrev:\u00a0<\/p>\n<p> \u00abHaha, du tok nettopp AI til next level!!\u00bb <\/p>\n<p>\u00abHer har AI hatt det travelt\u00bb, skriver en til, mens en annen skrev:<\/p>\n<p>\u00abSkrekk og gru!!! H\u00e5per dette er en sp\u00f8k?\u00bb<\/p>\n<p>    <a itemprop=\"url\" href=\"https:\/\/www.seher.no\/kongelig\/en-utfordrende-balansegang\/83989699\" rel=\"nofollow noopener\" target=\"_blank\"><\/p>\n<p>        <img loading=\"lazy\" decoding=\"async\" src=\"https:\/\/www.europesays.com\/no\/wp-content\/uploads\/2025\/12\/83990727.webp\" width=\"147\" height=\"98\" title=\"- En utfordrende balansegang\" alt=\"\" class=\"lazyload\" style=\"--aspect-ratio-image: 1.50; \"\/><\/p>\n<p>        &#8211; En utfordrende balansegang<\/p>\n<p>    <\/a><\/p>\n<p>&#8211; Hadde ikke samvittighet lenger\u00a0\t<\/p>\n<p class=\"font-weight-light m-font-weight-light\" data-lab-font_weight=\"font-weight-light\">Ettersom det er delte meninger rundt om hvorvidt bildene faktisk er ekte eller ikke, har paret n\u00e5 delt en video for \u00e5 oppklare Instagram-innleggene.\u00a0<\/p>\n<p class=\"font-weight-bold m-font-weight-bold\" data-lab-font_weight=\"font-weight-bold\">&#8211; Okei, folkens. N\u00e5 hadde jeg ikke samvittighet lenger. Bildene som var lagt ut med Harlem som interi\u00f8rarkitekt &#8211; det er bare tull. Det er en stor flopp, innr\u00f8mmer paret.\u00a0<\/p>\n<p class=\"font-weight-light m-font-weight-light\" data-lab-font_weight=\"font-weight-light\">I innlegget skriver Jan Thomas og Harlem at de fant noen AI-redigerte bilder som viste en interi\u00f8rstil som absolutt ikke gjenspeiler dem.\u00a0\u00a0<\/p>\n<p class=\"font-weight-bold m-font-weight-bold\" data-lab-font_weight=\"font-weight-bold\">\u00abDere er helt utrolig s\u00f8te og heier p\u00e5 oss uansett, men vi m\u00e5 nok skuffe noen og si at disse bildene ikke var ekte\u00bb, forklarer de, og legger til at det var mye m\u00f8bler de skulle ha som ikke kom.\u00a0<\/p>\n<p class=\"font-weight-light m-font-weight-light\" data-lab-font_weight=\"font-weight-light\">&#8211;\u00a0 Vi har f\u00e5tt telefonsamtaler, meldinger, bekymringsmeldinger, alts\u00e5: \u00abHar det klikket helt for Harlem n\u00e5?\u00bb sier Harlem i videoen.\u00a0<\/p>\n<p>        SLIK VAR \u00c5RET: 2025 var preget av offisielle oppdrag, utfordringer og store overskrifter. Reporter: Caroline Vagle. Video: Kine Falch<\/p>\n<p class=\"font-weight-light m-font-weight-light\" data-lab-font_weight=\"font-weight-light\">\u00abMen dere, n\u00e5r huset er helt ferdig og det er det n\u00e5r vi kommer tilbake, da er den riktige sofaen p\u00e5 plass. Og da skal dere f\u00e5 en ordentlig &#8216;tour&#8217;\u00bb, legger Jan Thomas til.\u00a0<\/p>\n<p class=\"font-weight-light m-font-weight-light\" data-lab-font_weight=\"font-weight-light\">I kommentarfeltet str\u00f8mmer det inn med latteremojier fra f\u00f8lgerne, som viser at sp\u00f8ken falt i god jord.\u00a0<\/p>\n<p><script async src=\"\/\/www.instagram.com\/embed.js\"><\/script><\/p>\n","protected":false},"excerpt":{"rendered":"Jan Thomas og Harlem Alexander:\u00a0 Kjendisparet skapte full forvirring etter Instagram-innlegg.\u00a0 SP\u00d8KEFUGLER: Harlem Alexander og Jan Thomas dro&hellip;\n","protected":false},"author":2,"featured_media":118667,"comment_status":"","ping_status":"","sticky":false,"template":"","format":"standard","meta":{"footnotes":""},"categories":[58],"tags":[4104,71,7251,2286,479,30,28,29,2280,72],"class_list":{"0":"post-118666","1":"post","2":"type-post","3":"status-publish","4":"format-standard","5":"has-post-thumbnail","7":"category-underholdning","8":"tag-eksklusivt","9":"tag-entertainment","10":"tag-harlem-alexander","11":"tag-jan-thomas","12":"tag-kjendis","13":"tag-no","14":"tag-norge","15":"tag-norway","16":"tag-skal-vi-danse","17":"tag-underholdning"},"share_on_mastodon":{"url":"https:\/\/pubeurope.com\/@no\/115756463859338353","error":""},"_links":{"self":[{"href":"https:\/\/www.europesays.com\/no\/wp-json\/wp\/v2\/posts\/118666","targetHints":{"allow":["GET"]}}],"collection":[{"href":"https:\/\/www.europesays.com\/no\/wp-json\/wp\/v2\/posts"}],"about":[{"href":"https:\/\/www.europesays.com\/no\/wp-json\/wp\/v2\/types\/post"}],"author":[{"embeddable":true,"href":"https:\/\/www.europesays.com\/no\/wp-json\/wp\/v2\/users\/2"}],"replies":[{"embeddable":true,"href":"https:\/\/www.europesays.com\/no\/wp-json\/wp\/v2\/comments?post=118666"}],"version-history":[{"count":0,"href":"https:\/\/www.europesays.com\/no\/wp-json\/wp\/v2\/posts\/118666\/revisions"}],"wp:featuredmedia":[{"embeddable":true,"href":"https:\/\/www.europesays.com\/no\/wp-json\/wp\/v2\/media\/118667"}],"wp:attachment":[{"href":"https:\/\/www.europesays.com\/no\/wp-json\/wp\/v2\/media?parent=118666"}],"wp:term":[{"taxonomy":"category","embeddable":true,"href":"https:\/\/www.europesays.com\/no\/wp-json\/wp\/v2\/categories?post=118666"},{"taxonomy":"post_tag","embeddable":true,"href":"https:\/\/www.europesays.com\/no\/wp-json\/wp\/v2\/tags?post=118666"}],"curies":[{"name":"wp","href":"https:\/\/api.w.org\/{rel}","templated":true}]}}