{"id":118672,"date":"2025-12-21T07:55:08","date_gmt":"2025-12-21T07:55:08","guid":{"rendered":"https:\/\/www.europesays.com\/no\/118672\/"},"modified":"2025-12-21T07:55:08","modified_gmt":"2025-12-21T07:55:08","slug":"elverum-handball-sport-overtok-tabelltoppen-etter-sjokktap-ostlendingen","status":"publish","type":"post","link":"https:\/\/www.europesays.com\/no\/118672\/","title":{"rendered":"Elverum H\u00e5ndball, Sport | Overtok tabelltoppen etter sjokktap &#8211; \u00d8stlendingen"},"content":{"rendered":"<ol>\n<li><a href=\"https:\/\/news.google.com\/rss\/articles\/CBMihAFBVV95cUxPZXhmZFozWk9XNzdnc3h6WUxfVWJhTHF0QlYzODRSbERwdm00UnJMNkFhYWZONE94VU1iNnpjaWtvVkNSazBIT2FaSDhxdnlJTmtQbVZlNVhQMzIwQ3dUQW15VzlkSzdjRTRuVVFSeUFObTVjbUMyQ2oxTmtIaHN3dzcxR3k?oc=5\" target=\"_blank\" rel=\"nofollow noopener\">Elverum H\u00e5ndball, Sport | Overtok tabelltoppen etter sjokktap<\/a>&nbsp;&nbsp;\u00d8stlendingen<\/li>\n<li><a href=\"https:\/\/news.google.com\/rss\/articles\/CBMiogFBVV95cUxNUjRzbmNBMkdDdkxxODFoNXJqMGJHT0lCWWpEUmtJUEx4V3B4Q2pnd3lLaHM5Ml81dTNCUWwxZGlZUVFKeG1zZDRLZDRQczgxakRLOG5tWDNIWjRWY2NublpBRml6RGVQMzZDanlSdGQyQi1HUzZVYUU1aW5MTzAzQVBicnh5eEFoOG9ESGt1bkZ2TU1lM3JOWDlDLTdicXpoaGc?oc=5\" target=\"_blank\" rel=\"nofollow noopener\">S\u00e5 fullt at VM-vinnerne m\u00e5tte sitte i trappa<\/a>&nbsp;&nbsp;NRK<\/li>\n<li><a href=\"https:\/\/news.google.com\/rss\/articles\/CBMif0FVX3lxTE00X3RYa1hqSTBYZDYxeEYzM3p5alU3SHUwSVpQc21nQkZaYWRQLUo0Q1htRlJ4b0dpWHlZOElZZG5IYTNmM1NGUzBBYm5KMmN1SUhncWk4X2RfLWFrVWFzZ0ZyeXJScnljemJoazNlSTNFQW0zbE5YTlZ2aVpTVW8?oc=5\" target=\"_blank\" rel=\"nofollow noopener\">Snytt for festen \u2013 svak f\u00f8rsteomgang \u00f8dela<\/a>&nbsp;&nbsp;Norsk Topph\u00e5ndball<\/li>\n<li><a href=\"https:\/\/news.google.com\/rss\/articles\/CBMihAFBVV95cUxNUWFmeHFWU1RJTmg2TWxOclNJUG02X2dGMGcyZEowcl9kMFEta05lZndJcThiVmM5d0pNXzdOQ1J6YW51a3hQYWtQSTNrNVZzZ0JHUzA5ak5JUXhFQ2I4T3drWFdWTEgxazE2SGNCY3diVnJyZXhITVpXbENxVEJMNGNzTjM?oc=5\" target=\"_blank\" rel=\"nofollow noopener\">Full hall? Fortvil ikke \u2013 Drammen vs Elverum vises p\u00e5 TV 2 Direkte<\/a>&nbsp;&nbsp;Norsk Topph\u00e5ndball<\/li>\n<li><a href=\"https:\/\/news.google.com\/rss\/articles\/CBMipwFBVV95cUxPbVoyT2w4UGRMRnRJbVdvd2RBcnpkMk9ISDJiX3NtMFNwZHFzcy1Cc2xsQ09QM0F0a1N2MDRmR0doMW5zSGR5LVNVZ0t4T2xxSng1UUhBRTZsZWlhZVFoVVphSVRjZHZaQjY2Rk5OM3Q0bl9HR20zUm83Z0kxYm8xazhKWDN3aE1ndWRncG5YckYwMXlhV2NfTHJtNWg4Zmp3WWl6RTY2MA?oc=5\" target=\"_blank\" rel=\"nofollow noopener\">Elverum kontrollerte oppgj\u00f8ret og tok to sterke poeng i Drammenshallen<\/a>&nbsp;&nbsp;Norsk Topph\u00e5ndball<\/li>\n<\/ol>\n","protected":false},"excerpt":{"rendered":"Elverum H\u00e5ndball, Sport | Overtok tabelltoppen etter sjokktap&nbsp;&nbsp;\u00d8stlendingen S\u00e5 fullt at VM-vinnerne m\u00e5tte sitte i trappa&nbsp;&nbsp;NRK Snytt for&hellip;\n","protected":false},"author":2,"featured_media":118673,"comment_status":"","ping_status":"","sticky":false,"template":"","format":"standard","meta":{"footnotes":""},"categories":[59],"tags":[30,28,29,83,82],"class_list":{"0":"post-118672","1":"post","2":"type-post","3":"status-publish","4":"format-standard","5":"has-post-thumbnail","7":"category-sport","8":"tag-no","9":"tag-norge","10":"tag-norway","11":"tag-sport","12":"tag-sports"},"share_on_mastodon":{"url":"https:\/\/pubeurope.com\/@no\/115756487466148216","error":""},"_links":{"self":[{"href":"https:\/\/www.europesays.com\/no\/wp-json\/wp\/v2\/posts\/118672","targetHints":{"allow":["GET"]}}],"collection":[{"href":"https:\/\/www.europesays.com\/no\/wp-json\/wp\/v2\/posts"}],"about":[{"href":"https:\/\/www.europesays.com\/no\/wp-json\/wp\/v2\/types\/post"}],"author":[{"embeddable":true,"href":"https:\/\/www.europesays.com\/no\/wp-json\/wp\/v2\/users\/2"}],"replies":[{"embeddable":true,"href":"https:\/\/www.europesays.com\/no\/wp-json\/wp\/v2\/comments?post=118672"}],"version-history":[{"count":0,"href":"https:\/\/www.europesays.com\/no\/wp-json\/wp\/v2\/posts\/118672\/revisions"}],"wp:featuredmedia":[{"embeddable":true,"href":"https:\/\/www.europesays.com\/no\/wp-json\/wp\/v2\/media\/118673"}],"wp:attachment":[{"href":"https:\/\/www.europesays.com\/no\/wp-json\/wp\/v2\/media?parent=118672"}],"wp:term":[{"taxonomy":"category","embeddable":true,"href":"https:\/\/www.europesays.com\/no\/wp-json\/wp\/v2\/categories?post=118672"},{"taxonomy":"post_tag","embeddable":true,"href":"https:\/\/www.europesays.com\/no\/wp-json\/wp\/v2\/tags?post=118672"}],"curies":[{"name":"wp","href":"https:\/\/api.w.org\/{rel}","templated":true}]}}