{"id":118676,"date":"2025-12-21T08:00:33","date_gmt":"2025-12-21T08:00:33","guid":{"rendered":"https:\/\/www.europesays.com\/no\/118676\/"},"modified":"2025-12-21T08:00:33","modified_gmt":"2025-12-21T08:00:33","slug":"slik-blir-vaeret-i-sapmi-i-romjula-nrk-sapmi","status":"publish","type":"post","link":"https:\/\/www.europesays.com\/no\/118676\/","title":{"rendered":"Slik blir v\u00e6ret i S\u00e1pmi i romjula \u2013 NRK S\u00e1pmi"},"content":{"rendered":"<p>For de fleste stedene er svaret nei.<\/p>\n<p>\u2013 Her til lands jakter man p\u00e5 en hvit jul uten hell, sier meteorolog Charalampos Sarchosidis.\n<\/p>\n<p><img decoding=\"async\"   src=\"data:image\/gif;base64,R0lGODlhAQABAIAAAAAAAP\/\/\/yH5BAEAAAAALAAAAAABAAEAAAIBRAA7\" loading=\"eager\" alt=\"Vinteren tilbake i nord\" title=\"Foto: NRK\"\/><\/p>\n<p class=\"\"> Meteorolog Charalampos Sarchosidis synes det b\u00f8r v\u00e6re sn\u00f8 p\u00e5 bakken for optimalt julev\u00e6r.<\/p>\n<p>Foto: NRK<\/p>\n<p>Desember har v\u00e6rt mild, og slik vil det fortsette \u2013 i hvert fall i store deler av Norge. NRK har tatt en titt p\u00e5 hvordan v\u00e6ret i de samiske spr\u00e5kforvaltningskommunene vil bli i jula.<\/p>\n<p>Dersom du f\u00e5r julestemning av sn\u00f8 og kulde, b\u00f8r du vende snuten nordover. Finnmark blir julens v\u00e6rvinner, i hvert fall om sn\u00f8 er kriteriet for \u00e5 stikke av med seieren.<\/p>\n<p>        Er det viktig for deg med sn\u00f8 p\u00e5 julaften?<\/p>\n<p>        Ja, sn\u00f8 gir masse julestemningen\u2603\ufe0f<\/p>\n<p>        Nei, det viktigste er \u00e5 feire med n\u00e6re og kj\u00e6re\ud83c\udf84<\/p>\n<p>      Vis resultat<\/p>\n<p class=\"pin-nrkno-poll__disclaimer\">\n    Denne avstemningen viser ikke hva befolkningen mener om sp\u00f8rsm\u00e5let.<br \/>\n    Resultatet viser hva de som selv har valgt \u00e5 stemme mener,<br \/>\n    og avstemningen har ikke et utvalg som gj\u00f8r den representativ for alle som bor i landet.\n  <\/p>\n<p>Tr\u00f8ndelag<\/p>\n<p>For sn\u00e5sningene forblir nok dr\u00f8mmen om en skikkelig hvit jul en dr\u00f8m. Den sn\u00f8en som allerede ligger p\u00e5 bakken er ikke noe s\u00e6rlig \u00e5 skryte av, og dagene frem mot jul best\u00e5r av plussgrader. N\u00e6rmere julaften vil temperaturen derimot synke til omtrent null grader.<\/p>\n<p><img decoding=\"async\"   src=\"data:image\/gif;base64,R0lGODlhAQABAIAAAAAAAP\/\/\/yH5BAEAAAAALAAAAAABAAEAAAIBRAA7\" loading=\"eager\" alt=\"Bilde av en gressplen uten sn\u00f8\" title=\"Foto: Solveig Norberg \/ NRK\"\/><\/p>\n<p class=\"\">Det blir muligens en ganske gr\u00f8nn jul i Sn\u00e5sa.<\/p>\n<p>Foto: Solveig Norberg \/ NRK<\/p>\n<p>I R\u00f8yrvik og R\u00f8ros blir det derimot stort sett minusgrader.<\/p>\n<p>Alle tr\u00f8ndelagskommunene kan i hvert fall glede seg over at det ikke er meldt noe s\u00e6rlig nedb\u00f8r p\u00e5 julaften, verken regn eller sn\u00f8.<\/p>\n<p><img decoding=\"async\"   src=\"data:image\/gif;base64,R0lGODlhAQABAIAAAAAAAP\/\/\/yH5BAEAAAAALAAAAAABAAEAAAIBRAA7\" loading=\"eager\" alt=\"Vinter p\u00e5 R\u00f8ros\" title=\"Foto: Kjell J\u00f8ran Hansen NRK\"\/><\/p>\n<p class=\"\">Dette bildet er litt misvisende da det er fra 2019. I \u00e5r ligger det ikke like mye sn\u00f8 i R\u00f8ros sentrum. Men sn\u00f8en som har lagt seg, f\u00e5r nok bli til julaften.<\/p>\n<p>Foto: Kjell J\u00f8ran Hansen NRK<\/p>\n<p>Nordland<\/p>\n<p>Av de to samiske kommunene i Nordland sier meteorologen at det er Hattfjelldal som har st\u00f8rst sjanse for minusgrader og sn\u00f8.<\/p>\n<p>Det er fordi Hattfjelldal ligger langt inne i landet. Hamar\u00f8y kan derimot forvente plussgrader.<\/p>\n<p>\u2013 Det er egentlig den generelle regelen: Jo n\u00e6rmere havet man er, jo st\u00f8rre er sannsynligheten for plussgrader. Og s\u00e5 m\u00e5 man bevege seg litt lenger inn i landet for \u00e5 f\u00e5 lavere temperatur. S\u00e5 hvis det er veldig viktig med sn\u00f8, s\u00e5 m\u00e5 man nok holde seg unna kysten, sier Sarchosidis.<\/p>\n<p>Men ogs\u00e5 i Hattfjelldal vil det kunne komme nedb\u00f8r b\u00e5de i form av regn og sn\u00f8.<\/p>\n<p><img decoding=\"async\"   src=\"data:image\/gif;base64,R0lGODlhAQABAIAAAAAAAP\/\/\/yH5BAEAAAAALAAAAAABAAEAAAIBRAA7\" loading=\"eager\" alt=\"Drag, Hamar\u00f8y\" title=\"Foto: NRK\"\/><\/p>\n<p class=\"\">Mye av sn\u00f8en som la seg i Drag i Hamar\u00f8y kommune tidligere i desember har nok forsvunnet til julaften.<\/p>\n<p>Foto: NRK<\/p>\n<p>Troms<\/p>\n<p>I Troms er det tre samiske spr\u00e5kforvaltningskommuner: K\u00e5fjord, Lavangen og Tjeldsund. Her er nok dr\u00f8mmen om en hvit jul ganske fjern. I hvert fall dersom du feirer den i lavlandet.<\/p>\n<p>\u2013 Det ser ikke s\u00e5 lyst ut her, sier Sarchosidis.<\/p>\n<p>K\u00e5fjord, som er den nordligste av de tre kommunene f\u00e5r litt kaldere v\u00e6r. Der vil det v\u00e6re mer lokale variasjoner i temperatur og v\u00e6r, og de mest kystn\u00e6re str\u00f8kene ser ut til \u00e5 f\u00e5 plussgrader.<\/p>\n<p><img decoding=\"async\"   src=\"data:image\/gif;base64,R0lGODlhAQABAIAAAAAAAP\/\/\/yH5BAEAAAAALAAAAAABAAEAAAIBRAA7\" loading=\"eager\" alt=\"Et juletre dekorert med pynt og utsmykninger (Bildebeskrivelsen er laget av en KI-tjeneste)\" title=\"Foto: Gorm Kallestad \/ NTB\"\/><\/p>\n<p class=\"\">Noen steder kan man m\u00e5tte s\u00f8rge for julestemningen innend\u00f8rs.<\/p>\n<p>Foto: Gorm Kallestad \/ NTB<\/p>\n<p>Man trenger heldigvis ikke \u00e5 reise langt for \u00e5 sikre seg minusgrader og sn\u00f8.<\/p>\n<p>\u2013 Man m\u00e5 nok lenger inn i landet og litt opp i h\u00f8yden for \u00e5 finne eventuelt sn\u00f8, sier meteorologen.<\/p>\n<p>Lavangen og Tjeldsund kommune venter for det meste plussgrader frem mot jul, og det blir nok ikke mer sn\u00f8 enn den som allerede er der.<\/p>\n<p>\u2013 Dessverre kommer nedb\u00f8ren de neste dagene som regn. S\u00e5 her er det ikke like bra julestemning i vente, sier meteorologen.<\/p>\n<p><img decoding=\"async\"   src=\"data:image\/gif;base64,R0lGODlhAQABAIAAAAAAAP\/\/\/yH5BAEAAAAALAAAAAABAAEAAAIBRAA7\" loading=\"eager\" alt=\"Bilde av gress med litt smeltet sn\u00f8 p\u00e5\" title=\"Foto: Solveig Norberg \/ NRK\"\/><\/p>\n<p class=\"\">Julestemningen i kystkommunene m\u00e5 du nok s\u00f8rge for \u00e5 skaffe uten masse sn\u00f8 &#8230;<\/p>\n<p>Foto: Solveig Norberg \/ NRK<\/p>\n<p>Finnmark<\/p>\n<p>V\u00e6ret i de samiske spr\u00e5kforvaltningskommunene i Finnmark blir relativt likt fra sted til sted.<\/p>\n<p>Et fellestrekk er at himmelen er m\u00f8rk store deler av d\u00f8gnet, mens bakken vil holde seg hvit.<\/p>\n<p><img decoding=\"async\"   src=\"data:image\/gif;base64,R0lGODlhAQABAIAAAAAAAP\/\/\/yH5BAEAAAAALAAAAAABAAEAAAIBRAA7\" loading=\"eager\" alt=\"Juletider i Karasjok\" title=\"Foto: June Gr\u00f8nnvoll Bj\u00f8rnback \/ NRK\"\/><\/p>\n<p>Foto: June Gr\u00f8nnvoll Bj\u00f8rnback \/ NRK<\/p>\n<p>I Karasjok, Kautokeino, Porsanger, Nesseby og Tana har det allerede lagt seg et godt sn\u00f8lag, og sn\u00f8en forblir i jula.<\/p>\n<p>Temperaturene vil synke frem mot julaften, men de holder seg fremdeles p\u00e5 minusgrader.<\/p>\n<p>\u2013 Jeg syns det skal v\u00e6re sn\u00f8 i jula. S\u00e5 jeg vill valgt Karasjok, Kautokeino, Porsanger, Tana og Nesseby. Her f\u00e5r man hvit jul ogs\u00e5 i lavlandet, sier Charalampos Sarchosidis.<\/p>\n<p><strong>I tillegg til en hvit jul, ser det ut som at Finnmark slipper storm i \u00e5r<\/strong><\/p>\n<p>\u2013 S\u00e5 ikke noen stormfulle dager i vente som kan \u00f8delegge for transporten, sier han.<\/p>\n<p>Kom deg opp i h\u00f8yden for \u00e5 f\u00e5 en hvit jul<\/p>\n<p>\u2013 Hvis man vil ha minusgrader, s\u00e5 m\u00e5 man nok lenger inn i landet eller litt opp i h\u00f8yden, sier Charalampos Sarchosidis.<\/p>\n<p><img decoding=\"async\"   src=\"data:image\/gif;base64,R0lGODlhAQABAIAAAAAAAP\/\/\/yH5BAEAAAAALAAAAAABAAEAAAIBRAA7\" loading=\"eager\" alt=\"Bilde av et fjell med sn\u00f8 p\u00e5\" title=\"Foto: Solveig Norberg \/ NRK\"\/><\/p>\n<p class=\"\">Dersom du vil ha minusgrader og sn\u00f8 p\u00e5 julaften b\u00f8r du reise opp i h\u00f8yden.<\/p>\n<p>Foto: Solveig Norberg \/ NRK<\/p>\n<p>Meteorologen konkluderer med at \u00abv\u00e6rtaperne\u00bb denne jula er kystkommunene, da s\u00e6rlig Hamar\u00f8y, Tjeldsund og Lavangen. Vinnerne er klart Finnmarkskommunene.<\/p>\n<p>\u2013 De kommer nok stort sett til \u00e5 ha det mildt og perioder med regn neste uke, de neste dagene, sier han om \u00abtaperkommunene\u00bb.<\/p>\n<p>Men det forventes uansett ikke noe skikkelig uv\u00e6r i noen av de samiske kommunene p\u00e5 julaften.<\/p>\n<p>Publisert<\/p>\n<p>20.12.2025, kl. 09.03<\/p>\n","protected":false},"excerpt":{"rendered":"For de fleste stedene er svaret nei. \u2013 Her til lands jakter man p\u00e5 en hvit jul uten&hellip;\n","protected":false},"author":2,"featured_media":118677,"comment_status":"","ping_status":"","sticky":false,"template":"","format":"standard","meta":{"footnotes":""},"categories":[10],"tags":[20,21,24,25,15,22,23,13,30,28,29,14,16,26,27],"class_list":{"0":"post-118676","1":"post","2":"type-post","3":"status-publish","4":"format-standard","5":"has-post-thumbnail","7":"category-norge","8":"tag-breaking-news","9":"tag-breakingnews","10":"tag-featured-news","11":"tag-featurednews","12":"tag-headlines","13":"tag-latest-news","14":"tag-latestnews","15":"tag-news","16":"tag-no","17":"tag-norge","18":"tag-norway","19":"tag-nyheter","20":"tag-overskrifter","21":"tag-top-stories","22":"tag-topstories"},"share_on_mastodon":{"url":"https:\/\/pubeurope.com\/@no\/115756507047004784","error":""},"_links":{"self":[{"href":"https:\/\/www.europesays.com\/no\/wp-json\/wp\/v2\/posts\/118676","targetHints":{"allow":["GET"]}}],"collection":[{"href":"https:\/\/www.europesays.com\/no\/wp-json\/wp\/v2\/posts"}],"about":[{"href":"https:\/\/www.europesays.com\/no\/wp-json\/wp\/v2\/types\/post"}],"author":[{"embeddable":true,"href":"https:\/\/www.europesays.com\/no\/wp-json\/wp\/v2\/users\/2"}],"replies":[{"embeddable":true,"href":"https:\/\/www.europesays.com\/no\/wp-json\/wp\/v2\/comments?post=118676"}],"version-history":[{"count":0,"href":"https:\/\/www.europesays.com\/no\/wp-json\/wp\/v2\/posts\/118676\/revisions"}],"wp:featuredmedia":[{"embeddable":true,"href":"https:\/\/www.europesays.com\/no\/wp-json\/wp\/v2\/media\/118677"}],"wp:attachment":[{"href":"https:\/\/www.europesays.com\/no\/wp-json\/wp\/v2\/media?parent=118676"}],"wp:term":[{"taxonomy":"category","embeddable":true,"href":"https:\/\/www.europesays.com\/no\/wp-json\/wp\/v2\/categories?post=118676"},{"taxonomy":"post_tag","embeddable":true,"href":"https:\/\/www.europesays.com\/no\/wp-json\/wp\/v2\/tags?post=118676"}],"curies":[{"name":"wp","href":"https:\/\/api.w.org\/{rel}","templated":true}]}}